{"id":57570,"date":"2018-12-12T10:23:18","date_gmt":"2018-12-12T09:23:18","guid":{"rendered":"https:\/\/www.foment.com\/tercera-edicio-del-programa-de-foment-i-iese-per-impulsar-el-lideratge-de-la-dona-en-les-empreses\/"},"modified":"2018-12-12T12:53:21","modified_gmt":"2018-12-12T11:53:21","slug":"tercera-edicion-del-programa-de-foment-y-iese-para-impulsar-el-liderazgo-de-la-mujer-en-las-empresas","status":"publish","type":"post","link":"https:\/\/www.foment.com\/es\/tercera-edicion-del-programa-de-foment-y-iese-para-impulsar-el-liderazgo-de-la-mujer-en-las-empresas\/","title":{"rendered":"Tercera edici\u00f3n del programa de Foment y IESE para impulsar el liderazgo de la mujer en las empresas"},"content":{"rendered":"<p>Foment del Treball y la escuela de negocios IESE ofrecen por tercer a\u00f1o consecutivo un programa de sesiones formativas dirigidas a impulsar el liderazgo de la mujer en las empresas. De este modo, el Foment y IESE han renovado por tercer a\u00f1o consecutivo el acuerdo de colaboraci\u00f3n que persigue el objetivo de facilitar t\u00e9cnicas y herramientas a las mujeres en el mundo de la empresa para eliminar las barreras que les impiden progresar seg\u00fan sus m\u00e9ritos y ejercer un mayor liderazgo con serenidad, \u00e9xito y satisfacci\u00f3n.<\/p>\n<p>La patronal y la escuela de negocios han dise\u00f1ado un programa de sesiones de desarrollo profesional y personal a trav\u00e9s de formadoras y formadores de reconocido prestigio y de unas sesiones din\u00e1micas, pr\u00e1cticas e interactivas con las participantes, que les permitan adquirir competencias a trav\u00e9s de un proceso de aprendizaje que integre conocimientos, habilidades y actitudes. En este contexto se realizar\u00e1n tres jornadas formativas dirigidas a las directivas de las empresas que integran Fomento y sus organizaciones asociadas que se impartir\u00e1n los d\u00edas 14 y 28 de marzo y el 4 de abril de 2019. Las sesiones las impartir\u00e1n expertos reconocidos: Nuria Chinchilla, Helena Navarro, Beatriz Fern\u00e1ndez-Tubau Rod\u00e9s, Marta Maiques, Mireia de las Heras y Roman Zabal.<\/p>\n<h3>Programa de las jornadas<\/h3>\n<ul>\n<li>14 DE MARZO 2019 \u201c<a href=\"https:\/\/www.foment.com\/es\/events\/jornadas-entrenando-tu-talento-competencia-liderazgo\/?l=L2&amp;_cldee=bXNhbmNoZXpAZmVwaW1lLmNvbQ=&amp;recipientid=contact-26e90623f10ae71199a7005056b24941-0903b9a7c84f4214aee10a217c8ae12e&amp;esid=29a4ab75-42fd-e811-9821-005056b24941\" target=\"_blank\" rel=\"noopener\">COMUNICACI\u00d3N, UNA COMPETENCIA DE LIDERAZGO<\/a>\u00ab, a cargo de Nuria Chinchilla y con un taller de Helena Navarro sobre nuevas habilidades comunicativas en un entorno interconectado. El objetivo es profundizar en aquellas habilidades comunicativas necesarias para responder a la complejidad de un mundo interconectado y hasta qu\u00e9 punto estas habilidades afectan la interacci\u00f3n con clientes, empleados, partners y otros Stakeholders en el nuevo entorno en el que todo son conversaciones.<\/li>\n<li>28 DE MARZO 2019 \u201c<a href=\"https:\/\/www.foment.com\/es\/events\/jornadas-entrenando-tu-talento-comunicacion-una-competencia-de-liderazgo\/?l=L2&amp;_cldee=bXNhbmNoZXpAZmVwaW1lLmNvbQ=&amp;recipientid=contact-26e90623f10ae71199a7005056b24941-0903b9a7c84f4214aee10a217c8ae12e&amp;esid=29a4ab75-42fd-e811-9821-005056b24941\" target=\"_blank\" rel=\"noopener\">COMUNICACI\u00d3N EN LA RESOLUCI\u00d3N DE CONFLICTOS<\/a>\u201d, a cargo de Beatriz Fdez-Tubau y Marta Maiques, donde se abordar\u00e1 la manera de comunicarse para obtener un resultado \u00f3ptimo en la resoluci\u00f3n de conflictos y se dar\u00e1n herramientas de comportamiento y lenguaje (verbal y no verbal), as\u00ed como de interpretaci\u00f3n de los mismos en la otra parte. Asimismo, se expondr\u00e1 como el <em>Design Thinking<\/em> es una metodolog\u00eda para desarrollar la innovaci\u00f3n centrada en las personas, gracias a la cual se pueden observar los retos, detectar necesidades y, finalmente, solucionarlas.<\/li>\n<li>4 DE ABRIL 2019 \u201c<a href=\"https:\/\/www.foment.com\/es\/events\/jornadas-entrenando-tu-talento-comunicacion-una-competencia-de-liderazgo-2\/?l=L2&amp;_cldee=bXNhbmNoZXpAZmVwaW1lLmNvbQ=&amp;recipientid=contact-26e90623f10ae71199a7005056b24941-0903b9a7c84f4214aee10a217c8ae12e&amp;esid=29a4ab75-42fd-e811-9821-005056b24941\" target=\"_blank\" rel=\"noopener\">CLAUS PER A UNA COMUNICACI\u00d3 SENSIBLE A L&#8217;ENTORN<\/a>\u201d, a cargo de Mireia de las Heras y con un taller de Roman Zabal: se expondr\u00e1 c\u00f3mo la capacidad para escuchar y comunicar con las personas es un eje imprescindible de aportaci\u00f3n de valor, que facilita la hiperconexi\u00f3n con grupos de inter\u00e9s diversos a trav\u00e9s de la participaci\u00f3n activa y el debate. Asimismo, con el taller de Roman Zabal se abordar\u00e1 el Storytelling y la Comunicaci\u00f3n Emocional: la t\u00e9cnica de influencia m\u00e1s poderosa y olvidada en las organizaciones. Las presentaciones basadas en datos dominan en las empresas, con resultados considerablemente mejorables. La construcci\u00f3n de un relato que conecte los deseos y las emociones de nuestra audiencia con nuestros objetivos ampl\u00eda extraordinariamente nuestro potencial influenciador.<\/li>\n<\/ul>\n<h3>Formadores<\/h3>\n<p><a href=\"https:\/\/www.linkedin.com\/in\/nuriachinchillaiese\/\" target=\"_blank\" rel=\"noopener\"><strong>N\u00faria Chinchilla<\/strong><\/a>\u00a0es Profesora Ordinaria del Departamento de Direcci\u00f3n de Personas en las Organizaciones y Directora del Centro Internacional Trabajo y Familia. Licenciada en Econom\u00eda y Derecho y Doctorada en Direcci\u00f3n de Empresas del IESE.<\/p>\n<p><strong><a href=\"https:\/\/www.linkedin.com\/in\/mireialasheras\/\" target=\"_blank\" rel=\"noopener\">Mireia de las Heras<\/a>.<\/strong>\u00a0Profesora Agregada del IESE y ocupa el puesto de Directora de Investigaci\u00f3n del Centro Internacional Trabajo y Familia. Obtuvo su t\u00edtulo como Ingeniera Industrial en la Universitat Polit\u00e8cnica de Catalunya, con la especializaci\u00f3n de Organizaci\u00f3n Industrial. Tambi\u00e9n cuenta con un MBA del IESE, Universidad de Navarra, y es doctora en Administraci\u00f3n de Empresas por la Boston University. En 2009 coedit\u00f3 un libro sobre trabajo y familia titulado A Practical Guide for Implementing Effective Work Family Policies Across Countries. Ha publicado diversos art\u00edculos sobre integraci\u00f3n familiar en el trabajo, desarrollo profesional y liderazgo. Asimismo, est\u00e1 involucrada en un proyecto internacional sobre la gesti\u00f3n de la carrera profesional y trabaja en distintos proyectos centrados en la gesti\u00f3n de la carrera profesional, el dinamismo del \u00e9xito profesional y su relaci\u00f3n con la integraci\u00f3n del trabajo y la familia. Mireia las Heras es consultora y coach de conciliaci\u00f3n familiar y laboral y desarrollo profesional en NCH&amp;Partners.<\/p>\n<p><a href=\"http:\/\/es.linkedin.com\/in\/beatrizftubau\" target=\"_blank\" rel=\"noopener\"><strong>Beatriz Fern\u00e1ndez-Tubau Rod\u00e9s<\/strong><\/a>. Abogada, consultora y formadora en Genero y Empresa y en Familia. Secretaria General de AFAEMME (Federaci\u00f3n de Asociaciones de Empresarias del Mediterr\u00e1neo). Vicepresidenta de FEPIME (Federaci\u00f3 d&#8217;Empresaris de la Petita i Mitjana Empresa de Catalunya). Mediadora y \u00c1rbitro del Consell Superior de Cooperaci\u00f3. Mediadora y Conciliadora en el Tribunal Laboral de Catalunya. Miembro y asesora experta de g\u00e9nero en la Comisi\u00f3n de Dona i Empresa de Foment del Treball. Miembro del Consell de Relacions Laborals de la Generalitat de Catalunya de la Comissi\u00f3 d&#8217;Igualtat de G\u00e8nere i Temps de Treball. Forma parte del Grup T\u00e8cnic de Bretxa Salarial, del Grup T\u00e8cnic de Assetjament laboral i del Grup T\u00e8cnic de l&#8217;\u00fas del temps. Miembro de la Comissi\u00f3 d&#8217;Igualtat de G\u00e8nere &#8211; Acord Interprofessional de Catalunya 2015-2017. Miembro del Observatori de Igualtat de G\u00e8nere. Creadora y directora de proyectos, programas y formaciones de G\u00e9nero y Empresa. Tutora de mediaci\u00f3 previstes al Pla de readaptaci\u00f3 del model de mediaci\u00f3 del CEMICAB als Jutjats de Barcelona. Mediadora Familiar y Empresarial.<\/p>\n<p><a href=\"https:\/\/www.linkedin.com\/in\/mmaiques\/\" target=\"_blank\" rel=\"noopener\"><strong>Marta Maiques Valls<\/strong><\/a>. Directora de comunicaci\u00f3n en AFAEMME (Federaci\u00f3n de Asociaciones de Empresarias del Mediterr\u00e1neo). Experta en estrategias de comunicaci\u00f3n y dise\u00f1o. Entusiasta de la tecnolog\u00eda y de la innovaci\u00f3n digital en las empresas. Formadora en Diversidad, igualdad de g\u00e9nero, design thinking, storytelling y metodolog\u00edas innovadoras para las empresas. Consultora en temas de dise\u00f1o para diversas organizaciones. Desde AFAEMME, (Federaci\u00f3n de Asociaciones de Empresarias del Mediterr\u00e1neo), trabajamos y formamos el empoderamiento de las mujeres, que impartimos en nuestros formaciones \u201coff\u201d e \u201cin\u201d company, ellas son el motor del cambio, y lo hacemos a trav\u00e9s de la innovaci\u00f3n en diversidad e igualdad de g\u00e9nero, del liderazgo, de la motivaci\u00f3n, del networking, y de la comunicaci\u00f3n y habilidades de las mujeres.<\/p>\n<p><strong>Helena Navarro<\/strong>. Experta en consultor\u00eda para el Desarrollo de Personas y Organizaciones. Tiene una amplia experiencia en la gesti\u00f3n de personas, consultor\u00eda creativa y comunicaci\u00f3n, aplicando herramientas como el guion o el storytelling. Licenciada en Ciencias del Trabajo, M\u00e1ster en Direcci\u00f3n de Recursos Humanos y M\u00e1ser en Desarrollo Organizacional y Consultor\u00eda de procesos (GR Global Institute for Organizational Development de Israel). Ha ejercido la Direcci\u00f3n de RH de diversas empresas locales e internacionales como Yves Saint Laurent Beaut\u00e9. Actualmente es socia de Cookie Box, d\u00f3nde est\u00e1 liderando proyectos innovadores relacionados con la transformaci\u00f3n de personas y organizaciones.<\/p>\n<p><strong>Roman Zabal Bustamente<\/strong>.\u00a0Ssocio y Director de Contenidos de Cookie Box. Consultor experto en Storytelling, Marketing Digital e Innovaci\u00f3n. Guionista. Amplia experiencia en creaci\u00f3n de universos narrativos, historias y guiones para conectar las necesidades de comunicaci\u00f3n internas y externas de las empresas con las audiencias a las que \u00e9stas se dirigen, sean de empleados o de clientes. Licenciado en Ciencias de la Informaci\u00f3n por la UAB, MBA por ESADE y la University of Texas (Austin), Posgrado en Social Media Branding &amp; Strategy (La Salle). Ha ejercido la Direcci\u00f3n de Marketing de Aguas de Barcelona y del Grupo Agbar as\u00ed como diversos cargos de responsabilidad en \u00e1reas de Marketing y Comunicaci\u00f3n de diversas empresas durante m\u00e1s de 20 a\u00f1os. Actualmente es responsable de Storytelling y guiones en Cookie Box. En los \u00faltimos 7 a\u00f1os ha escrito m\u00e1s de 100 guiones de pel\u00edculas, cortometrajes, series, teasers, etc. para uso interno o externo, por ejemplo para Accenture, Pernod Ricard, Bosch Siemens, Pfizer, BBVA, Coca Cola, Deutsche Bank, Novartis, Almirall, Sanitas, SEAT.<\/p>\n","protected":false},"excerpt":{"rendered":"<p>Foment del Treball y la escuela de negocios IESE ofrecen por tercer a\u00f1o consecutivo un programa de sesiones formativas dirigidas a impulsar el liderazgo de la mujer en las empresas. De este modo, el Foment y IESE han renovado por tercer a\u00f1o consecutivo el acuerdo de colaboraci\u00f3n que persigue el objetivo de facilitar t\u00e9cnicas y herramientas a las mujeres en el mundo de la empresa para eliminar las barreras que les impiden progresar seg\u00fan sus m\u00e9ritos y ejercer un mayor liderazgo con serenidad, \u00e9xito y satisfacci\u00f3n. La patronal y la escuela de negocios han dise\u00f1ado un programa de sesiones de desarrollo profesional y personal a trav\u00e9s de formadoras y formadores de reconocido prestigio y de unas sesiones din\u00e1micas, pr\u00e1cticas e interactivas con las participantes, que les permitan adquirir competencias a trav\u00e9s de un proceso de aprendizaje que integre conocimientos, habilidades y actitudes. En este contexto se realizar\u00e1n tres jornadas formativas dirigidas a las directivas de las empresas que integran Fomento y sus organizaciones asociadas que se impartir\u00e1n los d\u00edas 14 y 28 de marzo y el 4 de abril de 2019. Las sesiones las impartir\u00e1n expertos reconocidos: Nuria Chinchilla, Helena Navarro, Beatriz Fern\u00e1ndez-Tubau Rod\u00e9s, Marta Maiques, Mireia de las Heras [&hellip;]<\/p>\n","protected":false},"author":24,"featured_media":30408,"comment_status":"closed","ping_status":"closed","sticky":false,"template":"","format":"standard","meta":{"_links_to":"","_links_to_target":""},"categories":[68],"tags":[348,874],"acf":[],"wps_subtitle":"","_links":{"self":[{"href":"https:\/\/www.foment.com\/es\/wp-json\/wp\/v2\/posts\/57570"}],"collection":[{"href":"https:\/\/www.foment.com\/es\/wp-json\/wp\/v2\/posts"}],"about":[{"href":"https:\/\/www.foment.com\/es\/wp-json\/wp\/v2\/types\/post"}],"author":[{"embeddable":true,"href":"https:\/\/www.foment.com\/es\/wp-json\/wp\/v2\/users\/24"}],"replies":[{"embeddable":true,"href":"https:\/\/www.foment.com\/es\/wp-json\/wp\/v2\/comments?post=57570"}],"version-history":[{"count":0,"href":"https:\/\/www.foment.com\/es\/wp-json\/wp\/v2\/posts\/57570\/revisions"}],"wp:featuredmedia":[{"embeddable":true,"href":"https:\/\/www.foment.com\/es\/wp-json\/wp\/v2\/media\/30408"}],"wp:attachment":[{"href":"https:\/\/www.foment.com\/es\/wp-json\/wp\/v2\/media?parent=57570"}],"wp:term":[{"taxonomy":"category","embeddable":true,"href":"https:\/\/www.foment.com\/es\/wp-json\/wp\/v2\/categories?post=57570"},{"taxonomy":"post_tag","embeddable":true,"href":"https:\/\/www.foment.com\/es\/wp-json\/wp\/v2\/tags?post=57570"}],"curies":[{"name":"wp","href":"https:\/\/api.w.org\/{rel}","templated":true}]}}