{"id":58062,"date":"2019-01-18T19:13:53","date_gmt":"2019-01-18T18:13:53","guid":{"rendered":"https:\/\/www.foment.com\/?p=58062"},"modified":"2019-01-21T12:18:27","modified_gmt":"2019-01-21T11:18:27","slug":"el-foment-con-la-cev-en-su-401-aniversario-que-preside-s-m-el-rey","status":"publish","type":"post","link":"https:\/\/www.foment.com\/es\/el-foment-con-la-cev-en-su-401-aniversario-que-preside-s-m-el-rey\/","title":{"rendered":"El Foment, con la CEV en su 40+1 aniversario, que preside S.M. el Rey"},"content":{"rendered":"<p>M\u00e1s de 1.000 empresarias y empresarios de la Comunitat Valenciana se se han reunido este viernes 18 de enero en el Auditorio de la Diputaci\u00f3n de Alicante (ADDA), en el acto central de celebraci\u00f3n del 40+1 Aniversario de la Confederaci\u00f3n Empresarial de la Comunitat Valenciana (CEV)\u00a0<strong>bajo la presidencia de Su Majestad el Rey<\/strong>. El presidente del Foment, Josep S\u00e1nchez Llibre, y el secretario Ggeneral, David Tornos, representaron a las empresas y los empresarios de Catalu\u00f1a en esta commemoraci\u00f3n.<\/p>\n<p>El evento, bajo el lema \u201cLa cultura empresarial que nos representa\u201d, se ha abierto con la intervenci\u00f3n del presidente de la CEV, Salvador Navarro.<\/p>\n<p>La Orquesta de J\u00f3venes de la Provincia de Alicante (OJPA), que por una tarde se ha convertido en la Orquesta de J\u00f3venes de la Comunitat Valenciana al sumarse a ella m\u00fasicos de Valencia y Castell\u00f3n, ha puesto m\u00fasica al acto con la interpretaci\u00f3n de tres piezas musicales.<\/p>\n<p>De manos de Salvador Navarro y de Antonio Garamendi, la presidenta de CEV Valencia, Eva Blasco, y los presidentes de CEV Alicante y CEV Castell\u00f3n, Perfecto Palacio y Sebasti\u00e1n Pla, respectivamente, han recibido un reconocimiento s\u00edmbolo de la uni\u00f3n de las tres provincias y del esfuerzo vertebrador realizado.<\/p>\n<p>El acto se ha cerrado con las intervenciones del presidente de la CEOE, Antonio Garamendi; de la Ministra de Econom\u00eda y Empresa, Nadia Calvi\u00f1o; del President de la Generalitat, Ximo Puig y de Su Majestad el Rey.<\/p>\n","protected":false},"excerpt":{"rendered":"<p>M\u00e1s de 1.000 empresarias y empresarios de la Comunitat Valenciana se se han reunido este viernes 18 de enero en el Auditorio de la Diputaci\u00f3n de Alicante (ADDA), en el acto central de celebraci\u00f3n del 40+1 Aniversario de la Confederaci\u00f3n Empresarial de la Comunitat Valenciana (CEV)\u00a0bajo la presidencia de Su Majestad el Rey. El presidente del Foment, Josep S\u00e1nchez Llibre, y el secretario Ggeneral, David Tornos, representaron a las empresas y los empresarios de Catalu\u00f1a en esta commemoraci\u00f3n. El evento, bajo el lema \u201cLa cultura empresarial que nos representa\u201d, se ha abierto con la intervenci\u00f3n del presidente de la CEV, Salvador Navarro. La Orquesta de J\u00f3venes de la Provincia de Alicante (OJPA), que por una tarde se ha convertido en la Orquesta de J\u00f3venes de la Comunitat Valenciana al sumarse a ella m\u00fasicos de Valencia y Castell\u00f3n, ha puesto m\u00fasica al acto con la interpretaci\u00f3n de tres piezas musicales. De manos de Salvador Navarro y de Antonio Garamendi, la presidenta de CEV Valencia, Eva Blasco, y los presidentes de CEV Alicante y CEV Castell\u00f3n, Perfecto Palacio y Sebasti\u00e1n Pla, respectivamente, han recibido un reconocimiento s\u00edmbolo de la uni\u00f3n de las tres provincias y del esfuerzo vertebrador realizado. El acto se [&hellip;]<\/p>\n","protected":false},"author":24,"featured_media":58063,"comment_status":"closed","ping_status":"closed","sticky":false,"template":"","format":"standard","meta":{"_links_to":"","_links_to_target":""},"categories":[67],"tags":[],"acf":[],"wps_subtitle":"El presidente del Foment, Josep S\u00e1nchez Llibre, y el secretario general, David Tornos, presentes en la gala de aniversario de la organizaci\u00f3n empresarial de la Comunitat Valenciana","_links":{"self":[{"href":"https:\/\/www.foment.com\/es\/wp-json\/wp\/v2\/posts\/58062"}],"collection":[{"href":"https:\/\/www.foment.com\/es\/wp-json\/wp\/v2\/posts"}],"about":[{"href":"https:\/\/www.foment.com\/es\/wp-json\/wp\/v2\/types\/post"}],"author":[{"embeddable":true,"href":"https:\/\/www.foment.com\/es\/wp-json\/wp\/v2\/users\/24"}],"replies":[{"embeddable":true,"href":"https:\/\/www.foment.com\/es\/wp-json\/wp\/v2\/comments?post=58062"}],"version-history":[{"count":0,"href":"https:\/\/www.foment.com\/es\/wp-json\/wp\/v2\/posts\/58062\/revisions"}],"wp:featuredmedia":[{"embeddable":true,"href":"https:\/\/www.foment.com\/es\/wp-json\/wp\/v2\/media\/58063"}],"wp:attachment":[{"href":"https:\/\/www.foment.com\/es\/wp-json\/wp\/v2\/media?parent=58062"}],"wp:term":[{"taxonomy":"category","embeddable":true,"href":"https:\/\/www.foment.com\/es\/wp-json\/wp\/v2\/categories?post=58062"},{"taxonomy":"post_tag","embeddable":true,"href":"https:\/\/www.foment.com\/es\/wp-json\/wp\/v2\/tags?post=58062"}],"curies":[{"name":"wp","href":"https:\/\/api.w.org\/{rel}","templated":true}]}}