{"id":59201,"date":"2019-02-26T13:21:58","date_gmt":"2019-02-26T12:21:58","guid":{"rendered":"https:\/\/www.foment.com\/foment-considera-que-serien-justificades-les-pujades-dimpostos-per-aprovar-els-pressupostos-de-la-generalitat\/"},"modified":"2019-02-26T13:45:32","modified_gmt":"2019-02-26T12:45:32","slug":"foment-considera-que-serian-injustificadas-las-subidas-de-impuestos-para-aprobar-los-presupuestos-de-la-generalitat","status":"publish","type":"post","link":"https:\/\/www.foment.com\/es\/foment-considera-que-serian-injustificadas-las-subidas-de-impuestos-para-aprobar-los-presupuestos-de-la-generalitat\/","title":{"rendered":"Foment considera que ser\u00edan injustificadas las subidas de impuestos para aprobar los Presupuestos de la Generalitat"},"content":{"rendered":"<p>Foment del Treball\u00a0considera que no ser\u00edan justificadas las subidas de impuestos que algunos grupos del Parlament esgrimen para apoyar la propuesta de Presupuestos presentada a ese lunes por el vicepresidente del Govern Pedro Aragon\u00e8s. De hecho, la patronal catalana considera que ahora ya es momento de revertir algunas de las subidas impositivas que se han justificado por la situaci\u00f3n de crisis econ\u00f3mica sufrida en los \u00faltimos a\u00f1os.<\/p>\n<p>Asimismo, el Foment se\u00f1ala que, por el anuncio hecho por el vicepresidente del Gobierno en que informa de los principales rasgos de los presupuestos, la subida relevante del gasto, que recupera ya los niveles precrisis, no es aconsejable hacerla sobre el incremento de la carga impositiva a familias y empresas. Foment valora que se contemple, por un lado fortalecer el Estado de Bienestar, con los fuertes incrementos de gastos en Sanidad y, especialmente en Educaci\u00f3n, as\u00ed como, por otro, en otros departamentos relacionados con la actividad econ\u00f3mica, como son Empresa y Conocimiento, Territorio y Sostenibilidad, entre otros.<\/p>\n<p>La patronal catalana tambi\u00e9n valora la voluntad de la propuesta de alcanzar un d\u00e9ficit p\u00fablico de s\u00f3lo un -0,1% del PIB, coincidente con el objetivo de d\u00e9ficit para el 2019, y que significa que ya, en breve, la Generalidad de Catalu\u00f1a lograr\u00eda el equilibrio presupuestario.<\/p>\n<p>Como ha reiterado en m\u00faltiples ocasiones, el Foment del Treball defiende que disponer de un presupuesto es una herramienta que, por un lado, refuerza la estabilidad pol\u00edtica, que resulta a\u00fan m\u00e1s relevante en un momento de desaceleraci\u00f3n econ\u00f3mica, y por otro lado posibilita la mejora de recursos para atender las necesidades que tiene la sociedad y la econom\u00eda catalana, que dif\u00edcilmente se alcanzar\u00e1n con una pr\u00f3rroga presupuestaria.<\/p>\n","protected":false},"excerpt":{"rendered":"<p>Foment del Treball\u00a0considera que no ser\u00edan justificadas las subidas de impuestos que algunos grupos del Parlament esgrimen para apoyar la propuesta de Presupuestos presentada a ese lunes por el vicepresidente del Govern Pedro Aragon\u00e8s. De hecho, la patronal catalana considera que ahora ya es momento de revertir algunas de las subidas impositivas que se han justificado por la situaci\u00f3n de crisis econ\u00f3mica sufrida en los \u00faltimos a\u00f1os. Asimismo, el Foment se\u00f1ala que, por el anuncio hecho por el vicepresidente del Gobierno en que informa de los principales rasgos de los presupuestos, la subida relevante del gasto, que recupera ya los niveles precrisis, no es aconsejable hacerla sobre el incremento de la carga impositiva a familias y empresas. Foment valora que se contemple, por un lado fortalecer el Estado de Bienestar, con los fuertes incrementos de gastos en Sanidad y, especialmente en Educaci\u00f3n, as\u00ed como, por otro, en otros departamentos relacionados con la actividad econ\u00f3mica, como son Empresa y Conocimiento, Territorio y Sostenibilidad, entre otros. La patronal catalana tambi\u00e9n valora la voluntad de la propuesta de alcanzar un d\u00e9ficit p\u00fablico de s\u00f3lo un -0,1% del PIB, coincidente con el objetivo de d\u00e9ficit para el 2019, y que significa que ya, en [&hellip;]<\/p>\n","protected":false},"author":24,"featured_media":59193,"comment_status":"closed","ping_status":"closed","sticky":false,"template":"","format":"standard","meta":{"_links_to":"","_links_to_target":""},"categories":[114,69],"tags":[1250,505],"acf":[],"wps_subtitle":"De hecho, la patronal catalana cree que habr\u00eda ya revertir algunas de las subidas de impuestos que se ha dado y justificado por la situaci\u00f3n de crisis econ\u00f3mica sufrida en los \u00faltimos a\u00f1os","_links":{"self":[{"href":"https:\/\/www.foment.com\/es\/wp-json\/wp\/v2\/posts\/59201"}],"collection":[{"href":"https:\/\/www.foment.com\/es\/wp-json\/wp\/v2\/posts"}],"about":[{"href":"https:\/\/www.foment.com\/es\/wp-json\/wp\/v2\/types\/post"}],"author":[{"embeddable":true,"href":"https:\/\/www.foment.com\/es\/wp-json\/wp\/v2\/users\/24"}],"replies":[{"embeddable":true,"href":"https:\/\/www.foment.com\/es\/wp-json\/wp\/v2\/comments?post=59201"}],"version-history":[{"count":0,"href":"https:\/\/www.foment.com\/es\/wp-json\/wp\/v2\/posts\/59201\/revisions"}],"wp:featuredmedia":[{"embeddable":true,"href":"https:\/\/www.foment.com\/es\/wp-json\/wp\/v2\/media\/59193"}],"wp:attachment":[{"href":"https:\/\/www.foment.com\/es\/wp-json\/wp\/v2\/media?parent=59201"}],"wp:term":[{"taxonomy":"category","embeddable":true,"href":"https:\/\/www.foment.com\/es\/wp-json\/wp\/v2\/categories?post=59201"},{"taxonomy":"post_tag","embeddable":true,"href":"https:\/\/www.foment.com\/es\/wp-json\/wp\/v2\/tags?post=59201"}],"curies":[{"name":"wp","href":"https:\/\/api.w.org\/{rel}","templated":true}]}}