{"id":59339,"date":"2019-02-27T13:27:24","date_gmt":"2019-02-27T12:27:24","guid":{"rendered":"https:\/\/www.foment.com\/foment-i-fepime-collaboren-amb-loficina-del-parlament-europeu-a-barcelona-per-apropar-les-institucions-de-la-ue-a-ciutadans-i-empreses\/"},"modified":"2019-02-27T14:17:29","modified_gmt":"2019-02-27T13:17:29","slug":"foment-y-fepime-colaboran-con-la-oficina-del-parlamento-europeo-en-barcelona-para-acercar-las-instituciones-de-la-ue-a-ciudadanos-y-empresas","status":"publish","type":"post","link":"https:\/\/www.foment.com\/es\/foment-y-fepime-colaboran-con-la-oficina-del-parlamento-europeo-en-barcelona-para-acercar-las-instituciones-de-la-ue-a-ciudadanos-y-empresas\/","title":{"rendered":"Foment y Fepime colaboran con la Oficina del Parlamento Europeo en Barcelona para acercar las instituciones de la UE a ciudadanos y empresas"},"content":{"rendered":"<p>Foment, <a href=\"http:\/\/www.fepime.cat\/\" target=\"_blank\" rel=\"noopener\">Fepime<\/a> y la\u00a0<a href=\"http:\/\/www.europarl.europa.eu\/spain\/barcelona\/ca\/oficina-a-barcelona\" target=\"_blank\" rel=\"noopener\">Oficina en Barcelona del Parlamento Europeo<\/a>\u00a0coinciden en la necesidad de acercar las instituciones europeas a los ciudadanos y empresas de Catalu\u00f1a. Este mi\u00e9rcoles se han reunido en la sede del Foment el director de la Oficina en Barcelona del Parlamento Europeo, Sergi Barrera, la vicepresidenta del Foment y presidenta de Fepime, Mar\u00eda Helena de Felipe, y el director de internacional de la patronal catalana , K\u00edlian Garcia. Los tres han coincidido en la importancia de estimular la participaci\u00f3n en las pr\u00f3ximas <a href=\"http:\/\/www.europarl.europa.eu\/spain\/barcelona\/ca\/premsa\/eleccions-europees-2019-kit-de-premsa\" target=\"_blank\" rel=\"noopener\">Elecciones Europeas<\/a> que, en nuestro pa\u00eds, contemplan el 26 de mayo para hacer efectivo el voto.<\/p>\n<p>La Uni\u00f3n Europea supone un contexto de interrelaci\u00f3n social y econ\u00f3mica de vital importancia para el tejido productivo de Catalu\u00f1a. Es por ello que, entre otras cosas, el Fomento cuenta con una Comisi\u00f3n de trabajo espec\u00edfica sobre Uni\u00f3n Europea y Programas Europeos que, precisamente, preside Mar\u00eda Helena de Felipe.<\/p>\n","protected":false},"excerpt":{"rendered":"<p>Foment, Fepime y la\u00a0Oficina en Barcelona del Parlamento Europeo\u00a0coinciden en la necesidad de acercar las instituciones europeas a los ciudadanos y empresas de Catalu\u00f1a. Este mi\u00e9rcoles se han reunido en la sede del Foment el director de la Oficina en Barcelona del Parlamento Europeo, Sergi Barrera, la vicepresidenta del Foment y presidenta de Fepime, Mar\u00eda Helena de Felipe, y el director de internacional de la patronal catalana , K\u00edlian Garcia. Los tres han coincidido en la importancia de estimular la participaci\u00f3n en las pr\u00f3ximas Elecciones Europeas que, en nuestro pa\u00eds, contemplan el 26 de mayo para hacer efectivo el voto. La Uni\u00f3n Europea supone un contexto de interrelaci\u00f3n social y econ\u00f3mica de vital importancia para el tejido productivo de Catalu\u00f1a. Es por ello que, entre otras cosas, el Fomento cuenta con una Comisi\u00f3n de trabajo espec\u00edfica sobre Uni\u00f3n Europea y Programas Europeos que, precisamente, preside Mar\u00eda Helena de Felipe.<\/p>\n","protected":false},"author":24,"featured_media":59333,"comment_status":"closed","ping_status":"closed","sticky":false,"template":"","format":"standard","meta":{"_links_to":"","_links_to_target":""},"categories":[72,1667],"tags":[1300,365],"acf":[],"wps_subtitle":"Es importante promover la participaci\u00f3n en las pr\u00f3ximas elecciones europeas del 26 de mayo","_links":{"self":[{"href":"https:\/\/www.foment.com\/es\/wp-json\/wp\/v2\/posts\/59339"}],"collection":[{"href":"https:\/\/www.foment.com\/es\/wp-json\/wp\/v2\/posts"}],"about":[{"href":"https:\/\/www.foment.com\/es\/wp-json\/wp\/v2\/types\/post"}],"author":[{"embeddable":true,"href":"https:\/\/www.foment.com\/es\/wp-json\/wp\/v2\/users\/24"}],"replies":[{"embeddable":true,"href":"https:\/\/www.foment.com\/es\/wp-json\/wp\/v2\/comments?post=59339"}],"version-history":[{"count":0,"href":"https:\/\/www.foment.com\/es\/wp-json\/wp\/v2\/posts\/59339\/revisions"}],"wp:featuredmedia":[{"embeddable":true,"href":"https:\/\/www.foment.com\/es\/wp-json\/wp\/v2\/media\/59333"}],"wp:attachment":[{"href":"https:\/\/www.foment.com\/es\/wp-json\/wp\/v2\/media?parent=59339"}],"wp:term":[{"taxonomy":"category","embeddable":true,"href":"https:\/\/www.foment.com\/es\/wp-json\/wp\/v2\/categories?post=59339"},{"taxonomy":"post_tag","embeddable":true,"href":"https:\/\/www.foment.com\/es\/wp-json\/wp\/v2\/tags?post=59339"}],"curies":[{"name":"wp","href":"https:\/\/api.w.org\/{rel}","templated":true}]}}