{"id":60872,"date":"2019-03-19T12:01:26","date_gmt":"2019-03-19T11:01:26","guid":{"rendered":"https:\/\/www.foment.com\/resultats-mobile-i-conclusions-informe-anual-ecosistema-startup-a-debat-a-foment\/"},"modified":"2019-03-25T15:58:29","modified_gmt":"2019-03-25T14:58:29","slug":"resultats-mobile-i-conclusions-informe-anual-ecosistema-startup-a-debat-a-foment","status":"publish","type":"post","link":"https:\/\/www.foment.com\/es\/resultats-mobile-i-conclusions-informe-anual-ecosistema-startup-a-debat-a-foment\/","title":{"rendered":"Los resultados del MWC y las conclusiones del informe anual sobre el ecosistema startup, a debate en Foment"},"content":{"rendered":"<section class=\"wpb-content-wrapper\"><p>[vc_row][vc_column][vc_column_text]La primera reuni\u00f3n de las comisiones de Innovaci\u00f3n, Sociedad Digital y Emprendimiento se ha celebrado excepcionalmente de manera conjunta para conocer y debatir con el director de la Mobile World Capital Barcelona,<strong> Carles Grau<\/strong>, sobre el informe <a href=\"https:\/\/mobileworldcapital.com\/es\/report\/startup-ecosystem-overview-2019\/\">Startup Ecosystem Overview<\/a> y los resultados del Mobile de este a\u00f1o. El presidente de Foment, <strong>Josep S\u00e1nchez Llibre<\/strong>, ha participado a la sesi\u00f3n con un discurso de cloenda en el que ha resaltado los objetivos y compromisos establecidos para la nueva etapa de su mandato.<\/p>\n<p>El acto ha empezado con la intervenci\u00f3n de la comisionada de Digitalizaci\u00f3n e Innovaci\u00f3n, <strong>Mar Alarc\u00f3n<\/strong>, para presentar las comisiones y ceder la palabra a sus nuevos presidentes:<strong> Jordi Bosch<\/strong>, para la de Innovaci\u00f3n, <strong>Anna M\u00aa. S\u00e1nchez<\/strong>, para Sociedad Digital, y, <strong>Eloi Pal\u00e0<\/strong>, que se mantiene en Emprendimiento.<\/p>\n<p>Por su parte, la directora de Innovaci\u00f3n, Maria Mora, ha explicado c\u00f3mo se compenetrar\u00e1 con los objetivos marcados por las comisiones, a trav\u00e9s de los proyectos que ya tiene en marcha desde su departamento como el Pacto Nacional por la Sociedad del Conocimiento, el Convenio de Colaboraci\u00f3n con la Mobile, y la alianza Barcelona Digital Talent, de la cual Foment es miembro impulsor.[\/vc_column_text]<div class=\"flexslider wpb_content_element\"><ul class=\"slides\"><li><img src=\"https:\/\/www.foment.com\/wp-content\/uploads\/2019\/03\/DSC_0166-2.jpg\" alt=\"\" \/><\/li><li><img src=\"https:\/\/www.foment.com\/wp-content\/uploads\/2019\/03\/DSC_0152-2.jpg\" alt=\"\" \/><\/li><li><img src=\"https:\/\/www.foment.com\/wp-content\/uploads\/2019\/03\/DSC_0162-2.jpg\" alt=\"\" \/><\/li><li><img src=\"https:\/\/www.foment.com\/wp-content\/uploads\/2019\/03\/DSC_0171-2.jpg\" alt=\"\" \/><\/li><li><img src=\"https:\/\/www.foment.com\/wp-content\/uploads\/2019\/03\/DSC_0125-2.jpg\" alt=\"\" \/><\/li><li><img src=\"https:\/\/www.foment.com\/wp-content\/uploads\/2019\/03\/DSC_0118-2.jpg\" alt=\"\" \/><\/li><li><img src=\"https:\/\/www.foment.com\/wp-content\/uploads\/2019\/03\/DSC_0122-2.jpg\" alt=\"\" \/><\/li><li><img src=\"https:\/\/www.foment.com\/wp-content\/uploads\/2019\/03\/DSC_0101-2.jpg\" alt=\"\" \/><\/li><li><img src=\"https:\/\/www.foment.com\/wp-content\/uploads\/2019\/03\/DSC_0139-2.jpg\" alt=\"\" \/><\/li><li><img src=\"https:\/\/www.foment.com\/wp-content\/uploads\/2019\/03\/DSC_0121-2.jpg\" alt=\"\" \/><\/li><li><img src=\"https:\/\/www.foment.com\/wp-content\/uploads\/2019\/03\/DSC_0124-2.jpg\" alt=\"\" \/><\/li><\/ul><\/div>[vc_column_text]Con la asunci\u00f3n de la Presidencia del Foment por Josep S\u00e1nchez Llibre y con la renovaci\u00f3n de los \u00d3rganos de Gobierno, se ha procedido tambi\u00e9n a una transformaci\u00f3n profunda de las\u00a0<a href=\"https:\/\/www.foment.com\/es\/sobre-nosotros\/organos-consultivos\/#1472485595504-ba132269-7b1b\" target=\"_blank\" rel=\"noopener noreferrer\">Comisiones Asesoras<\/a>\u00a0para trabajar m\u00e1s y mejor en los aspectos que a d\u00eda de hoy m\u00e1s condicionan la actividad empresarial.<\/p>\n<p>En esta nueva etapa del Foment han constituido las Comisiones Asesoras siguientes:<\/p>\n<h3>Presidentes.\u00a0<strong>Comisi\u00f3n<\/strong><\/h3>\n<p>Marta Angerri.\u00a0<strong>Agenda 2030<\/strong><\/p>\n<p>Baldiri Ros.\u00a0<strong>Agricultura<\/strong><\/p>\n<p>Roser Fern\u00e1ndez.\u00a0<strong>Atenci\u00f3n a las Persones, Salud y Social<\/strong><\/p>\n<p>Marta Colet.\u00a0<strong>Desarrollo Sostenible<\/strong><\/p>\n<p>Eloi Pal\u00e0.\u00a0<strong>Emprenedores<\/strong><\/p>\n<p>Virginia Guinda.\u00a0<strong>Energ\u00eda y Empresa<\/strong><\/p>\n<p>Isabel Buesa.\u00a0<strong>Financiaci\u00f3n Empresarial \u2013 Salvamento de Empresas<\/strong><\/p>\n<p>Valent\u00ed Pich Rosell.\u00a0<strong>Fiscal y Econom\u00eda<\/strong><\/p>\n<p>Manuel Rosillo L\u00f3pez.\u00a0<strong>Formaci\u00f3n<\/strong><\/p>\n<p>Francina Valls.\u00a0<strong>Igualdad<\/strong><\/p>\n<p>Josep Ll. Cabestany.\u00a0<strong>Industria<\/strong><\/p>\n<p>Anna Cornad\u00f3.\u00a0<strong>Infraestructuras<\/strong><\/p>\n<p>Jordi Bosch.\u00a0<strong>Innovaci\u00f3n<\/strong><\/p>\n<p>Ernest Quingles.\u00a0<strong>Internacional<\/strong><\/p>\n<p>M\u00aa \u00c1ngeles Tejada.\u00a0<strong>Laboral y Recursos Humanos<\/strong><\/p>\n<p>Anna Ma. S\u00e1nchez.\u00a0<strong>Sociedad Digital<\/strong><\/p>\n<p>Josep M. Mart\u00ed.\u00a0<strong>Transporte y Log\u00edstica<\/strong><\/p>\n<p>Silvia Perera.\u00a0<strong>Turismo y Servicios<\/strong><\/p>\n<p>M\u00aa Helena de Felipe.\u00a0<strong>Uni\u00f3n Europea y Programas Europeos<\/strong><\/p>\n<p>Mar Alarc\u00f3n.\u00a0<strong>Coordinaci\u00f3n Innovaci\u00f3n y Sociedad Digital<\/strong><\/p>\n<p>Roger Gaspa.<strong>\u00a0Competitividad Comercial y Comercio<\/strong>[\/vc_column_text][\/vc_column][\/vc_row]<\/p>\n<\/section>","protected":false},"excerpt":{"rendered":"<p>[vc_row][vc_column][vc_column_text]La primera reuni\u00f3n de las comisiones de Innovaci\u00f3n, Sociedad Digital y Emprendimiento se ha celebrado excepcionalmente de manera conjunta para conocer y debatir con el director de la Mobile World Capital Barcelona, Carles Grau, sobre el informe Startup Ecosystem Overview y los resultados del Mobile de este a\u00f1o. El presidente de Foment, Josep S\u00e1nchez Llibre, ha participado a la sesi\u00f3n con un discurso de cloenda en el que ha resaltado los objetivos y compromisos establecidos para la nueva etapa de su mandato. El acto ha empezado con la intervenci\u00f3n de la comisionada de Digitalizaci\u00f3n e Innovaci\u00f3n, Mar Alarc\u00f3n, para presentar las comisiones y ceder la palabra a sus nuevos presidentes: Jordi Bosch, para la de Innovaci\u00f3n, Anna M\u00aa. S\u00e1nchez, para Sociedad Digital, y, Eloi Pal\u00e0, que se mantiene en Emprendimiento. Por su parte, la directora de Innovaci\u00f3n, Maria Mora, ha explicado c\u00f3mo se compenetrar\u00e1 con los objetivos marcados por las comisiones, a trav\u00e9s de los proyectos que ya tiene en marcha desde su departamento como el Pacto Nacional por la Sociedad del Conocimiento, el Convenio de Colaboraci\u00f3n con la Mobile, y la alianza Barcelona Digital Talent, de la cual Foment es miembro impulsor.[\/vc_column_text][vc_column_text]Con la asunci\u00f3n de la Presidencia del Foment [&hellip;]<\/p>\n","protected":false},"author":10,"featured_media":60757,"comment_status":"closed","ping_status":"closed","sticky":false,"template":"","format":"standard","meta":{"_links_to":"","_links_to_target":""},"categories":[114,67,71],"tags":[1382,886,883,1383,610,499,1384,1386,1385,497],"acf":[],"wps_subtitle":"La primera reuni\u00f3n de constituci\u00f3n de las comisiones de Innovaci\u00f3n, Sociedad Digital y Emprendimiento, se celebra de manera conjunta para recibir al director de la Mobile","_links":{"self":[{"href":"https:\/\/www.foment.com\/es\/wp-json\/wp\/v2\/posts\/60872"}],"collection":[{"href":"https:\/\/www.foment.com\/es\/wp-json\/wp\/v2\/posts"}],"about":[{"href":"https:\/\/www.foment.com\/es\/wp-json\/wp\/v2\/types\/post"}],"author":[{"embeddable":true,"href":"https:\/\/www.foment.com\/es\/wp-json\/wp\/v2\/users\/10"}],"replies":[{"embeddable":true,"href":"https:\/\/www.foment.com\/es\/wp-json\/wp\/v2\/comments?post=60872"}],"version-history":[{"count":0,"href":"https:\/\/www.foment.com\/es\/wp-json\/wp\/v2\/posts\/60872\/revisions"}],"wp:featuredmedia":[{"embeddable":true,"href":"https:\/\/www.foment.com\/es\/wp-json\/wp\/v2\/media\/60757"}],"wp:attachment":[{"href":"https:\/\/www.foment.com\/es\/wp-json\/wp\/v2\/media?parent=60872"}],"wp:term":[{"taxonomy":"category","embeddable":true,"href":"https:\/\/www.foment.com\/es\/wp-json\/wp\/v2\/categories?post=60872"},{"taxonomy":"post_tag","embeddable":true,"href":"https:\/\/www.foment.com\/es\/wp-json\/wp\/v2\/tags?post=60872"}],"curies":[{"name":"wp","href":"https:\/\/api.w.org\/{rel}","templated":true}]}}