{"id":61043,"date":"2019-03-25T14:00:17","date_gmt":"2019-03-25T13:00:17","guid":{"rendered":"https:\/\/www.foment.com\/ministre-de-desenvolupament-empresarial-de-ghana-visita-foment\/"},"modified":"2019-03-26T16:09:39","modified_gmt":"2019-03-26T15:09:39","slug":"ministro-de-desarrollo-empresarial-de-ghana-visita-foment","status":"publish","type":"post","link":"https:\/\/www.foment.com\/es\/ministro-de-desarrollo-empresarial-de-ghana-visita-foment\/","title":{"rendered":"El ministro de Desarrollo Empresarial de Ghana visita Foment"},"content":{"rendered":"<section class=\"wpb-content-wrapper\"><p>[vc_row][vc_column][vc_column_text]El ministro de Desarrollo Econ\u00f3mico de Ghana, <strong>Ibrahim Mohammed Awal<\/strong>, ha visitado Foment del Treball, donde se ha reunido con el presidente, <strong>Josep S\u00e1nchez Llibre<\/strong>, para abordar futuras acciones conjuntas de promoci\u00f3n de oportunidades de negocio e inversi\u00f3n de las empresas de Catalu\u00f1a. Le ha acompa\u00f1ado la embajadora de Ghana en Espa\u00f1a, <strong>Elizabeth Adje<\/strong>i, y posteriormente ambos han participado en una jornada sobre la relaci\u00f3n comercial y econ\u00f3mica entre Ghana y Espa\u00f1a, organizada por el departamento de Internacional de la patronal, el ICEX y ACCI\u00d3N .[\/vc_column_text]<div class=\"spacer\" style=\"height: 10px;\"><\/div>[\/vc_column][\/vc_row][vc_row][vc_column width=\u00bb1\/2&#8243;][vc_column_text]En su intervenci\u00f3n, el ministro ha detallado las prioridades del gobierno para estimular todav\u00eda m\u00e1s el crecimiento econ\u00f3mico del pa\u00eds, orientadas a impulsar numerosas pol\u00edticas de industria local, reducir la inflaci\u00f3n y estabilizar la moneda.<\/p>\n<p>\u00abGhana ha conseguido la confianza del mundo con una transici\u00f3n pol\u00edtica pac\u00edfica. Su econom\u00eda se ha ido fortaleciendo en s\u00f3lo un cuarto de siglo gracias a una gesti\u00f3n m\u00e1s s\u00f3lida, un entorno empresarial competitivo y una reducci\u00f3n sostenida de la pobreza. Pero sobretodo ha sido su compromiso firme por la democracia lo que la ha ayudado a acelerar el crecimiento del pa\u00eds y ha potenciat la inversi\u00f3n extranjera directa (IED) en los \u00faltimos a\u00f1os \u00ab, expres\u00f3 el ministro.[\/vc_column_text]<div class=\"spacer\" style=\"height: 10px;\"><\/div>[\/vc_column][vc_column width=\u00bb1\/2&#8243;]<div class=\"single_image wpb_content_element align-left    \" data-animation=\"none\" data-delay=\"0\"><img width=\"4496\" height=\"3000\" src=\"https:\/\/www.foment.com\/wp-content\/uploads\/2019\/03\/DSC_0033.jpg\" class=\"attachment-full\" alt=\"\" loading=\"lazy\" title=\"DSC_0033\" \/><\/div><div class=\"spacer\" style=\"height: 10px;\"><\/div>[\/vc_column][\/vc_row][vc_row][vc_column][vc_column_text]El vicepresidente de la Comisi\u00f3n de Internacional, <strong>Ram\u00f3n Palou<\/strong>, ha destacado en su intervenci\u00f3n de presentaci\u00f3n del acto, que seg\u00fan el informe <a href=\"http:\/\/espanol.doingbusiness.org\/es\/reports\/global-reports\/doing-business-2018\"><em>Doing Business 2018<\/em><\/a>, Ghana es uno de los mejores pa\u00edses de \u00c1frica Occidental para hacer negocios. \u00abA pesar de no ser a\u00fan un mercado familiar para las empresas catalanas, ya hay muchas compa\u00f1\u00edas de todo el mundo que ven al pa\u00eds como una de las principales puertas de entrada a la regi\u00f3n por su econom\u00eda de mercado din\u00e1mica y con pocas barreras pol\u00edticas al comercio ya la inversi\u00f3n, adem\u00e1s de la riqueza de recursos que oferiex \u00ab.<\/p>\n<p>La agricultura representa alrededor del 20% del PIB y emplea a m\u00e1s de la mitad de la mano de obra, principalmente peque\u00f1os propietarios. Las exportaciones de oro, petr\u00f3leo y cacao son las principales fuentes de divisas. Asimismo, la expansi\u00f3n de la naciente industria petrolera ha impulsado el crecimiento econ\u00f3mico, expres\u00f3 Palou.<\/p>\n<p>El resto de ponentes han analizado las perspectivas econ\u00f3micas y los principales sectores de negocio e inversi\u00f3n que ofrece Ghana a las empresas catalanas. Han participado el CEO del Programa Nacional para la Iniciativa Empresarial y la Innovaci\u00f3n, <strong>John Ampontuah Kumah<\/strong>; el director Territorial de Comercio del ICEX en Catalu\u00f1a, <strong>Jos\u00e9 Ignacio Pradas<\/strong>; y la directora de la Oficina Exterior de ACCI\u00d3N en Accra, <strong>Florence Hiard<\/strong>.[\/vc_column_text]<div class=\"flexslider wpb_content_element\"><ul class=\"slides\"><li><img src=\"https:\/\/www.foment.com\/wp-content\/uploads\/2019\/03\/DSC_0027.jpg\" alt=\"\" \/><\/li><li><img src=\"https:\/\/www.foment.com\/wp-content\/uploads\/2019\/03\/DSC_0043.jpg\" alt=\"\" \/><\/li><li><img src=\"https:\/\/www.foment.com\/wp-content\/uploads\/2019\/03\/DSC_0029.jpg\" alt=\"\" \/><\/li><li><img src=\"https:\/\/www.foment.com\/wp-content\/uploads\/2019\/03\/DSC_0037.jpg\" alt=\"\" \/><\/li><li><img src=\"https:\/\/www.foment.com\/wp-content\/uploads\/2019\/03\/DSC_0066.jpg\" alt=\"\" \/><\/li><li><img src=\"https:\/\/www.foment.com\/wp-content\/uploads\/2019\/03\/DSC_0072.jpg\" alt=\"\" \/><\/li><li><img src=\"https:\/\/www.foment.com\/wp-content\/uploads\/2019\/03\/DSC_0054.jpg\" alt=\"\" \/><\/li><\/ul><\/div>[vc_column_text]<\/p>\n<h3><strong><span style=\"color: #c1002b;\">Informes sobre Ghana<\/span><\/strong><\/h3>\n<p>[\/vc_column_text]<div class=\"spacer\" style=\"height: 10px;\"><\/div>[\/vc_column][\/vc_row][vc_row][vc_column width=\u00bb1\/2&#8243;]<div class=\"iconbox  iconbox-style-10 icon-color-accent color-dark clearfix\"><i class=\"fa fa-paperclip boxicon\" style=\"\"><\/i><h3><\/h3><p>\n<h3><a href=\"https:\/\/www.foment.com\/wp-content\/uploads\/2019\/03\/GHANA_FICHA-PAIS.pdf\">GHANA FITXA PA\u00cdS 2019<\/a><\/h3>\n<\/p><\/div><div class=\"spacer\" style=\"height: 10px;\"><\/div>[\/vc_column][vc_column width=\u00bb1\/2&#8243;]<div class=\"iconbox  iconbox-style-10 icon-color-accent color-dark clearfix\"><i class=\"fa fa-paperclip boxicon\" style=\"\"><\/i><h3><\/h3><p>\n<h3><a href=\"https:\/\/www.foment.com\/wp-content\/uploads\/2019\/03\/informe-Economicao_comercial_GHANA.pdf\">INFORME ECON\u00d2MIC I COMERCIAL GHANA<\/a><\/h3>\n<\/p><\/div><div class=\"spacer\" style=\"height: 10px;\"><\/div>[\/vc_column][\/vc_row][vc_row][vc_column][vc_column_text]<\/p>\n<h3><span style=\"color: #c1002b;\"><strong>Foment Internacional. Detectar y aprovechar <\/strong><strong>oportunidades de negocio e inversi\u00f3n alrededor del mundo<\/strong><\/span><\/h3>\n<p>La tarea de Fomento en favor de la internacionalizaci\u00f3n de la econom\u00eda y las empresas catalanas incluye la b\u00fasqueda y exposici\u00f3n de nuevos destinos para las empresas que han abierto mercado y la promoci\u00f3n de la iniciaci\u00f3n en el caso de aquellas empresas que se plantean la proyecci\u00f3n exterior por primera vez. En este sentido, la patronal organiza misiones empresariales para la apertura de nuevos mercados y ofrece varias jornadas anuales de detecci\u00f3n de oportunidades de negocio e inversi\u00f3n en todo el mundo.<\/p>\n<p>As\u00ed, las jornadas que organiza el departamento Internacional de Fomento proporcionan una visi\u00f3n integral , clara y pr\u00e1ctica de temas que son importantes para la empresa que est\u00e1 en proceso de internacionalizaci\u00f3n o que est\u00e1 internacionalizada y necesita estrategias para continuar con su creixement.<\/p>\n<p>La principal motivaci\u00f3n de estas jornadas consiste en acercar a las empresas catalanas las oportunidades que existen en el exterior para comercializar sus productos o servicios. Las jornadas de Internacional durante 2018 contaron con la asistencia de m\u00e1s de 1.000 profesionales.[\/vc_column_text][\/vc_column][\/vc_row]<\/p>\n<\/section>","protected":false},"excerpt":{"rendered":"<p>[vc_row][vc_column][vc_column_text]El ministro de Desarrollo Econ\u00f3mico de Ghana, Ibrahim Mohammed Awal, ha visitado Foment del Treball, donde se ha reunido con el presidente, Josep S\u00e1nchez Llibre, para abordar futuras acciones conjuntas de promoci\u00f3n de oportunidades de negocio e inversi\u00f3n de las empresas de Catalu\u00f1a. Le ha acompa\u00f1ado la embajadora de Ghana en Espa\u00f1a, Elizabeth Adjei, y posteriormente ambos han participado en una jornada sobre la relaci\u00f3n comercial y econ\u00f3mica entre Ghana y Espa\u00f1a, organizada por el departamento de Internacional de la patronal, el ICEX y ACCI\u00d3N .[\/vc_column_text][\/vc_column][\/vc_row][vc_row][vc_column width=\u00bb1\/2&#8243;][vc_column_text]En su intervenci\u00f3n, el ministro ha detallado las prioridades del gobierno para estimular todav\u00eda m\u00e1s el crecimiento econ\u00f3mico del pa\u00eds, orientadas a impulsar numerosas pol\u00edticas de industria local, reducir la inflaci\u00f3n y estabilizar la moneda. \u00abGhana ha conseguido la confianza del mundo con una transici\u00f3n pol\u00edtica pac\u00edfica. Su econom\u00eda se ha ido fortaleciendo en s\u00f3lo un cuarto de siglo gracias a una gesti\u00f3n m\u00e1s s\u00f3lida, un entorno empresarial competitivo y una reducci\u00f3n sostenida de la pobreza. Pero sobretodo ha sido su compromiso firme por la democracia lo que la ha ayudado a acelerar el crecimiento del pa\u00eds y ha potenciat la inversi\u00f3n extranjera directa (IED) en los \u00faltimos a\u00f1os \u00ab, expres\u00f3 el ministro.[\/vc_column_text][\/vc_column][vc_column width=\u00bb1\/2\u00bb][\/vc_column][\/vc_row][vc_row][vc_column][vc_column_text]El [&hellip;]<\/p>\n","protected":false},"author":10,"featured_media":61000,"comment_status":"closed","ping_status":"closed","sticky":false,"template":"","format":"standard","meta":{"_links_to":"","_links_to_target":""},"categories":[114,72],"tags":[1388],"acf":[],"wps_subtitle":"Acompa\u00f1ado por la embajadora de Ghana en Espa\u00f1a, Elizabeth Adjei, se han reunido con el presidente de la patronal catalana, Josep S\u00e1nchez Llibre","_links":{"self":[{"href":"https:\/\/www.foment.com\/es\/wp-json\/wp\/v2\/posts\/61043"}],"collection":[{"href":"https:\/\/www.foment.com\/es\/wp-json\/wp\/v2\/posts"}],"about":[{"href":"https:\/\/www.foment.com\/es\/wp-json\/wp\/v2\/types\/post"}],"author":[{"embeddable":true,"href":"https:\/\/www.foment.com\/es\/wp-json\/wp\/v2\/users\/10"}],"replies":[{"embeddable":true,"href":"https:\/\/www.foment.com\/es\/wp-json\/wp\/v2\/comments?post=61043"}],"version-history":[{"count":0,"href":"https:\/\/www.foment.com\/es\/wp-json\/wp\/v2\/posts\/61043\/revisions"}],"wp:featuredmedia":[{"embeddable":true,"href":"https:\/\/www.foment.com\/es\/wp-json\/wp\/v2\/media\/61000"}],"wp:attachment":[{"href":"https:\/\/www.foment.com\/es\/wp-json\/wp\/v2\/media?parent=61043"}],"wp:term":[{"taxonomy":"category","embeddable":true,"href":"https:\/\/www.foment.com\/es\/wp-json\/wp\/v2\/categories?post=61043"},{"taxonomy":"post_tag","embeddable":true,"href":"https:\/\/www.foment.com\/es\/wp-json\/wp\/v2\/tags?post=61043"}],"curies":[{"name":"wp","href":"https:\/\/api.w.org\/{rel}","templated":true}]}}