{"id":62222,"date":"2019-04-11T16:54:03","date_gmt":"2019-04-11T14:54:03","guid":{"rendered":"https:\/\/www.foment.com\/cimalsa-sincorpora-a-foment-del-treball-com-a-associada\/"},"modified":"2019-04-11T17:06:29","modified_gmt":"2019-04-11T15:06:29","slug":"cimalsa-se-incorpora-a-foment-del-treball-como-a-asociada","status":"publish","type":"post","link":"https:\/\/www.foment.com\/es\/cimalsa-se-incorpora-a-foment-del-treball-como-a-asociada\/","title":{"rendered":"CIMALSA se incorpora a Foment del Treball como a asociada"},"content":{"rendered":"<p>El presidente de CIMALSA, <strong>Enric Tic\u00f3<\/strong>, y el del Foment del Treball, <strong>Josep S\u00e1nchez Llibre<\/strong>, han firmado el acuerdo en virtud del cual entra a formar parte de la patronal como asociada esta empresa p\u00fablica de la Generalitat de Catalunya, encargada de la promoci\u00f3n, el desarrollo y la gesti\u00f3n de infraestructuras y centrales para el transporte de mercanc\u00edas y la log\u00edstica. Ambos presidentes han destacado la importancia de la incorporaci\u00f3n al Foment de una compa\u00f1\u00eda como Cimalsa, estrat\u00e9gica para el pa\u00eds en un sector de tanta relevancia como la log\u00edstica y el transporte. Enric Tic\u00f3 ya particip\u00f3 hace pocos d\u00edas, como invitado, en la sesi\u00f3n constitutiva de la nueva comisi\u00f3n de trabajo del Foment dedicada a la log\u00edstica y el transporte, donde detall\u00f3 la estrategia log\u00edstica de la administraci\u00f3n catalana, la dificultad de disponer de suelo log\u00edstico por las caracter\u00edsticas geogr\u00e1ficas del pa\u00eds, y la necesidad de impulsar plataformas log\u00edsticas intermodales donde el ferrocarril tenga protagonismo.<\/p>\n","protected":false},"excerpt":{"rendered":"<p>El presidente de CIMALSA, Enric Tic\u00f3, y el del Foment del Treball, Josep S\u00e1nchez Llibre, han firmado el acuerdo en virtud del cual entra a formar parte de la patronal como asociada esta empresa p\u00fablica de la Generalitat de Catalunya, encargada de la promoci\u00f3n, el desarrollo y la gesti\u00f3n de infraestructuras y centrales para el transporte de mercanc\u00edas y la log\u00edstica. Ambos presidentes han destacado la importancia de la incorporaci\u00f3n al Foment de una compa\u00f1\u00eda como Cimalsa, estrat\u00e9gica para el pa\u00eds en un sector de tanta relevancia como la log\u00edstica y el transporte. Enric Tic\u00f3 ya particip\u00f3 hace pocos d\u00edas, como invitado, en la sesi\u00f3n constitutiva de la nueva comisi\u00f3n de trabajo del Foment dedicada a la log\u00edstica y el transporte, donde detall\u00f3 la estrategia log\u00edstica de la administraci\u00f3n catalana, la dificultad de disponer de suelo log\u00edstico por las caracter\u00edsticas geogr\u00e1ficas del pa\u00eds, y la necesidad de impulsar plataformas log\u00edsticas intermodales donde el ferrocarril tenga protagonismo.<\/p>\n","protected":false},"author":24,"featured_media":62227,"comment_status":"closed","ping_status":"closed","sticky":false,"template":"","format":"standard","meta":{"_links_to":"","_links_to_target":""},"categories":[67],"tags":[1369],"acf":[],"wps_subtitle":"","_links":{"self":[{"href":"https:\/\/www.foment.com\/es\/wp-json\/wp\/v2\/posts\/62222"}],"collection":[{"href":"https:\/\/www.foment.com\/es\/wp-json\/wp\/v2\/posts"}],"about":[{"href":"https:\/\/www.foment.com\/es\/wp-json\/wp\/v2\/types\/post"}],"author":[{"embeddable":true,"href":"https:\/\/www.foment.com\/es\/wp-json\/wp\/v2\/users\/24"}],"replies":[{"embeddable":true,"href":"https:\/\/www.foment.com\/es\/wp-json\/wp\/v2\/comments?post=62222"}],"version-history":[{"count":0,"href":"https:\/\/www.foment.com\/es\/wp-json\/wp\/v2\/posts\/62222\/revisions"}],"wp:featuredmedia":[{"embeddable":true,"href":"https:\/\/www.foment.com\/es\/wp-json\/wp\/v2\/media\/62227"}],"wp:attachment":[{"href":"https:\/\/www.foment.com\/es\/wp-json\/wp\/v2\/media?parent=62222"}],"wp:term":[{"taxonomy":"category","embeddable":true,"href":"https:\/\/www.foment.com\/es\/wp-json\/wp\/v2\/categories?post=62222"},{"taxonomy":"post_tag","embeddable":true,"href":"https:\/\/www.foment.com\/es\/wp-json\/wp\/v2\/tags?post=62222"}],"curies":[{"name":"wp","href":"https:\/\/api.w.org\/{rel}","templated":true}]}}