{"id":63907,"date":"2019-05-13T16:31:49","date_gmt":"2019-05-13T14:31:49","guid":{"rendered":"https:\/\/www.foment.com\/visita-consol-brasil-ligia-maria-scherer\/"},"modified":"2019-08-28T13:37:25","modified_gmt":"2019-08-28T11:37:25","slug":"visita-consul-brasil-ligia-maria-scherer","status":"publish","type":"post","link":"https:\/\/www.foment.com\/es\/visita-consul-brasil-ligia-maria-scherer\/","title":{"rendered":"Visita de la nueva c\u00f3nsol de Brasil, Ligia Maria Scherer"},"content":{"rendered":"<section class=\"wpb-content-wrapper\"><p>[vc_row][vc_column][vc_column_text]La nueva c\u00f3nsul de Brasil, <strong>Ligia Maria Scherer<\/strong>, ha visitado Foment del Treball, donde se ha reunido con el presidente de la patronal, <strong>Josep S\u00e1nchez Llibre<\/strong>, para abordar futuras acciones conjuntas de promoci\u00f3n de oportunidades de negocio y inversi\u00f3n de las empresas de Catalu\u00f1a. Han participado en la reuni\u00f3n el director de Internacional, <strong>Kilian Garcia<\/strong>, el c\u00f3nsul adjunto de Brasil, <strong>Paulo Alves<\/strong>, y el t\u00e9cnico comercial del consulado <strong>Miguel Mingorance<\/strong>.<\/p>\n<p>Esta reuni\u00f3n se inscribe en la agenda anual de contactos intensa que mantiene Foment con representantes institucionales y empresariales de todo el mundo con objeto de impulsar oportunidades de negocio e inversi\u00f3n para empresas de Catalu\u00f1a, as\u00ed como presentar el pa\u00eds como una de las regiones de Europa m\u00e1s atractivas para captar inversiones.[\/vc_column_text]<div class=\"flexslider wpb_content_element\"><ul class=\"slides\"><li><img src=\"https:\/\/www.foment.com\/wp-content\/uploads\/2019\/05\/IMG_9813.jpg\" alt=\"\" \/><\/li><li><img src=\"https:\/\/www.foment.com\/wp-content\/uploads\/2019\/05\/IMG_9824.jpg\" alt=\"\" \/><\/li><li><img src=\"https:\/\/www.foment.com\/wp-content\/uploads\/2019\/05\/IMG_9827.jpg\" alt=\"\" \/><\/li><li><img src=\"https:\/\/www.foment.com\/wp-content\/uploads\/2019\/05\/IMG_9836.jpg\" alt=\"\" \/><\/li><li><img src=\"https:\/\/www.foment.com\/wp-content\/uploads\/2019\/05\/IMG_9843.jpg\" alt=\"\" \/><\/li><li><img src=\"https:\/\/www.foment.com\/wp-content\/uploads\/2019\/05\/IMG_9854.jpg\" alt=\"\" \/><\/li><li><img src=\"https:\/\/www.foment.com\/wp-content\/uploads\/2019\/05\/IMG_9859.jpg\" alt=\"\" \/><\/li><\/ul><\/div>[vc_column_text]<\/p>\n<h3><span style=\"color: #c1002b;\"><strong>Foment Internacional. Detectar y aprovechar\u00a0<\/strong><strong>oportunidades de negocio e inversi\u00f3n en todo el mundo<\/strong><\/span><\/h3>\n<p>La tarea de Foment del Treball en favor de la internacionalizaci\u00f3n de la econom\u00eda y las empresas catalanas\u00a0incluye la investigaci\u00f3n y exposici\u00f3n\u00a0de nuevos destinos para las empresas que han abierto mercado y la promoci\u00f3n\u00a0de la\u00a0iniciaci\u00f3n en el caso de aquellas empresas que se plantean la proyecci\u00f3n exterior por primera vez. En este sentido,\u00a0Foment organiza misiones empresariales para la apertura de nuevos mercados y ofrece numerosas de jornadas anuales de detecci\u00f3n de oportunidades de negocio e inversi\u00f3n en todo el mundo.<\/p>\n<p>As\u00ed, las jornadas que organiza el Departamento Internacional de Foment proporcionan una visi\u00f3n integral, clara y pr\u00e1ctica de temas que son importantes para la empresa que est\u00e1 en proceso de internacionalizaci\u00f3n o que est\u00e1 internacionalizada y necesita estrategias para continuar con su crecimiento.[\/vc_column_text][\/vc_column][\/vc_row]<\/p>\n<\/section>","protected":false},"excerpt":{"rendered":"<p>[vc_row][vc_column][vc_column_text]La nueva c\u00f3nsul de Brasil, Ligia Maria Scherer, ha visitado Foment del Treball, donde se ha reunido con el presidente de la patronal, Josep S\u00e1nchez Llibre, para abordar futuras acciones conjuntas de promoci\u00f3n de oportunidades de negocio y inversi\u00f3n de las empresas de Catalu\u00f1a. Han participado en la reuni\u00f3n el director de Internacional, Kilian Garcia, el c\u00f3nsul adjunto de Brasil, Paulo Alves, y el t\u00e9cnico comercial del consulado Miguel Mingorance. Esta reuni\u00f3n se inscribe en la agenda anual de contactos intensa que mantiene Foment con representantes institucionales y empresariales de todo el mundo con objeto de impulsar oportunidades de negocio e inversi\u00f3n para empresas de Catalu\u00f1a, as\u00ed como presentar el pa\u00eds como una de las regiones de Europa m\u00e1s atractivas para captar inversiones.[\/vc_column_text][vc_column_text] Foment Internacional. Detectar y aprovechar\u00a0oportunidades de negocio e inversi\u00f3n en todo el mundo La tarea de Foment del Treball en favor de la internacionalizaci\u00f3n de la econom\u00eda y las empresas catalanas\u00a0incluye la investigaci\u00f3n y exposici\u00f3n\u00a0de nuevos destinos para las empresas que han abierto mercado y la promoci\u00f3n\u00a0de la\u00a0iniciaci\u00f3n en el caso de aquellas empresas que se plantean la proyecci\u00f3n exterior por primera vez. En este sentido,\u00a0Foment organiza misiones empresariales para la apertura de nuevos mercados y ofrece [&hellip;]<\/p>\n","protected":false},"author":10,"featured_media":63880,"comment_status":"closed","ping_status":"closed","sticky":false,"template":"","format":"standard","meta":{"_links_to":"","_links_to_target":""},"categories":[114,72],"tags":[1517,1516],"acf":[],"wps_subtitle":"Se ha reunido con el presidente de la patronal, Josep S\u00e1nchez Llibre","_links":{"self":[{"href":"https:\/\/www.foment.com\/es\/wp-json\/wp\/v2\/posts\/63907"}],"collection":[{"href":"https:\/\/www.foment.com\/es\/wp-json\/wp\/v2\/posts"}],"about":[{"href":"https:\/\/www.foment.com\/es\/wp-json\/wp\/v2\/types\/post"}],"author":[{"embeddable":true,"href":"https:\/\/www.foment.com\/es\/wp-json\/wp\/v2\/users\/10"}],"replies":[{"embeddable":true,"href":"https:\/\/www.foment.com\/es\/wp-json\/wp\/v2\/comments?post=63907"}],"version-history":[{"count":0,"href":"https:\/\/www.foment.com\/es\/wp-json\/wp\/v2\/posts\/63907\/revisions"}],"wp:featuredmedia":[{"embeddable":true,"href":"https:\/\/www.foment.com\/es\/wp-json\/wp\/v2\/media\/63880"}],"wp:attachment":[{"href":"https:\/\/www.foment.com\/es\/wp-json\/wp\/v2\/media?parent=63907"}],"wp:term":[{"taxonomy":"category","embeddable":true,"href":"https:\/\/www.foment.com\/es\/wp-json\/wp\/v2\/categories?post=63907"},{"taxonomy":"post_tag","embeddable":true,"href":"https:\/\/www.foment.com\/es\/wp-json\/wp\/v2\/tags?post=63907"}],"curies":[{"name":"wp","href":"https:\/\/api.w.org\/{rel}","templated":true}]}}