{"id":67592,"date":"2019-07-19T13:27:25","date_gmt":"2019-07-19T11:27:25","guid":{"rendered":"https:\/\/www.foment.com\/foment-organitza-tour-privat-sonar-per-inspirar-nous-models-creatius-i-innovadors\/"},"modified":"2019-07-19T18:13:51","modified_gmt":"2019-07-19T16:13:51","slug":"foment-organiza-tour-privado-sonar-para-inspirar-nuevos-modelos-creativos-y-innovadores","status":"publish","type":"post","link":"https:\/\/www.foment.com\/es\/foment-organiza-tour-privado-sonar-para-inspirar-nuevos-modelos-creativos-y-innovadores\/","title":{"rendered":"Foment organiza un tour privado por el S\u00f3nar+D para inspirarse en nuevos modeles creativos y innovadores"},"content":{"rendered":"<section class=\"wpb-content-wrapper\"><p>[vc_row][vc_column][vc_column_text]Foment del Treball ha organizado un tour personalizado por el S\u00f2nar+D para explorar el papel de la creatividad en los nuevos retos de innovaci\u00f3n de grandes corporaciones. Anteriormente la patronal ya propici\u00f3 un encuentro exclusivo entre sus socios y el director ejecutivo de Advanced Music -organizadores del S\u00f3nar-, Ventura Barba, en el marco de los Innovation Breakfast ofrecidos por el departamento de Innovaci\u00f3n, para conocer el impacto y evoluci\u00f3n del S\u00f2nar+D durante sus siete a\u00f1os de vida.<\/p>\n<p>El tour ha compartido diferentes proyectos de inteligencia artificial, computaci\u00f3n cu\u00e1ntica, dise\u00f1o de experiencias o el pr\u00f3ximo internet, como el de Barcelona Supercomputing Center o el de Deep Meditations of Memo Akten by Me by Melia. Han participado responsables de empresas y asociaciones como KPMG, Sage, Moventia, RACC, Cellnex, Endesa, EPSON, Randstad, Talento Hub, AIJEC, Ameic y la Uni\u00f3n Patronal Metal\u00fargica. Por parte de Foment, han estado presentes la directora de Innovaci\u00f3n, Maria Mora; la presidenta de la Comisi\u00f3n de Sociedad Digital, Anna M\u00aa S\u00e1nchez; el director de Internacional, Kilian Garcia; y el director de Socios, Tiburcio Colum\u00e9.[\/vc_column_text]<div class=\"single_image wpb_content_element align-left    \" data-animation=\"none\" data-delay=\"0\"><img width=\"897\" height=\"654\" src=\"https:\/\/www.foment.com\/wp-content\/uploads\/2019\/07\/Sonar_grup.jpeg\" class=\"attachment-full\" alt=\"\" loading=\"lazy\" title=\"Sonar_grup\" \/><\/div>[vc_column_text]<strong><span style=\"color: #c1002b;\">Speedating para conectar empresas y talento digital<\/span><\/strong><\/p>\n<p>A trav\u00e9s de la alianza de la Barcelona Digital Talent, Foment tambi\u00e9n se ha implicado en la organizaci\u00f3n de un Speedating para conectar empresas y talento digital que ha reunido a m\u00e1s de 100 j\u00f3venes especializados en lenguaje Java, Linux o SABE, expertos en Big Data, UX-UI o Business Intelligence; los cuales se han entrevistado con m\u00e1s de 40 empresas como CaixaBank, KPMG, Everis, etc. El primer Speedating organizado en el 4YFN finaliz\u00f3 con m\u00e1s de 450 entrevistas.<\/p>\n<p>Con iniciativas como estas, Barcelona Digital Talent pretende posicionar la ciudad como hub de talento digital que crea y retiene profesionales con competencias digitales, adem\u00e1s de facilitar la atracci\u00f3n de talento a nivel internacional.<\/p>\n<p>Los miembros impulsores de esta alianza p\u00fablico-privada son la Mobile World Capital Barcelona, CTecno, Barcelona Digital Talento, 22@Network, Barcelona Global, la Generalitat de Catalu\u00f1a, el Ayuntamiento de Barcelona, y Foment del Treball.[\/vc_column_text]<div class=\"flexslider wpb_content_element\"><ul class=\"slides\"><li><img src=\"https:\/\/www.foment.com\/wp-content\/uploads\/2019\/07\/Speedating_Sonar_3.jpeg\" alt=\"\" \/><\/li><li><img src=\"https:\/\/www.foment.com\/wp-content\/uploads\/2019\/07\/Speedating_Sonar_4.jpeg\" alt=\"\" \/><\/li><li><img src=\"https:\/\/www.foment.com\/wp-content\/uploads\/2019\/07\/Speedating_Sonar_1.jpeg\" alt=\"\" \/><\/li><li><img src=\"https:\/\/www.foment.com\/wp-content\/uploads\/2019\/07\/Speedating_Sonar_2.jpeg\" alt=\"\" \/><\/li><\/ul><\/div>[vc_column_text]<strong><span style=\"color: #c1002b;\">La aportaci\u00f3n del S\u00f3nar para la ciudad<\/span><\/strong><\/p>\n<p>El S\u00f3nar+D se han consolidado como un espacio \u00fanico con un programa de conferencias, demos, workshops y tech shows, a trav\u00e9s de los cuales se muestra como las mentes creativas modifican nuestro presente e imaginan nuevos futuros, con la colaboraci\u00f3n de investigadores, innovadores y l\u00edderes empresariales de todos los sectores e industrias.<\/p>\n<p>El congreso internacional del S\u00f3nar+D, se engloba dentro de la oferta cultural del S\u00f3nar, el festival pionero de m\u00fasica avanzada reconocido como uno de los acontecimientos culturales m\u00e1s importantes de Europa, con una trayectoria de 26 ediciones. El S\u00f3nar se ha convertido en un agente muy relevante para atraer talento creativo y digital a Barcelona, que adem\u00e1s comporta una aportaci\u00f3n directa de 85 millones de euros al PIB de la ciudad y la creaci\u00f3n de m\u00e1s de 3.000 puestos de trabajo durante su celebraci\u00f3n.[\/vc_column_text][\/vc_column][\/vc_row]<\/p>\n<\/section>","protected":false},"excerpt":{"rendered":"<p>[vc_row][vc_column][vc_column_text]Foment del Treball ha organizado un tour personalizado por el S\u00f2nar+D para explorar el papel de la creatividad en los nuevos retos de innovaci\u00f3n de grandes corporaciones. Anteriormente la patronal ya propici\u00f3 un encuentro exclusivo entre sus socios y el director ejecutivo de Advanced Music -organizadores del S\u00f3nar-, Ventura Barba, en el marco de los Innovation Breakfast ofrecidos por el departamento de Innovaci\u00f3n, para conocer el impacto y evoluci\u00f3n del S\u00f2nar+D durante sus siete a\u00f1os de vida. El tour ha compartido diferentes proyectos de inteligencia artificial, computaci\u00f3n cu\u00e1ntica, dise\u00f1o de experiencias o el pr\u00f3ximo internet, como el de Barcelona Supercomputing Center o el de Deep Meditations of Memo Akten by Me by Melia. Han participado responsables de empresas y asociaciones como KPMG, Sage, Moventia, RACC, Cellnex, Endesa, EPSON, Randstad, Talento Hub, AIJEC, Ameic y la Uni\u00f3n Patronal Metal\u00fargica. Por parte de Foment, han estado presentes la directora de Innovaci\u00f3n, Maria Mora; la presidenta de la Comisi\u00f3n de Sociedad Digital, Anna M\u00aa S\u00e1nchez; el director de Internacional, Kilian Garcia; y el director de Socios, Tiburcio Colum\u00e9.[\/vc_column_text][vc_column_text]Speedating para conectar empresas y talento digital A trav\u00e9s de la alianza de la Barcelona Digital Talent, Foment tambi\u00e9n se ha implicado en la organizaci\u00f3n de [&hellip;]<\/p>\n","protected":false},"author":10,"featured_media":67599,"comment_status":"closed","ping_status":"closed","sticky":false,"template":"","format":"standard","meta":{"_links_to":"","_links_to_target":""},"categories":[114,68,71],"tags":[494,1695,610,499,1697],"acf":[],"wps_subtitle":"La patronal tambi\u00e9n intensifica su presencia en el S\u00f3nar organizando un Speedating para conectar empresas y talento digital en Barcelona, a trav\u00e9s de la alianza Barcelona Digital Talent","_links":{"self":[{"href":"https:\/\/www.foment.com\/es\/wp-json\/wp\/v2\/posts\/67592"}],"collection":[{"href":"https:\/\/www.foment.com\/es\/wp-json\/wp\/v2\/posts"}],"about":[{"href":"https:\/\/www.foment.com\/es\/wp-json\/wp\/v2\/types\/post"}],"author":[{"embeddable":true,"href":"https:\/\/www.foment.com\/es\/wp-json\/wp\/v2\/users\/10"}],"replies":[{"embeddable":true,"href":"https:\/\/www.foment.com\/es\/wp-json\/wp\/v2\/comments?post=67592"}],"version-history":[{"count":0,"href":"https:\/\/www.foment.com\/es\/wp-json\/wp\/v2\/posts\/67592\/revisions"}],"wp:featuredmedia":[{"embeddable":true,"href":"https:\/\/www.foment.com\/es\/wp-json\/wp\/v2\/media\/67599"}],"wp:attachment":[{"href":"https:\/\/www.foment.com\/es\/wp-json\/wp\/v2\/media?parent=67592"}],"wp:term":[{"taxonomy":"category","embeddable":true,"href":"https:\/\/www.foment.com\/es\/wp-json\/wp\/v2\/categories?post=67592"},{"taxonomy":"post_tag","embeddable":true,"href":"https:\/\/www.foment.com\/es\/wp-json\/wp\/v2\/tags?post=67592"}],"curies":[{"name":"wp","href":"https:\/\/api.w.org\/{rel}","templated":true}]}}