{"id":69066,"date":"2019-08-23T13:21:40","date_gmt":"2019-08-23T11:21:40","guid":{"rendered":"https:\/\/www.foment.com\/visita-comissio-parlamentaria-finances-japo\/"},"modified":"2019-08-28T13:49:26","modified_gmt":"2019-08-28T11:49:26","slug":"visita-comision-parlamentaria-finanzas-japon","status":"publish","type":"post","link":"https:\/\/www.foment.com\/es\/visita-comision-parlamentaria-finanzas-japon\/","title":{"rendered":"Visita de la Comisi\u00f3n Parlamentar\u00eda de Finanzas de Jap\u00f3n"},"content":{"rendered":"<section class=\"wpb-content-wrapper\"><p>[vc_row][vc_column][vc_column_text]El presidente de la Comisi\u00f3n Parlamentar\u00eda del Jap\u00f3n y ex primero ministro del pa\u00eds, <strong>Manabu Sakai<\/strong>, ha visitado Foment del Treball, donde se ha reunido con el director de Internacional de la patronal,<strong> Kilian Garcia<\/strong>, para abordar los temas de actualidad pol\u00edtica internacional y las relaciones econ\u00f3micas existentes entre Catalu\u00f1a y Jap\u00f3n. Tambi\u00e9n han participado en el encuentro los directores de la Comisi\u00f3n: Satoshi Fujimaru, Arata Takebe y Hiroshi Kawauchi, respectivamente, adem\u00e1s de algunos de los miembros de la Comisi\u00f3n.<\/p>\n<p>Esta reuni\u00f3n se inscribe en la agenda anual de contactos intensa que mantiene Foment con representantes institucionales y empresariales de todo el mundo con objeto de impulsar oportunidades de negocio e inversi\u00f3n para empresas de Catalu\u00f1a, as\u00ed como presentar el pa\u00eds como una de las regiones de Europa m\u00e1s atractivas para captar inversiones.[\/vc_column_text]<div class=\"single_image wpb_content_element align-left    \" data-animation=\"none\" data-delay=\"0\"><img width=\"4392\" height=\"2931\" src=\"https:\/\/www.foment.com\/wp-content\/uploads\/2019\/08\/3.jpg\" class=\"attachment-full\" alt=\"\" loading=\"lazy\" title=\"3\" \/><\/div>[vc_column_text]<\/p>\n<div class=\"wpb_text_column wpb_content_element \">\n<div class=\"wpb_wrapper\"><\/div>\n<\/div>\n<div class=\"flexslider wpb_content_element\">\n<p><strong style=\"color: #c1002b;\">Foment Internacional. Detectar y aprovechar <\/strong><strong style=\"color: #c1002b;\">oportunidades de negocio e inversi\u00f3n en todo el mundo<\/strong><\/p>\n<\/div>\n<div class=\"wpb_text_column wpb_content_element \">\n<div class=\"wpb_wrapper\">\n<p>La tarea de Foment del Treball en favor de la internacionalizaci\u00f3n de la econom\u00eda y las empresas catalanas\u00a0incluye la investigaci\u00f3n y exposici\u00f3n\u00a0de nuevos destinos para las empresas que han abierto mercado y la promoci\u00f3n\u00a0de la\u00a0iniciaci\u00f3n en el caso de aquellas empresas que se plantean la proyecci\u00f3n exterior por primera vez. En este sentido,\u00a0Foment organiza misiones empresariales para la apertura de nuevos mercados y ofrece numerosas de jornadas anuales de detecci\u00f3n de oportunidades de negocio e inversi\u00f3n en todo el mundo.<\/p>\n<p>As\u00ed, las jornadas que organiza el Departamento Internacional de Foment proporcionan una visi\u00f3n integral, clara y pr\u00e1ctica de temas que son importantes para la empresa que est\u00e1 en proceso de internacionalizaci\u00f3n o que est\u00e1 internacionalizada y necesita estrategias para continuar con su crecimiento.<\/p>\n<\/div>\n<\/div>\n<p>[\/vc_column_text][\/vc_column][\/vc_row]<\/p>\n<\/section>","protected":false},"excerpt":{"rendered":"<p>[vc_row][vc_column][vc_column_text]El presidente de la Comisi\u00f3n Parlamentar\u00eda del Jap\u00f3n y ex primero ministro del pa\u00eds, Manabu Sakai, ha visitado Foment del Treball, donde se ha reunido con el director de Internacional de la patronal, Kilian Garcia, para abordar los temas de actualidad pol\u00edtica internacional y las relaciones econ\u00f3micas existentes entre Catalu\u00f1a y Jap\u00f3n. Tambi\u00e9n han participado en el encuentro los directores de la Comisi\u00f3n: Satoshi Fujimaru, Arata Takebe y Hiroshi Kawauchi, respectivamente, adem\u00e1s de algunos de los miembros de la Comisi\u00f3n. Esta reuni\u00f3n se inscribe en la agenda anual de contactos intensa que mantiene Foment con representantes institucionales y empresariales de todo el mundo con objeto de impulsar oportunidades de negocio e inversi\u00f3n para empresas de Catalu\u00f1a, as\u00ed como presentar el pa\u00eds como una de las regiones de Europa m\u00e1s atractivas para captar inversiones.[\/vc_column_text][vc_column_text] Foment Internacional. Detectar y aprovechar oportunidades de negocio e inversi\u00f3n en todo el mundo La tarea de Foment del Treball en favor de la internacionalizaci\u00f3n de la econom\u00eda y las empresas catalanas\u00a0incluye la investigaci\u00f3n y exposici\u00f3n\u00a0de nuevos destinos para las empresas que han abierto mercado y la promoci\u00f3n\u00a0de la\u00a0iniciaci\u00f3n en el caso de aquellas empresas que se plantean la proyecci\u00f3n exterior por primera vez. En este sentido,\u00a0Foment [&hellip;]<\/p>\n","protected":false},"author":10,"featured_media":69069,"comment_status":"closed","ping_status":"closed","sticky":false,"template":"","format":"standard","meta":{"_links_to":"","_links_to_target":""},"categories":[114,72],"tags":[1831,687],"acf":[],"wps_subtitle":"El director de Internacional de Foment, Kilian Garcia, se re\u00fane con el presidente de la Comisi\u00f3n Permanente de Finanzas del Jap\u00f3n y ex primero ministro del pa\u00eds, Manabu Sakai, en la sede de la patronal catalana","_links":{"self":[{"href":"https:\/\/www.foment.com\/es\/wp-json\/wp\/v2\/posts\/69066"}],"collection":[{"href":"https:\/\/www.foment.com\/es\/wp-json\/wp\/v2\/posts"}],"about":[{"href":"https:\/\/www.foment.com\/es\/wp-json\/wp\/v2\/types\/post"}],"author":[{"embeddable":true,"href":"https:\/\/www.foment.com\/es\/wp-json\/wp\/v2\/users\/10"}],"replies":[{"embeddable":true,"href":"https:\/\/www.foment.com\/es\/wp-json\/wp\/v2\/comments?post=69066"}],"version-history":[{"count":0,"href":"https:\/\/www.foment.com\/es\/wp-json\/wp\/v2\/posts\/69066\/revisions"}],"wp:featuredmedia":[{"embeddable":true,"href":"https:\/\/www.foment.com\/es\/wp-json\/wp\/v2\/media\/69069"}],"wp:attachment":[{"href":"https:\/\/www.foment.com\/es\/wp-json\/wp\/v2\/media?parent=69066"}],"wp:term":[{"taxonomy":"category","embeddable":true,"href":"https:\/\/www.foment.com\/es\/wp-json\/wp\/v2\/categories?post=69066"},{"taxonomy":"post_tag","embeddable":true,"href":"https:\/\/www.foment.com\/es\/wp-json\/wp\/v2\/tags?post=69066"}],"curies":[{"name":"wp","href":"https:\/\/api.w.org\/{rel}","templated":true}]}}