{"id":70074,"date":"2019-09-10T10:09:28","date_gmt":"2019-09-10T08:09:28","guid":{"rendered":"https:\/\/www.foment.com\/els-riscos-politics-enfosqueixen-economia\/"},"modified":"2019-09-10T14:01:39","modified_gmt":"2019-09-10T12:01:39","slug":"los-riesgos-politicos-ensombrecen-economia","status":"publish","type":"post","link":"https:\/\/www.foment.com\/es\/los-riesgos-politicos-ensombrecen-economia\/","title":{"rendered":"Los riesgos pol\u00edticos ensombrecen la economia"},"content":{"rendered":"<section class=\"wpb-content-wrapper\"><p>[vc_row][vc_column][vc_column_text]<\/p>\n<ul>\n<li>Las soluciones individuales de los estados suponen un lastre del crecimiento econ\u00f3mico conjunto como, por ejemplo, el Brexit. La historia, con las devaluaciones competitivas de los a\u00f1os 30 ya mostraron su inviabilidad y acentu\u00f3 la profundidad de la crisis del crack del 29.<\/li>\n<li>La mayor complejidad pol\u00edtica catalana y espa\u00f1ola amplia la responsabilidad pol\u00edtica tambi\u00e9n a la oposici\u00f3n al romperse el bipartidismo.<\/li>\n<li>Ante un escenario de desaceleraci\u00f3n econ\u00f3mica internacional e interna se requiere eliminar debilidades internas. Por ello, deber\u00eda disponerse de presupuestos tanto en el Estado como en la Generalitat y en el Ayuntamiento de Barcelona. La pr\u00f3rroga presupuestaria es la excepci\u00f3n, no la norma.<\/li>\n<li>No se vislumbra una crisis cercana a la luz de los \u00faltimos datos.<\/li>\n<li>Nuevamente, la pol\u00edtica monetaria act\u00faa para suavizar la desaceleraci\u00f3n pero se requieren reformas estructurales que mejoren la productividad y la competitividad.<\/li>\n<\/ul>\n<p>[\/vc_column_text]<div class=\"spacer\" style=\"height: 10px;\"><\/div>[\/vc_column][\/vc_row][vc_row][vc_column width=\u00bb1\/3&#8243;][\/vc_column][vc_column width=\u00bb1\/3&#8243;]<a href=\"https:\/\/www.foment.com\/wp-content\/uploads\/2019\/09\/INFORME-MENSUAL-COYUNTURA-ECONOMICA_-CARATULA-.jpg\" target=\"_blank\" class=\"button color-3 medium \" style=\"border-radius: 4px;\"><i class='fa INFORME DE COYUNTURA ECON\u00d3MICA'><\/i><\/a><div class=\"spacer\" style=\"height: 10px;\"><\/div>[\/vc_column][vc_column width=\u00bb1\/3&#8243;][\/vc_column][\/vc_row][vc_row][vc_column][vc_column_text]El secretario general adjunto de Foment del Treball y director del departamento de Economia, <strong>Salvador Guillermo<\/strong>, y el presidente de la comisi\u00f3n de Econom\u00eda y Fiscalidad, <strong>Valent\u00ed Pich<\/strong>, han presentado el informe de coyuntura correspondiente al mes de agosto de 2019.<\/p>\n<p><strong>En el escenario internacional aumentan los niveles de incertidumbre<\/strong> (pol\u00edtica comercial EEUU-China, <em>Brexit<\/em>, Italia, Alemania, emergentes) <strong>que se trasladan con una revisi\u00f3n a la baja de las previsiones a nivel global<\/strong>, los tipos soberanos en m\u00ednimos y una pol\u00edtica monetaria acomodaticia con recorte de tipos de referencia en EEUU derivado de un giro de la misma.<\/p>\n<p><strong>Esta acentuaci\u00f3n en la desaceleraci\u00f3n se est\u00e1 dando tambi\u00e9n en la Uni\u00f3n Europea<\/strong>, destacando su mayor efecto en este segundo trimestre, especialmente, en Alemania e Italia, en el primer caso, derivado de las exportaciones en mayor medida, y en el segundo, por razones m\u00e1s internas. Debe destacarse, en el caso alem\u00e1n, las mayores incertidumbres sobre el sector del autom\u00f3vil y las exigencias regulatorias, por otro lado, como factores adicionales.<\/p>\n<p>Se estima que se moderar\u00e1 el crecimiento de la econom\u00eda espa\u00f1ola y catalana de cara al segundo semestre, despu\u00e9s de un inicio de a\u00f1o mejor del esperado. La demanda dom\u00e9stica continuar\u00e1 siendo el factor de impulso de la econom\u00eda, aunque la reducci\u00f3n del ritmo de creaci\u00f3n de empleo tambi\u00e9n la afectar\u00e1 m\u00e1s adelante.\u00a0 <strong>No se vislumbra una crisis cercana a la luz de los \u00faltimos datos.<\/strong>[\/vc_column_text]<div class=\"single_image wpb_content_element align-left    \" data-animation=\"none\" data-delay=\"0\"><img width=\"890\" height=\"668\" src=\"https:\/\/www.foment.com\/wp-content\/uploads\/2019\/09\/Grafic_1_ICE_cast.png\" class=\"attachment-full\" alt=\"\" loading=\"lazy\" title=\"Grafic_1_ICE_cast\" \/><\/div>[vc_column_text]En el segundo trimestre, la econom\u00eda espa\u00f1ola creci\u00f3 a menor ritmo que en el primero. Destaca la aportaci\u00f3n positiva del sector exterior y la aceleraci\u00f3n del consumo, frente a la <strong>moderaci\u00f3n de la inversi\u00f3n<\/strong>. Por su parte, la econom\u00eda catalana aceler\u00f3 ligeramente su avance en el segundo trimestre, pero se mantiene por debajo de la media del conjunto de Espa\u00f1a, aunque <strong>la CA de Madrid experiment\u00f3 un crecimiento de su PIB en el segundo trimestre del 3,3%<\/strong> (siendo superior al 3,0% desde 2015).[\/vc_column_text]<div class=\"single_image wpb_content_element align-left    \" data-animation=\"none\" data-delay=\"0\"><img width=\"676\" height=\"406\" src=\"https:\/\/www.foment.com\/wp-content\/uploads\/2019\/09\/Grafic_2_ICE_cast.png\" class=\"attachment-full\" alt=\"\" loading=\"lazy\" title=\"Grafic_2_ICE_cast\" \/><\/div>[vc_column_text]En el mercado de trabajo espa\u00f1ol y catal\u00e1n contin\u00faa aumentando el empleo y la afiliaci\u00f3n, en un contexto de crecimiento de la poblaci\u00f3n activa. Sin embargo, <strong>los ritmos de crecimiento del empleo observados comienzan a ser m\u00e1s moderados<\/strong>, en l\u00ednea con la evoluci\u00f3n de la actividad econ\u00f3mica. Seg\u00fan la EPA, <strong>el empleo en Espa\u00f1a aument\u00f3 en los \u00faltimos 12 meses en 431.000, de los cuales el 90% fue indefinido<\/strong>.<\/p>\n<p>Unos de los factores m\u00e1s determinantes, tanto a nivel internacional como interno, son los riesgos pol\u00edticos y las tensiones que puedan estar profundizando la desaceleraci\u00f3n econ\u00f3mica, a la vez que fuerzan que los bancos centrales suavicen m\u00e1s su pol\u00edtica monetaria para contrarrestar esa mayor expectativa de una fase de disminuci\u00f3n del ciclo econ\u00f3mico.<\/p>\n<p><strong>Es esencial disponer de presupuestos p\u00fablicos<\/strong><\/p>\n<p>En este contexto, <strong>resulta esencial reducir los riesgos pol\u00edticos<\/strong> que afectan al crecimiento econ\u00f3mico, y que <strong>a nivel interno, ser\u00eda esencial disponer de Presupuestos P\u00fablicos<\/strong> (tanto a nivel estatal, auton\u00f3mico como local). Existe una mayor fragmentaci\u00f3n pol\u00edtica (vs. Un bipartidismo m\u00e1s marcado), en donde debe exigirse un mayor compromiso, tanto al Gobierno, por su capacidad de iniciativa presupuestaria, como a la oposici\u00f3n, <strong>para que la pr\u00f3rroga presupuestaria sea la excepci\u00f3n y no la norma<\/strong>. Resulta necesario, y m\u00e1s ante un contexto de desaceleraci\u00f3n econ\u00f3mica y de menor creaci\u00f3n de empleo, <strong>que el conjunto de fuerzas huyan de un tacticismo a corto plazo<\/strong>, y se puedan incorporar y pactar en los presupuestos propuestas de las diferentes fuerzas parlamentarias.<\/p>\n<p>Adicionalmente, <strong>los cambios disruptivos que se producen en la denominada econom\u00eda 4.0, exigen tambi\u00e9n una estabilidad pol\u00edtica para adecuar un conjunto de pactos, de amplio espectro pol\u00edtico<\/strong>, que permitan acciones dirigidas a la mejora de la productividad, tales como la formaci\u00f3n, una administraci\u00f3n p\u00fablica eficiente, un servicio de justicia \u00e1gil, y el desarrollo de infraestructuras, entre otros, as\u00ed como acciones que refuercen la cohesi\u00f3n social y la sostenibilidad ambiental.<\/p>\n<p><strong>Promover un crecimiento inclusivo <\/strong><\/p>\n<p>Sobre el crecimiento inclusivo que la OCDE define como \u00ablo que crea oportunidades para todos los grupos de poblaci\u00f3n y distribuye los dividendos del incremento en prosperidad, tanto en t\u00e9rminos monetarios como no monetarios, de manera justa entre la sociedad\u201c,\u00a0 para promoverlo en Espa\u00f1a es necesario reforzar las estrategias en el mercado laboral, la reducci\u00f3n del fracaso escolar y del abandono prematuro, y reforzar la calidad del trabajo y las pol\u00edticas de familia y de conciliaci\u00f3n.<\/p>\n<p><strong>Papel relevante de Barcelona entre las ciudades globales<\/strong><\/p>\n<p>Cada vez m\u00e1s, la competencia por las actividades de alto valor a\u00f1adido y la atracci\u00f3n<br \/>\ndel talento en una econom\u00eda globalizada se da m\u00e1s entre ciudades globales en lugar de entre los pa\u00edses, aunque siguen teniendo un papel relevante. Hoy, por ejemplo, no compite el Reino Unido vs los Pa\u00edses Bajos, sino Londres vs Amsterdam; y destaca ver como Londres, de ser un referente estando dentro de la UE, pierde parcialmente su atractivo por el Brexit. En este proceso de globalizaci\u00f3n y de concentraci\u00f3n del poder econ\u00f3mico, de la gesti\u00f3n de la cadena de valor y de actividades de alto valor a\u00f1adido, no son muchas las ciudades que pueden participar de esta \u00abliga de ciudades\u00bb, pero <strong>Barcelona, \u200b\u200bpuede jugar un papel relevante, aunque la competencia, dado el proceso de concentraci\u00f3n, ser\u00e1 cada vez m\u00e1s significativo<\/strong>. Desde la sociedad civil, como desde las instituciones locales, con un <strong>enfoque eminentemente metropolitano<\/strong>, debemos saber aprovechar las potencialidades de Barcelona y su \u00e1rea \/ regi\u00f3n metropolitana para situarla como ciudad global.[\/vc_column_text][\/vc_column][\/vc_row]<\/p>\n<\/section>","protected":false},"excerpt":{"rendered":"<p>[vc_row][vc_column][vc_column_text] Las soluciones individuales de los estados suponen un lastre del crecimiento econ\u00f3mico conjunto como, por ejemplo, el Brexit. La historia, con las devaluaciones competitivas de los a\u00f1os 30 ya mostraron su inviabilidad y acentu\u00f3 la profundidad de la crisis del crack del 29. La mayor complejidad pol\u00edtica catalana y espa\u00f1ola amplia la responsabilidad pol\u00edtica tambi\u00e9n a la oposici\u00f3n al romperse el bipartidismo. Ante un escenario de desaceleraci\u00f3n econ\u00f3mica internacional e interna se requiere eliminar debilidades internas. Por ello, deber\u00eda disponerse de presupuestos tanto en el Estado como en la Generalitat y en el Ayuntamiento de Barcelona. La pr\u00f3rroga presupuestaria es la excepci\u00f3n, no la norma. No se vislumbra una crisis cercana a la luz de los \u00faltimos datos. Nuevamente, la pol\u00edtica monetaria act\u00faa para suavizar la desaceleraci\u00f3n pero se requieren reformas estructurales que mejoren la productividad y la competitividad. [\/vc_column_text][\/vc_column][\/vc_row][vc_row][vc_column width=\u00bb1\/3&#8243;][\/vc_column][vc_column width=\u00bb1\/3&#8243;][\/vc_column][vc_column width=\u00bb1\/3&#8243;][\/vc_column][\/vc_row][vc_row][vc_column][vc_column_text]El secretario general adjunto de Foment del Treball y director del departamento de Economia, Salvador Guillermo, y el presidente de la comisi\u00f3n de Econom\u00eda y Fiscalidad, Valent\u00ed Pich, han presentado el informe de coyuntura correspondiente al mes de agosto de 2019. En el escenario internacional aumentan los niveles de incertidumbre (pol\u00edtica comercial EEUU-China, Brexit, Italia, Alemania, emergentes) [&hellip;]<\/p>\n","protected":false},"author":10,"featured_media":70107,"comment_status":"closed","ping_status":"closed","sticky":false,"template":"","format":"standard","meta":{"_links_to":"","_links_to_target":""},"categories":[114,69],"tags":[715,716],"acf":[],"wps_subtitle":"El informe de coyuntura de Foment del Treball se\u00f1ala que la expectativa de menor crecimiento y de mayores tensiones geopol\u00edticas se ha reflejado en la evoluci\u00f3n burs\u00e1til de los principales \u00edndices en el mes de agosto","_links":{"self":[{"href":"https:\/\/www.foment.com\/es\/wp-json\/wp\/v2\/posts\/70074"}],"collection":[{"href":"https:\/\/www.foment.com\/es\/wp-json\/wp\/v2\/posts"}],"about":[{"href":"https:\/\/www.foment.com\/es\/wp-json\/wp\/v2\/types\/post"}],"author":[{"embeddable":true,"href":"https:\/\/www.foment.com\/es\/wp-json\/wp\/v2\/users\/10"}],"replies":[{"embeddable":true,"href":"https:\/\/www.foment.com\/es\/wp-json\/wp\/v2\/comments?post=70074"}],"version-history":[{"count":0,"href":"https:\/\/www.foment.com\/es\/wp-json\/wp\/v2\/posts\/70074\/revisions"}],"wp:featuredmedia":[{"embeddable":true,"href":"https:\/\/www.foment.com\/es\/wp-json\/wp\/v2\/media\/70107"}],"wp:attachment":[{"href":"https:\/\/www.foment.com\/es\/wp-json\/wp\/v2\/media?parent=70074"}],"wp:term":[{"taxonomy":"category","embeddable":true,"href":"https:\/\/www.foment.com\/es\/wp-json\/wp\/v2\/categories?post=70074"},{"taxonomy":"post_tag","embeddable":true,"href":"https:\/\/www.foment.com\/es\/wp-json\/wp\/v2\/tags?post=70074"}],"curies":[{"name":"wp","href":"https:\/\/api.w.org\/{rel}","templated":true}]}}