{"id":70362,"date":"2019-09-13T10:00:45","date_gmt":"2019-09-13T08:00:45","guid":{"rendered":"https:\/\/www.foment.com\/foment-nou-soci-adherit-a-business-angels-network-catalunya-banc\/"},"modified":"2019-09-13T10:41:37","modified_gmt":"2019-09-13T08:41:37","slug":"foment-nuevo-socio-adherido-a-business-angels-network-catalunya-banc","status":"publish","type":"post","link":"https:\/\/www.foment.com\/es\/foment-nuevo-socio-adherido-a-business-angels-network-catalunya-banc\/","title":{"rendered":"Foment del Treball, nuevo socio adherido a la Business Angels Network de Catalunya (BANC)"},"content":{"rendered":"<section class=\"wpb-content-wrapper\"><p>[vc_row][vc_column][vc_column_text]<\/p>\n<ul>\n<li><strong>El convenio firmado pretende promover la financiaci\u00f3n de nuevos proyectos empresariales a trav\u00e9s de la inversi\u00f3n privada.\u00a0<\/strong><\/li>\n<li><strong>BANC organizar\u00e1 sesiones informativas y charlas abiertas a todos los asociados de Foment con el objetivo de poner en contacto inversores privados (business angels) con personas emprendedoras que buscan financiaci\u00f3n.<\/strong><\/li>\n<\/ul>\n<p>El presidente de Fomento del Trabajo, <strong>Josep S\u00e1nchez Llibre<\/strong>, y el presidente de la BANC, Business Angels Network de Catalu\u00f1a y de la patronal Cecot, <strong>Antoni Abad<\/strong>, han firmado un convenio de colaboraci\u00f3n para <strong>promover la financiaci\u00f3n de nuevos proyectos empresariales a trav\u00e9s de la inversi\u00f3n privada<\/strong>.<\/p>\n<p>El objetivo de ambas entidades, mediante este acuerdo, es <strong>establecer y desarrollar iniciativas de colaboraci\u00f3n en materia de promoci\u00f3n y consolidaci\u00f3n empresarial, fomentando la ocupaci\u00f3n, la investigaci\u00f3n y la innovaci\u00f3n en Catalu\u00f1a<\/strong>.<\/p>\n<p>S\u00e1nchez Llibre ha insistido en la voluntad y el compromiso firme de Foment por <strong>\u201cfavorecer un clima a favor del emprendimiento, especialmente con la investigaci\u00f3n de mecanismos de financiaci\u00f3n que permitan el desarrollo de proyectos empresariales viables, y esta colaboraci\u00f3n, sin duda, potenciar\u00e1 el esp\u00edritu emprendedor y su financiaci\u00f3n\u201d<\/strong>.<\/p>\n<p>Para Abad, <strong>\u201cincorporar a Foment del Treball como socio de BANC nos permitir\u00e1 crecer y ser m\u00e1s fuertes y en definitiva ayudar\u00e1 a poner en marcha y hacer crecer ideas de emprendedores y emprendedoras de nuestro pa\u00eds\u201d<\/strong>.<\/p>\n<p>En el conjunto de los \u00faltimos 15 a\u00f1os, BANC ha contribuido en movilizar 204 business angels en 94 operaciones, con una media de 2,7 business angels por operaci\u00f3n y 13,4 millones \u20ac (tanto de fundadores como de business angels) con una media de 142.000 \u20ac por operaci\u00f3n.[\/vc_column_text]<div class=\"flexslider wpb_content_element\"><ul class=\"slides\"><li><img src=\"https:\/\/www.foment.com\/wp-content\/uploads\/2019\/09\/IMG_7236.jpg\" alt=\"\" \/><\/li><li><img src=\"https:\/\/www.foment.com\/wp-content\/uploads\/2019\/09\/IMG_7232.jpg\" alt=\"\" \/><\/li><li><img src=\"https:\/\/www.foment.com\/wp-content\/uploads\/2019\/09\/IMG_7249.jpg\" alt=\"\" \/><\/li><\/ul><\/div>[\/vc_column][\/vc_row]<\/p>\n<\/section>","protected":false},"excerpt":{"rendered":"<p>[vc_row][vc_column][vc_column_text] El convenio firmado pretende promover la financiaci\u00f3n de nuevos proyectos empresariales a trav\u00e9s de la inversi\u00f3n privada.\u00a0 BANC organizar\u00e1 sesiones informativas y charlas abiertas a todos los asociados de Foment con el objetivo de poner en contacto inversores privados (business angels) con personas emprendedoras que buscan financiaci\u00f3n. El presidente de Fomento del Trabajo, Josep S\u00e1nchez Llibre, y el presidente de la BANC, Business Angels Network de Catalu\u00f1a y de la patronal Cecot, Antoni Abad, han firmado un convenio de colaboraci\u00f3n para promover la financiaci\u00f3n de nuevos proyectos empresariales a trav\u00e9s de la inversi\u00f3n privada. El objetivo de ambas entidades, mediante este acuerdo, es establecer y desarrollar iniciativas de colaboraci\u00f3n en materia de promoci\u00f3n y consolidaci\u00f3n empresarial, fomentando la ocupaci\u00f3n, la investigaci\u00f3n y la innovaci\u00f3n en Catalu\u00f1a. S\u00e1nchez Llibre ha insistido en la voluntad y el compromiso firme de Foment por \u201cfavorecer un clima a favor del emprendimiento, especialmente con la investigaci\u00f3n de mecanismos de financiaci\u00f3n que permitan el desarrollo de proyectos empresariales viables, y esta colaboraci\u00f3n, sin duda, potenciar\u00e1 el esp\u00edritu emprendedor y su financiaci\u00f3n\u201d. Para Abad, \u201cincorporar a Foment del Treball como socio de BANC nos permitir\u00e1 crecer y ser m\u00e1s fuertes y en definitiva ayudar\u00e1 a poner [&hellip;]<\/p>\n","protected":false},"author":10,"featured_media":70342,"comment_status":"closed","ping_status":"closed","sticky":false,"template":"","format":"standard","meta":{"_links_to":"","_links_to_target":""},"categories":[114,1655,68],"tags":[1934,317,1935,1467],"acf":[],"wps_subtitle":"El objetivo de ambas entidades, mediante este acuerdo, es establecer y desarrollar iniciativas de colaboraci\u00f3n en materia de promoci\u00f3n y consolidaci\u00f3n empresarial, fomentando la ocupaci\u00f3n, la investigaci\u00f3n y la innovaci\u00f3n en Catalu\u00f1a","_links":{"self":[{"href":"https:\/\/www.foment.com\/es\/wp-json\/wp\/v2\/posts\/70362"}],"collection":[{"href":"https:\/\/www.foment.com\/es\/wp-json\/wp\/v2\/posts"}],"about":[{"href":"https:\/\/www.foment.com\/es\/wp-json\/wp\/v2\/types\/post"}],"author":[{"embeddable":true,"href":"https:\/\/www.foment.com\/es\/wp-json\/wp\/v2\/users\/10"}],"replies":[{"embeddable":true,"href":"https:\/\/www.foment.com\/es\/wp-json\/wp\/v2\/comments?post=70362"}],"version-history":[{"count":0,"href":"https:\/\/www.foment.com\/es\/wp-json\/wp\/v2\/posts\/70362\/revisions"}],"wp:featuredmedia":[{"embeddable":true,"href":"https:\/\/www.foment.com\/es\/wp-json\/wp\/v2\/media\/70342"}],"wp:attachment":[{"href":"https:\/\/www.foment.com\/es\/wp-json\/wp\/v2\/media?parent=70362"}],"wp:term":[{"taxonomy":"category","embeddable":true,"href":"https:\/\/www.foment.com\/es\/wp-json\/wp\/v2\/categories?post=70362"},{"taxonomy":"post_tag","embeddable":true,"href":"https:\/\/www.foment.com\/es\/wp-json\/wp\/v2\/tags?post=70362"}],"curies":[{"name":"wp","href":"https:\/\/api.w.org\/{rel}","templated":true}]}}