{"id":70509,"date":"2019-09-16T11:24:53","date_gmt":"2019-09-16T09:24:53","guid":{"rendered":"https:\/\/www.foment.com\/foment-lliura-a-delegada-govern-conseller-interior-i-tinent-alcalde-lajuntament-proposicio-llei-per-modificar-codi-penal\/"},"modified":"2019-09-16T13:46:07","modified_gmt":"2019-09-16T11:46:07","slug":"foment-entrega-a-delegada-gobierno-conseller-interior-y-teniente-alcalde-ayuntamiento-proposicion-ley-para-modificar-codigo-penal","status":"publish","type":"post","link":"https:\/\/www.foment.com\/es\/foment-entrega-a-delegada-gobierno-conseller-interior-y-teniente-alcalde-ayuntamiento-proposicion-ley-para-modificar-codigo-penal\/","title":{"rendered":"Foment entrega a la Delegada del Gobierno, al Conseller de Interior y al Teniente de Alcalde del Ayuntamiento una proposici\u00f3n de ley para modificar el C\u00f3digo Penal"},"content":{"rendered":"<section class=\"wpb-content-wrapper\"><p>[vc_row][vc_column][vc_column_text]<\/p>\n<ul>\n<li><strong>El Presidente de Foment entrega el texto articulado a la Delegada del Gobierno en Catalu\u00f1a, al Conseller de Interior y al Primer Teniente de Alcalde del Ayuntamiento de Barcelona.<\/strong><\/li>\n<li><strong>Tambi\u00e9n ofrece una propuesta de resoluci\u00f3n para el Debate de Pol\u00edtica General del Parlamento y una moci\u00f3n para los Ayuntamientos, que permitan incrementar la seguridad y combatir la multe reincidencia. <\/strong><\/li>\n<li><strong>S\u00e1nchez Llibre subraya la importancia de la cooperaci\u00f3n institucional para afrontar problemas como el de la inseguridad.<\/strong><\/li>\n<\/ul>\n<p>[\/vc_column_text]<div class=\"spacer\" style=\"height: 10px;\"><\/div>[\/vc_column][\/vc_row][vc_row][vc_column width=\u00bb1\/3&#8243;]<a href=\"https:\/\/www.foment.com\/wp-content\/uploads\/2019\/09\/PROPOSICI\u00d3N-DE-LEY-C\u00d3DIGO-PENAL-MULTIREINCIDENCIA.pdf\" target=\"_blank\" class=\"button color-3 medium \" style=\"border-radius: 4px;\">Propuesta de texto articulado para la Mesa del Congreso de los Diputados de una proposici\u00f3n de ley<\/a><div class=\"spacer\" style=\"height: 20px;\"><\/div>[\/vc_column][vc_column width=\u00bb1\/3&#8243;]<a href=\"https:\/\/www.foment.com\/wp-content\/uploads\/2019\/09\/PROPOSTA-DE-RESOLUCI\u00d3-DEBAT-POL\u00cdTICA-GENERAL.pdf\" target=\"_blank\" class=\"button color-3 medium \" style=\"border-radius: 4px;\">Propuesta de resoluci\u00f3n para el Debate de Pol\u00edtica General en el Parlament<\/a><div class=\"spacer\" style=\"height: 20px;\"><\/div>[\/vc_column][vc_column width=\u00bb1\/3&#8243;]<a href=\"https:\/\/www.foment.com\/wp-content\/uploads\/2019\/09\/MOCI\u00d3-AJUNTAMENT-DE-BARCELONA-REINCID\u00c8NCIA.pdf\" target=\"_blank\" class=\"button color-3 medium \" style=\"border-radius: 4px;\">Propuesta de moci\u00f3n para los ayuntamientos<\/a><div class=\"spacer\" style=\"height: 20px;\"><\/div>[\/vc_column][\/vc_row][vc_row][vc_column][vc_column_text]El Presidente de Foment del Treball, <strong>Josep S\u00e1nchez Llibre<\/strong>, ha entregado las propuestas de la patronal para incrementar la seguridad a la Delegada del Gobierno, Teresa Cunillera, al Conseller de Interior, <strong>Miquel Buch<\/strong>, y al Primer Teniente de Alcalde del Ayuntamiento de Barcelona, <strong>Jaume Collboni<\/strong>.<\/p>\n<p>S\u00e1nchez Llibre les ha entregado la propuesta para <strong>reformar el C\u00f3digo Penal, crear juzgados especiales de instrucci\u00f3n para la seguridad ciudadana e impulsar nuevas pol\u00edticas de seguridad y prevenci\u00f3n, aprobada por la junta directiva de Foment<\/strong>.<\/p>\n<p>Foment les ha dado, adem\u00e1s, una propuesta de <strong>texto articulado para la Mesa del Congreso de los Diputados de una proposici\u00f3n de ley que, subscrita por los grupos parlamentarios que la quieran firmar, pide modificar el C\u00f3digo Penal para elevar las condenas en los casos de reincidencia y multireincidencia en la comisi\u00f3n de delitos leves de hurto<\/strong>.<\/p>\n<p>En esta l\u00ednea de colaboraci\u00f3n institucional, S\u00e1nchez Llibre tambi\u00e9n les ha librado el texto de una propuesta de <strong>resoluci\u00f3n a subscribir por los grupos parlamentarios de cara al Debate de Pol\u00edtica General del Parlament y el de una moci\u00f3n que se podr\u00eda presentar en los diversos ayuntamientos de Catalu\u00f1a<\/strong>.<\/p>\n<p>Estos textos son susceptibles, l\u00f3gicamente, de modificaci\u00f3n por parte de los grupos parlamentarios y municipales con el objetivo de conseguir el m\u00e1ximo consenso.<\/p>\n<p>Al acabar la reuni\u00f3n con los representantes de la Delegaci\u00f3n del Gobierno de Espa\u00f1a en Catalu\u00f1a, del Gobierno de la Generalitat de Catalu\u00f1a y del Ayuntamiento de Barcelona, S\u00e1nchez Llibre, ha subrayado<strong> \u201cla importancia de esta colaboraci\u00f3n institucional para incrementar la seguridad ciudadana entre el Gobierno de Espa\u00f1a, el de la Generalitat de Catalu\u00f1a y el del Ayuntamiento\u201d<\/strong>. El presidente de Foment ha remarcado que \u201ces una actitud constructiva en una reuni\u00f3n que se ha desarrollado en un clima excelente y que demuestra la buena actitud de los tres gobiernos para resolver un problema transversal como el de la inseguridad\u201d. \u201cTrabajando juntos con di\u00e1logo y consenso se puede hacer un trabajo muy eficaz\u201d -ha resaltado.<\/p>\n<p>S\u00e1nchez Llibre ha se\u00f1alado que la propuesta de reforma del C\u00f3digo Penal, de crear juzgados especiales para la seguridad ciudadana que faciliten la justicia r\u00e1pida y de impulsar nuevas pol\u00edticas de prevenci\u00f3n y seguridad \u201cest\u00e1 planteada no solo para la ciudad de Barcelona -que contin\u00faa siendo una de las ciudades mundiales m\u00e1s seguras y din\u00e1micas- sino para toda Espa\u00f1a a todos los efectos\u201d. <strong>\u201cHay que disolver la sensaci\u00f3n falsa de que Barcelona no es una ciudad segura\u201d<\/strong> -ha se\u00f1alado, aun teniendo en cuenta el incremento de delitos que ha habido entes estos \u00faltimos meses.<\/p>\n<p>La proposici\u00f3n de ley tiene este punto b\u00e1sico:<\/p>\n<ul>\n<li>Imponer en el C\u00f3digo Penal penas privativas de libertad a la multireincidencia en los peque\u00f1os hurtos, es decir, las sustracciones que se hacen sin violencia ni intimidaci\u00f3n por valor de menos de 400 \u20ac.<\/li>\n<\/ul>\n<p>Con esta iniciativa impulsada por los \u00e1mbitos del comercio y del turismo de Foment se pretende aumentar la capacidad intimidatoria y disuasiva del C\u00f3digo Penal.<\/p>\n<p>En la misma l\u00ednea de colaboraci\u00f3n positiva, Foment ha preparado un texto para el Parlament de Catalu\u00f1a para que los grupo parlamentarios que lo consideren oportuno lo puedan presentar como resoluci\u00f3n en el Debate de Pol\u00edtica General de este mes de septiembre y tambi\u00e9n una moci\u00f3n dirigida a los ayuntamientos de Catalu\u00f1a.[\/vc_column_text]<div class=\"flexslider wpb_content_element\"><ul class=\"slides\"><li><img src=\"https:\/\/www.foment.com\/wp-content\/uploads\/2019\/09\/IMG_7296.jpg\" alt=\"\" \/><\/li><li><img src=\"https:\/\/www.foment.com\/wp-content\/uploads\/2019\/09\/IMG_7306.jpg\" alt=\"\" \/><\/li><li><img src=\"https:\/\/www.foment.com\/wp-content\/uploads\/2019\/09\/IMG_7316.jpg\" alt=\"\" \/><\/li><li><img src=\"https:\/\/www.foment.com\/wp-content\/uploads\/2019\/09\/IMG_7338.jpg\" alt=\"\" \/><\/li><\/ul><\/div>[\/vc_column][\/vc_row]<\/p>\n<\/section>","protected":false},"excerpt":{"rendered":"<p>[vc_row][vc_column][vc_column_text] El Presidente de Foment entrega el texto articulado a la Delegada del Gobierno en Catalu\u00f1a, al Conseller de Interior y al Primer Teniente de Alcalde del Ayuntamiento de Barcelona. Tambi\u00e9n ofrece una propuesta de resoluci\u00f3n para el Debate de Pol\u00edtica General del Parlamento y una moci\u00f3n para los Ayuntamientos, que permitan incrementar la seguridad y combatir la multe reincidencia. S\u00e1nchez Llibre subraya la importancia de la cooperaci\u00f3n institucional para afrontar problemas como el de la inseguridad. [\/vc_column_text][\/vc_column][\/vc_row][vc_row][vc_column width=\u00bb1\/3&#8243;][\/vc_column][vc_column width=\u00bb1\/3&#8243;][\/vc_column][vc_column width=\u00bb1\/3&#8243;][\/vc_column][\/vc_row][vc_row][vc_column][vc_column_text]El Presidente de Foment del Treball, Josep S\u00e1nchez Llibre, ha entregado las propuestas de la patronal para incrementar la seguridad a la Delegada del Gobierno, Teresa Cunillera, al Conseller de Interior, Miquel Buch, y al Primer Teniente de Alcalde del Ayuntamiento de Barcelona, Jaume Collboni. S\u00e1nchez Llibre les ha entregado la propuesta para reformar el C\u00f3digo Penal, crear juzgados especiales de instrucci\u00f3n para la seguridad ciudadana e impulsar nuevas pol\u00edticas de seguridad y prevenci\u00f3n, aprobada por la junta directiva de Foment. Foment les ha dado, adem\u00e1s, una propuesta de texto articulado para la Mesa del Congreso de los Diputados de una proposici\u00f3n de ley que, subscrita por los grupos parlamentarios que la quieran firmar, pide modificar el C\u00f3digo Penal para [&hellip;]<\/p>\n","protected":false},"author":10,"featured_media":70520,"comment_status":"closed","ping_status":"closed","sticky":false,"template":"","format":"standard","meta":{"_links_to":"","_links_to_target":""},"categories":[114,68],"tags":[1943,1945,1944,1946,1843,552],"acf":[],"wps_subtitle":"Iniciativa para aumentar la seguridad ciuadana","_links":{"self":[{"href":"https:\/\/www.foment.com\/es\/wp-json\/wp\/v2\/posts\/70509"}],"collection":[{"href":"https:\/\/www.foment.com\/es\/wp-json\/wp\/v2\/posts"}],"about":[{"href":"https:\/\/www.foment.com\/es\/wp-json\/wp\/v2\/types\/post"}],"author":[{"embeddable":true,"href":"https:\/\/www.foment.com\/es\/wp-json\/wp\/v2\/users\/10"}],"replies":[{"embeddable":true,"href":"https:\/\/www.foment.com\/es\/wp-json\/wp\/v2\/comments?post=70509"}],"version-history":[{"count":0,"href":"https:\/\/www.foment.com\/es\/wp-json\/wp\/v2\/posts\/70509\/revisions"}],"wp:featuredmedia":[{"embeddable":true,"href":"https:\/\/www.foment.com\/es\/wp-json\/wp\/v2\/media\/70520"}],"wp:attachment":[{"href":"https:\/\/www.foment.com\/es\/wp-json\/wp\/v2\/media?parent=70509"}],"wp:term":[{"taxonomy":"category","embeddable":true,"href":"https:\/\/www.foment.com\/es\/wp-json\/wp\/v2\/categories?post=70509"},{"taxonomy":"post_tag","embeddable":true,"href":"https:\/\/www.foment.com\/es\/wp-json\/wp\/v2\/tags?post=70509"}],"curies":[{"name":"wp","href":"https:\/\/api.w.org\/{rel}","templated":true}]}}