{"id":70837,"date":"2019-09-19T12:09:21","date_gmt":"2019-09-19T10:09:21","guid":{"rendered":"https:\/\/www.foment.com\/la-ceoe-assumeix-les-propostes-de-foment-per-combatre-la-inseguretat-ciutadana-a-tot-lestat\/"},"modified":"2019-09-19T13:20:34","modified_gmt":"2019-09-19T11:20:34","slug":"ceoe-asume-propuestas-foment-para-combatir-inseguridad-ciudadana-en-espana","status":"publish","type":"post","link":"https:\/\/www.foment.com\/es\/ceoe-asume-propuestas-foment-para-combatir-inseguridad-ciudadana-en-espana\/","title":{"rendered":"La CEOE asume las propuestas de Foment para combatir la inseguridad ciudadana en Espa\u00f1a"},"content":{"rendered":"<section class=\"wpb-content-wrapper\"><p>[vc_row][vc_column][vc_column_text]El presidente de Foment del Treball, <strong>Josep S\u00e1nchez Llibre<\/strong>, ha defendido en su intervenci\u00f3n como vicepresidente de la CEOE en la reuni\u00f3n de la Junta Directiva en Madrid el <strong>plan de choque de la patronal catalana para incrementar la seguridad<\/strong>.<\/p>\n<p>S\u00e1nchez Llibre remarca que \u201c<strong>la CEOE ha hecho suyo el plan de choque de Foment<\/strong> que ya presentamos a la Delegaci\u00f3n del Gobierno en Catalu\u00f1a, a la Consejer\u00eda de Interior del Gobierno de la Generalitat y al Ayuntamiento de Barcelona para hacer posible esta <strong>modificaci\u00f3n del C\u00f3digo Penal para endurecer las condenas de la multireincidencia continuada<\/strong>, porque en lugar de una multa se pueda ordenar prisi\u00f3n provisional\u201d.<\/p>\n<p>En concreto la propuesta plantea<strong> imponer en el C\u00f3digo Penal penas privativas de libertad a la multireincid\u00e8ncia en los peque\u00f1os hurtos<\/strong>, es decir, en las sustracciones que se hacen sin violencia ni intimidaci\u00f3n por valor de menos de 400\u20ac. Tambi\u00e9n plantea <strong>crear juzgados especiales de instrucci\u00f3n para la seguridad ciudadana<\/strong> que se les permita hacer juicios r\u00e1pidos entre 24 y 72 horas despu\u00e9s de haberse cometido el delito e impulsar nuevas pol\u00edticas de seguridad y prevenci\u00f3n.<\/p>\n<p>El presidente de Foment a\u00f1ade que la patronal de Madrid CEIM con su presidente al frente, <strong>Miguel Garrido<\/strong>, y la CEOE de Arag\u00f3n encabezada por <strong>Ricardo Mur<\/strong>, ya han asumido este plan para ponerlo en marcha lo antes posible.<\/p>\n<p>S\u00e1nchez Llibre remarca que <strong>\u201ces una buena noticia que propuestas que provienen de la sociedad civil \u2013del mundo del comercio, de la restauraci\u00f3n, de la hoteler\u00eda, del turismo\u2013 sean asumidas por las formaciones pol\u00edticas y por los grupos parlamentarios del Congreso\u201d<\/strong> . Y se\u00f1ala que \u201cahora habr\u00e1 que esperar al resultado de las pr\u00f3ximas elecciones del 10 de noviembre para poder llevar a cabo la modificaci\u00f3n del C\u00f3digo Penal\u201d.<\/p>\n<p>En este sentido, Foment ha redactado una <strong>propuesta de proposici\u00f3n de ley para que sea asumida por los grupos parlamentarios que la quieran subscribir, que pide modificar el C\u00f3digo Penal para elevar las condenas en los casos de reincidencia y multireincid\u00e8ncia en la comisi\u00f3n de delitos leves de hurto<\/strong>.\u00a0 Por lo tanto, si se lleva a cabo esta modificaci\u00f3n \u201cfacilitar\u00eda la <strong>lucha contra la inseguridad ciudadana en todo Espa\u00f1a<\/strong>. Hay que rehuir del alarmismo porque continuamos siendo una sociedad segura, pero es bueno que trabajemos todos juntos, todas las instituciones y la sociedad civil para incrementar la seguridad de todo el pa\u00eds y con una atenci\u00f3n especial en las grandes ciudades que atraen el turismo. Colaborando juntos lo conseguiremos\u201d, destaca S\u00e1nchez Llibre.<\/p>\n<p>A la vez Foment ha hecho <strong>dos textos articulados m\u00e1s: una resoluci\u00f3n para que sea presentada en el Debate de Pol\u00edtica General del Parlamento de Catalu\u00f1a previsto los d\u00edas 25 y 26 de septiembre, y una moci\u00f3n para los ayuntamientos<\/strong>. Con esta iniciativa, impulsada por los \u00e1mbitos del comercio y del turismo de Foment y ahora asumidas por la CEOE, se pretende aumentar la capacidad intimidatoria y disuasiva del C\u00f3digo Penal.[\/vc_column_text]<div class=\"single_image wpb_content_element align-left    \" data-animation=\"none\" data-delay=\"0\"><img width=\"3344\" height=\"2666\" src=\"https:\/\/www.foment.com\/wp-content\/uploads\/2019\/09\/President_Ceoe.jpg\" class=\"attachment-full\" alt=\"\" loading=\"lazy\" title=\"inseguridad Espa\u00f1a\" \/><span class=\"single_image_caption\">Josep S\u00e1nchez Llibre en la Junta Directiva de la CEOE celebrada ayer<\/span><\/div>[\/vc_column][\/vc_row]<\/p>\n<\/section>","protected":false},"excerpt":{"rendered":"<p>[vc_row][vc_column][vc_column_text]El presidente de Foment del Treball, Josep S\u00e1nchez Llibre, ha defendido en su intervenci\u00f3n como vicepresidente de la CEOE en la reuni\u00f3n de la Junta Directiva en Madrid el plan de choque de la patronal catalana para incrementar la seguridad. S\u00e1nchez Llibre remarca que \u201cla CEOE ha hecho suyo el plan de choque de Foment que ya presentamos a la Delegaci\u00f3n del Gobierno en Catalu\u00f1a, a la Consejer\u00eda de Interior del Gobierno de la Generalitat y al Ayuntamiento de Barcelona para hacer posible esta modificaci\u00f3n del C\u00f3digo Penal para endurecer las condenas de la multireincidencia continuada, porque en lugar de una multa se pueda ordenar prisi\u00f3n provisional\u201d. En concreto la propuesta plantea imponer en el C\u00f3digo Penal penas privativas de libertad a la multireincid\u00e8ncia en los peque\u00f1os hurtos, es decir, en las sustracciones que se hacen sin violencia ni intimidaci\u00f3n por valor de menos de 400\u20ac. Tambi\u00e9n plantea crear juzgados especiales de instrucci\u00f3n para la seguridad ciudadana que se les permita hacer juicios r\u00e1pidos entre 24 y 72 horas despu\u00e9s de haberse cometido el delito e impulsar nuevas pol\u00edticas de seguridad y prevenci\u00f3n. El presidente de Foment a\u00f1ade que la patronal de Madrid CEIM con su presidente al frente, Miguel [&hellip;]<\/p>\n","protected":false},"author":7,"featured_media":70871,"comment_status":"closed","ping_status":"closed","sticky":false,"template":"","format":"standard","meta":{"_links_to":"","_links_to_target":""},"categories":[114,68,6430],"tags":[1843,1987,1989,1988],"acf":[],"wps_subtitle":"","_links":{"self":[{"href":"https:\/\/www.foment.com\/es\/wp-json\/wp\/v2\/posts\/70837"}],"collection":[{"href":"https:\/\/www.foment.com\/es\/wp-json\/wp\/v2\/posts"}],"about":[{"href":"https:\/\/www.foment.com\/es\/wp-json\/wp\/v2\/types\/post"}],"author":[{"embeddable":true,"href":"https:\/\/www.foment.com\/es\/wp-json\/wp\/v2\/users\/7"}],"replies":[{"embeddable":true,"href":"https:\/\/www.foment.com\/es\/wp-json\/wp\/v2\/comments?post=70837"}],"version-history":[{"count":0,"href":"https:\/\/www.foment.com\/es\/wp-json\/wp\/v2\/posts\/70837\/revisions"}],"wp:featuredmedia":[{"embeddable":true,"href":"https:\/\/www.foment.com\/es\/wp-json\/wp\/v2\/media\/70871"}],"wp:attachment":[{"href":"https:\/\/www.foment.com\/es\/wp-json\/wp\/v2\/media?parent=70837"}],"wp:term":[{"taxonomy":"category","embeddable":true,"href":"https:\/\/www.foment.com\/es\/wp-json\/wp\/v2\/categories?post=70837"},{"taxonomy":"post_tag","embeddable":true,"href":"https:\/\/www.foment.com\/es\/wp-json\/wp\/v2\/tags?post=70837"}],"curies":[{"name":"wp","href":"https:\/\/api.w.org\/{rel}","templated":true}]}}