{"id":71099,"date":"2019-09-24T11:21:11","date_gmt":"2019-09-24T09:21:11","guid":{"rendered":"https:\/\/www.foment.com\/foment-obre-una-oficina-a-brusselles-per-incrementar-presencia-en-institucions-europees\/"},"modified":"2020-03-02T18:41:10","modified_gmt":"2020-03-02T17:41:10","slug":"foment-abre-una-oficina-a-bruselas-para-incrementar-presencia-en-instituciones-europeas","status":"publish","type":"post","link":"https:\/\/www.foment.com\/es\/foment-abre-una-oficina-a-bruselas-para-incrementar-presencia-en-instituciones-europeas\/","title":{"rendered":"Foment abre una oficina en Bruselas para incrementar su presencia en las instituciones europeas"},"content":{"rendered":"<section class=\"wpb-content-wrapper\"><p>[vc_row][vc_column][vc_column_text]<\/p>\n<ul>\n<li>El presidente de Foment del Treball, <strong>Josep S\u00e1nchez Llibre<\/strong>, acompa\u00f1ado del director de Internacional, <strong>Kilian Garcia<\/strong>, ha viajado a Bruselas donde los d\u00edas 23 y 24 de septiembre ha mantenido contactos con varios representantes del Parlamento Europeo.<\/li>\n<li>S\u00e1nchez Llibre explica que \u00abcon la oficina que abrimos en Bruselas haremos de lobby como ya lo hacemos en las Cortes Generales y en el Parlamento de Catalu\u00f1a. <strong>Es importante que la patronal catalana tenga presencia en la UE ya que sus decisiones tienen cada d\u00eda m\u00e1s relevancia<\/strong>\u201d.<\/li>\n<\/ul>\n<p>Josep S\u00e1nchez Llibre se ha reunido con el portavoz del Parlamento Europeo, <strong>Jaume Duch<\/strong>, y ha mantenido contactos, entre otros, con <strong>Iratxe Garc\u00eda<\/strong>, presidenta del Grupo S &amp; D, y con los eurodiputados <strong>Jordi Ca\u00f1as<\/strong> (Cs), <strong>Esteban Gonz\u00e1lez Pons<\/strong> (PP y vicepresidente del EPP), <strong>Inmaculada Rodr\u00edguez Pi\u00f1ero<\/strong> y <strong>Dom\u00e8nec Ruiz Devesa<\/strong> (PSOE) y <strong>Diana Riba<\/strong> (ERC).<\/p>\n<p>En estos contactos, S\u00e1nchez Llibre ha subrayado cinco ejes fundamentales de la actividad de la oficina que Foment abre en Bruselas.<\/p>\n<ul>\n<li>Continuar trabajando y apoyando la transici\u00f3n energ\u00e9tica.<\/li>\n<li>La lucha contra la crisis clim\u00e1tica.<\/li>\n<li>Potenciar la movilidad limpia.<\/li>\n<li>Reforzar la econom\u00eda digital y la econom\u00eda 4.0.<\/li>\n<li>Seguir mejorando desde la Uni\u00f3n Europea el acceso de las empresas catalanas a los mercados internacionales mediante la negociaci\u00f3n de los tratados de libre comercio.<\/li>\n<\/ul>\n<p>El presidente de Foment incrementar\u00e1, pues, su presencia en la Comisi\u00f3n, el Consejo y el Parlamento Europeo para defender los intereses de los diferentes sectores empresariales de Catalu\u00f1a como ya lo hace en el Congreso y en el Parlamento de Catalu\u00f1a.<\/p>\n<p>S\u00e1nchez Llibre remarca que \u00abcon el incremento de nuestra presencia en las instituciones europeas, <strong>Foment pretende que los diversos grupos del Parlamento Europeo conozcan de primera mano cu\u00e1les son las inquietudes, necesidades y problemas del conjunto de los sectores econ\u00f3micos de Catalu\u00f1a<\/strong>, a fin de encontrar soluciones satisfactorias\u00bb.<\/p>\n<p>A\u00f1ade que, con esta oficina, \u00abqueremos ayudar a los sectores del comercio, de la hosteler\u00eda, de la industria, del turismo&#8230; para que, de esta manera, esto <strong>repercuta en el crecimiento econ\u00f3mico de Catalu\u00f1a y de Espa\u00f1a y facilite la creaci\u00f3n de puestos de trabajo<\/strong>\u00ab.[\/vc_column_text]<div class=\"flexslider wpb_content_element\"><ul class=\"slides\"><li><img src=\"https:\/\/www.foment.com\/wp-content\/uploads\/2019\/09\/WhatsApp-Image-2019-09-25-at-10.47.56-1.jpeg\" alt=\"\" \/><\/li><li><img src=\"https:\/\/www.foment.com\/wp-content\/uploads\/2019\/09\/WhatsApp-Image-2019-09-25-at-10.47.56.jpeg\" alt=\"\" \/><\/li><li><img src=\"https:\/\/www.foment.com\/wp-content\/uploads\/2019\/09\/WhatsApp-Image-2019-09-25-at-10.47.55-1.jpeg\" alt=\"\" \/><\/li><li><img src=\"https:\/\/www.foment.com\/wp-content\/uploads\/2019\/09\/WhatsApp-Image-2019-09-25-at-10.47.55.jpeg\" alt=\"\" \/><\/li><\/ul><\/div>[\/vc_column][\/vc_row]<\/p>\n<\/section>","protected":false},"excerpt":{"rendered":"<p>[vc_row][vc_column][vc_column_text] El presidente de Foment del Treball, Josep S\u00e1nchez Llibre, acompa\u00f1ado del director de Internacional, Kilian Garcia, ha viajado a Bruselas donde los d\u00edas 23 y 24 de septiembre ha mantenido contactos con varios representantes del Parlamento Europeo. S\u00e1nchez Llibre explica que \u00abcon la oficina que abrimos en Bruselas haremos de lobby como ya lo hacemos en las Cortes Generales y en el Parlamento de Catalu\u00f1a. Es importante que la patronal catalana tenga presencia en la UE ya que sus decisiones tienen cada d\u00eda m\u00e1s relevancia\u201d. Josep S\u00e1nchez Llibre se ha reunido con el portavoz del Parlamento Europeo, Jaume Duch, y ha mantenido contactos, entre otros, con Iratxe Garc\u00eda, presidenta del Grupo S &amp; D, y con los eurodiputados Jordi Ca\u00f1as (Cs), Esteban Gonz\u00e1lez Pons (PP y vicepresidente del EPP), Inmaculada Rodr\u00edguez Pi\u00f1ero y Dom\u00e8nec Ruiz Devesa (PSOE) y Diana Riba (ERC). En estos contactos, S\u00e1nchez Llibre ha subrayado cinco ejes fundamentales de la actividad de la oficina que Foment abre en Bruselas. Continuar trabajando y apoyando la transici\u00f3n energ\u00e9tica. La lucha contra la crisis clim\u00e1tica. Potenciar la movilidad limpia. Reforzar la econom\u00eda digital y la econom\u00eda 4.0. Seguir mejorando desde la Uni\u00f3n Europea el acceso de las empresas catalanas [&hellip;]<\/p>\n","protected":false},"author":10,"featured_media":71114,"comment_status":"closed","ping_status":"closed","sticky":false,"template":"","format":"standard","meta":{"_links_to":"","_links_to_target":""},"categories":[114,1667],"tags":[1376,2018],"acf":[],"wps_subtitle":"Cinco ejes fundamentales: continuar trabajando y apoyando la transici\u00f3n energ\u00e9tica, luchar contra la crisis clim\u00e1tica, potenciar la movilidad limpia, reforzar la econom\u00eda digital y la econom\u00eda 4.0 y continuar mejorando desde la UE el acceso de las empresas catalanas a mercados internacionales ","_links":{"self":[{"href":"https:\/\/www.foment.com\/es\/wp-json\/wp\/v2\/posts\/71099"}],"collection":[{"href":"https:\/\/www.foment.com\/es\/wp-json\/wp\/v2\/posts"}],"about":[{"href":"https:\/\/www.foment.com\/es\/wp-json\/wp\/v2\/types\/post"}],"author":[{"embeddable":true,"href":"https:\/\/www.foment.com\/es\/wp-json\/wp\/v2\/users\/10"}],"replies":[{"embeddable":true,"href":"https:\/\/www.foment.com\/es\/wp-json\/wp\/v2\/comments?post=71099"}],"version-history":[{"count":0,"href":"https:\/\/www.foment.com\/es\/wp-json\/wp\/v2\/posts\/71099\/revisions"}],"wp:featuredmedia":[{"embeddable":true,"href":"https:\/\/www.foment.com\/es\/wp-json\/wp\/v2\/media\/71114"}],"wp:attachment":[{"href":"https:\/\/www.foment.com\/es\/wp-json\/wp\/v2\/media?parent=71099"}],"wp:term":[{"taxonomy":"category","embeddable":true,"href":"https:\/\/www.foment.com\/es\/wp-json\/wp\/v2\/categories?post=71099"},{"taxonomy":"post_tag","embeddable":true,"href":"https:\/\/www.foment.com\/es\/wp-json\/wp\/v2\/tags?post=71099"}],"curies":[{"name":"wp","href":"https:\/\/api.w.org\/{rel}","templated":true}]}}