{"id":72124,"date":"2019-10-02T18:59:02","date_gmt":"2019-10-02T16:59:02","guid":{"rendered":"https:\/\/www.foment.com\/?p=72124"},"modified":"2019-10-07T18:13:55","modified_gmt":"2019-10-07T16:13:55","slug":"foment-promociona-oportunidades-negocio-inversion-chile-para-empresas-catalanas","status":"publish","type":"post","link":"https:\/\/www.foment.com\/es\/foment-promociona-oportunidades-negocio-inversion-chile-para-empresas-catalanas\/","title":{"rendered":"Fomento promociona las oportunidades de negocio e inversi\u00f3n en Chile para las empresas catalanas"},"content":{"rendered":"<section class=\"wpb-content-wrapper\"><p>[vc_row][vc_column][vc_column_text]Foment del Treball organiza una jornada para promocionar las oportunidades de negocio e inversi\u00f3n en Chile, pa\u00eds que en los \u00faltimos 10 a\u00f1os ha mantenido una tendencia creciente del comercio exterior con Espa\u00f1a, como consecuencia en gran medida de la entrada en vigor del Acuerdo de Asociaci\u00f3n Uni\u00f3n Europea-Chile, hecho que ha duplicado las exportaciones a la regi\u00f3n y triplicado las importaciones. \u00abEn un contexto de crecientes tendencias proteccionistas,<strong> la UE y Chile son dos socios que coinciden en querer mantener sus econom\u00edas abiertas al comercio y a la inversi\u00f3n<\/strong>, y pretenden dar forma y promover las normas de comercio e intercambio m\u00e1s innovadoras, incluyendo el desarrollo sostenible, la igualdad de g\u00e9nero y la lucha contra la corrupci\u00f3n\u00bb, ha destacado el director de Internacional, <strong>Kilian Garcia<\/strong>, en la bienvenida al acto.<\/p>\n<p>Por su parte, el c\u00f3nsul general de la Rep\u00fablica de Chile en Barcelona,<strong> Jaime Bascu\u00f1\u00e1n<\/strong>, ha expresado su confianza en cuanto a las fortalezas econ\u00f3micas de Chile. \u00abDesde hace a\u00f1os podemos decir que cuando pensamos en Chile nos viene a la cabeza un pa\u00eds estable con seguridad jur\u00eddica y con un nivel de riesgo muy bajo. No hay duda que Chile tiene la ambici\u00f3n y la capacidad para convertirse en el referente en Am\u00e9rica Latina en cuanto a la atracci\u00f3n de inversi\u00f3n extranjera directa\u00bb ha se\u00f1alado Bascu\u00f1\u00e1n.<\/p>\n<p>Tambi\u00e9n han participado en la jornada el director de la Agencia de Promoci\u00f3n de la Inversi\u00f3n Extranjera del Gobierno de Chile (InvestChile), <strong>Cristi\u00e1n Rodr\u00edguez Chiffelle<\/strong>, junto con el jefe de la Unidad de Inversiones de la misma,<strong> Salvatore Di Giovanni<\/strong>, para presentar las carteras de proyectos y oportunidades de inversi\u00f3n de los sectores m\u00e1s representativos.\u00a0El total de este portafoli supera los 20.000 millones de d\u00f3lares estadounidenses en oportunidades de inversi\u00f3n en sectores como por ejemplo Miner\u00eda, Industria Alimentaria, Energ\u00eda, Infraestructura, Turismo y Servicios Globales y Econom\u00eda Digital, entre otros.<\/p>\n<p>Este encuentro forma parte de la agenda de promoci\u00f3n, en el marco de el\u00a0<strong>II Roadshow de Inversiones 2019 a Europa<\/strong>, con el prop\u00f3sito de fortalecer en Chile como Hub de negocios e inversi\u00f3n de Am\u00e9rica Latina.[\/vc_column_text]<div class=\"flexslider wpb_content_element\"><ul class=\"slides\"><li><img src=\"https:\/\/www.foment.com\/wp-content\/uploads\/2019\/10\/Kilian.jpg\" alt=\"\" \/><\/li><li><img src=\"https:\/\/www.foment.com\/wp-content\/uploads\/2019\/10\/DSC_0298.jpg\" alt=\"\" \/><\/li><li><img src=\"https:\/\/www.foment.com\/wp-content\/uploads\/2019\/10\/DSC_0277_possible_portada.jpg\" alt=\"\" \/><\/li><li><img src=\"https:\/\/www.foment.com\/wp-content\/uploads\/2019\/10\/DSC_0300.jpg\" alt=\"\" \/><\/li><li><img src=\"https:\/\/www.foment.com\/wp-content\/uploads\/2019\/10\/DSC_0367.jpg\" alt=\"\" \/><\/li><li><img src=\"https:\/\/www.foment.com\/wp-content\/uploads\/2019\/10\/DSC_0277_possible_portada_2.jpg\" alt=\"\" \/><\/li><\/ul><\/div>[vc_column_text]<span style=\"color: #c1002b;\"><strong>El liderazgo econ\u00f3mico de Chile<\/strong><\/span><\/p>\n<p>Chile mantiene un liderazgo sostenido en la regi\u00f3n, consider\u00e1ndose el pa\u00eds m\u00e1s competitivo desde el a\u00f1o 1998, seg\u00fan el \u00cdndice Global de Competitividad del Foro Econ\u00f3mico Mundial \u2013 WEF. La inversi\u00f3n extranjera y las exportaciones se han convertido en uno de los ejes fundamentales de la econom\u00eda chilena. Cuenta con un modelo pionero para Am\u00e9rica del Sur en el desarrollo de una pol\u00edtica de atracci\u00f3n de inversiones, contando con mecanismos jur\u00eddicos claros y establos.<\/p>\n<p>En general, la normativa se caracteriza por la igualdad del trato por los agentes locales y extranjeros, el libre acceso a casi todos los sectores econ\u00f3micos y un Estado con pol\u00edticas de regulaci\u00f3n transparentes de cara a la actividad de los inversores.[\/vc_column_text][vc_column_text]<span style=\"color: #c1002b;\"><strong>Foment Internacional. Detectar y aprovechar\u00a0<\/strong><strong>oportunidades de negocio e inversi\u00f3n alrededor del mundo<\/strong><\/span><\/p>\n<p>La tarea de Foment en favor de la internacionalizaci\u00f3n de la econom\u00eda y las empresas catalanas incluye la b\u00fasqueda y exposici\u00f3n de nuevos destinos para las empresas que han abierto mercado y la promoci\u00f3n de la iniciaci\u00f3n en el caso de aquellas empresas que se plantean la proyecci\u00f3n exterior por primera vez. En este sentido, la patronal organiza misiones empresariales para la apertura de nuevos mercados y ofrece varias jornadas anuales de detecci\u00f3n de oportunidades de negocio e inversi\u00f3n en todo el mundo.<\/p>\n<p>As\u00ed, las jornadas que organiza el departamento Internacional de Fomento proporcionan una visi\u00f3n integral , clara y pr\u00e1ctica de temas que son importantes para la empresa que est\u00e1 en proceso de internacionalizaci\u00f3n o que est\u00e1 internacionalizada y necesita estrategias para continuar con su creixement.<\/p>\n<p>La principal motivaci\u00f3n de estas jornadas consiste en acercar a las empresas catalanas las oportunidades que existen en el exterior para comercializar sus prod[\/vc_column_text][\/vc_column][\/vc_row]<\/p>\n<\/section>","protected":false},"excerpt":{"rendered":"<p>[vc_row][vc_column][vc_column_text]Foment del Treball organiza una jornada para promocionar las oportunidades de negocio e inversi\u00f3n en Chile, pa\u00eds que en los \u00faltimos 10 a\u00f1os ha mantenido una tendencia creciente del comercio exterior con Espa\u00f1a, como consecuencia en gran medida de la entrada en vigor del Acuerdo de Asociaci\u00f3n Uni\u00f3n Europea-Chile, hecho que ha duplicado las exportaciones a la regi\u00f3n y triplicado las importaciones. \u00abEn un contexto de crecientes tendencias proteccionistas, la UE y Chile son dos socios que coinciden en querer mantener sus econom\u00edas abiertas al comercio y a la inversi\u00f3n, y pretenden dar forma y promover las normas de comercio e intercambio m\u00e1s innovadoras, incluyendo el desarrollo sostenible, la igualdad de g\u00e9nero y la lucha contra la corrupci\u00f3n\u00bb, ha destacado el director de Internacional, Kilian Garcia, en la bienvenida al acto. Por su parte, el c\u00f3nsul general de la Rep\u00fablica de Chile en Barcelona, Jaime Bascu\u00f1\u00e1n, ha expresado su confianza en cuanto a las fortalezas econ\u00f3micas de Chile. \u00abDesde hace a\u00f1os podemos decir que cuando pensamos en Chile nos viene a la cabeza un pa\u00eds estable con seguridad jur\u00eddica y con un nivel de riesgo muy bajo. No hay duda que Chile tiene la ambici\u00f3n y la capacidad para convertirse [&hellip;]<\/p>\n","protected":false},"author":10,"featured_media":72208,"comment_status":"closed","ping_status":"closed","sticky":false,"template":"","format":"standard","meta":{"_links_to":"","_links_to_target":""},"categories":[114,150,72],"tags":[1894,230],"acf":[],"wps_subtitle":"La jornada ha destacado la tendencia creciente en los \u00faltimos a\u00f1os del comercio exterior entre Chile y Espa\u00f1a","_links":{"self":[{"href":"https:\/\/www.foment.com\/es\/wp-json\/wp\/v2\/posts\/72124"}],"collection":[{"href":"https:\/\/www.foment.com\/es\/wp-json\/wp\/v2\/posts"}],"about":[{"href":"https:\/\/www.foment.com\/es\/wp-json\/wp\/v2\/types\/post"}],"author":[{"embeddable":true,"href":"https:\/\/www.foment.com\/es\/wp-json\/wp\/v2\/users\/10"}],"replies":[{"embeddable":true,"href":"https:\/\/www.foment.com\/es\/wp-json\/wp\/v2\/comments?post=72124"}],"version-history":[{"count":0,"href":"https:\/\/www.foment.com\/es\/wp-json\/wp\/v2\/posts\/72124\/revisions"}],"wp:featuredmedia":[{"embeddable":true,"href":"https:\/\/www.foment.com\/es\/wp-json\/wp\/v2\/media\/72208"}],"wp:attachment":[{"href":"https:\/\/www.foment.com\/es\/wp-json\/wp\/v2\/media?parent=72124"}],"wp:term":[{"taxonomy":"category","embeddable":true,"href":"https:\/\/www.foment.com\/es\/wp-json\/wp\/v2\/categories?post=72124"},{"taxonomy":"post_tag","embeddable":true,"href":"https:\/\/www.foment.com\/es\/wp-json\/wp\/v2\/tags?post=72124"}],"curies":[{"name":"wp","href":"https:\/\/api.w.org\/{rel}","templated":true}]}}