{"id":72502,"date":"2019-10-10T16:36:02","date_gmt":"2019-10-10T14:36:02","guid":{"rendered":"https:\/\/www.foment.com\/comunicat-de-foment-davant-la-imminent-sentencia-en-la-causa-20907-2017-del-tribunal-suprem\/"},"modified":"2019-10-10T17:37:04","modified_gmt":"2019-10-10T15:37:04","slug":"comunicado-foment-ante-inminente-sentencia-causa-20907-2017-tribunal-suprem","status":"publish","type":"post","link":"https:\/\/www.foment.com\/es\/comunicado-foment-ante-inminente-sentencia-causa-20907-2017-tribunal-suprem\/","title":{"rendered":"Comunicado de Foment ante la inminente sentencia en la causa 20907\/2017 del Tribunal Supremo"},"content":{"rendered":"<p>Con motivo de la inminente publicaci\u00f3n de la sentencia del Tribunal Supremo sobre los hechos de los meses de septiembre y octubre 2017, Foment del Treball quiere manifestar:<\/p>\n<ol>\n<li>El respeto m\u00e1s absoluto a las decisiones de la Justicia y a la pluralidad pol\u00edtica como corresponde en el estado de derecho y democr\u00e1tico en el cual convivimos.<\/li>\n<li>Es evidente que esta sentencia comportar\u00e1 reacciones pol\u00edticas y tendr\u00e1 una importante afectaci\u00f3n emocional.<\/li>\n<li>Estas reacciones tienen que ser administradas con responsabilidad, tienen que garantizar por encima de todo la convivencia y evitar que la leg\u00edtima manifestaci\u00f3n de la protesta afecte el normal desarrollo de la actividad econ\u00f3mica y cohesi\u00f3n social.<\/li>\n<li>Con la publicaci\u00f3n de la sentencia se abre una nueva etapa pol\u00edtica para que desde el respeto mutuo, siempre dentro de la legalidad, se pueda superar el callej\u00f3n sin salida actual entre Catalu\u00f1a y el resto de Espa\u00f1a y, a trav\u00e9s del pacto, se facilite la recuperaci\u00f3n de la estabilidad y de la normalidad democr\u00e1tica e institucional.<\/li>\n<\/ol>\n","protected":false},"excerpt":{"rendered":"<p>Con motivo de la inminente publicaci\u00f3n de la sentencia del Tribunal Supremo sobre los hechos de los meses de septiembre y octubre 2017, Foment del Treball quiere manifestar: El respeto m\u00e1s absoluto a las decisiones de la Justicia y a la pluralidad pol\u00edtica como corresponde en el estado de derecho y democr\u00e1tico en el cual convivimos. Es evidente que esta sentencia comportar\u00e1 reacciones pol\u00edticas y tendr\u00e1 una importante afectaci\u00f3n emocional. Estas reacciones tienen que ser administradas con responsabilidad, tienen que garantizar por encima de todo la convivencia y evitar que la leg\u00edtima manifestaci\u00f3n de la protesta afecte el normal desarrollo de la actividad econ\u00f3mica y cohesi\u00f3n social. Con la publicaci\u00f3n de la sentencia se abre una nueva etapa pol\u00edtica para que desde el respeto mutuo, siempre dentro de la legalidad, se pueda superar el callej\u00f3n sin salida actual entre Catalu\u00f1a y el resto de Espa\u00f1a y, a trav\u00e9s del pacto, se facilite la recuperaci\u00f3n de la estabilidad y de la normalidad democr\u00e1tica e institucional.<\/p>\n","protected":false},"author":10,"featured_media":40017,"comment_status":"closed","ping_status":"closed","sticky":false,"template":"","format":"standard","meta":{"_links_to":"","_links_to_target":""},"categories":[114,68],"tags":[2088,702],"acf":[],"wps_subtitle":"","_links":{"self":[{"href":"https:\/\/www.foment.com\/es\/wp-json\/wp\/v2\/posts\/72502"}],"collection":[{"href":"https:\/\/www.foment.com\/es\/wp-json\/wp\/v2\/posts"}],"about":[{"href":"https:\/\/www.foment.com\/es\/wp-json\/wp\/v2\/types\/post"}],"author":[{"embeddable":true,"href":"https:\/\/www.foment.com\/es\/wp-json\/wp\/v2\/users\/10"}],"replies":[{"embeddable":true,"href":"https:\/\/www.foment.com\/es\/wp-json\/wp\/v2\/comments?post=72502"}],"version-history":[{"count":0,"href":"https:\/\/www.foment.com\/es\/wp-json\/wp\/v2\/posts\/72502\/revisions"}],"wp:featuredmedia":[{"embeddable":true,"href":"https:\/\/www.foment.com\/es\/wp-json\/wp\/v2\/media\/40017"}],"wp:attachment":[{"href":"https:\/\/www.foment.com\/es\/wp-json\/wp\/v2\/media?parent=72502"}],"wp:term":[{"taxonomy":"category","embeddable":true,"href":"https:\/\/www.foment.com\/es\/wp-json\/wp\/v2\/categories?post=72502"},{"taxonomy":"post_tag","embeddable":true,"href":"https:\/\/www.foment.com\/es\/wp-json\/wp\/v2\/tags?post=72502"}],"curies":[{"name":"wp","href":"https:\/\/api.w.org\/{rel}","templated":true}]}}