{"id":73799,"date":"2019-10-23T17:21:36","date_gmt":"2019-10-23T15:21:36","guid":{"rendered":"https:\/\/www.foment.com\/manifest-foment-pimec-a-favor-progres-catalunya\/"},"modified":"2019-10-23T19:33:06","modified_gmt":"2019-10-23T17:33:06","slug":"manifesto-foment-pimec-a-favor-progreso-cataluna","status":"publish","type":"post","link":"https:\/\/www.foment.com\/es\/manifesto-foment-pimec-a-favor-progreso-cataluna\/","title":{"rendered":"Manifiesto de Foment del Treball y Pimec: A favor del progreso de Catalu\u00f1a"},"content":{"rendered":"<section class=\"wpb-content-wrapper\"><p>[vc_row][vc_column width=\u00bb1\/2&#8243;]<a href=\"https:\/\/www.foment.com\/wp-content\/uploads\/2019\/10\/Manifesto-a-favor-del-progreso-de-Cataluna_cast.pdf\" target=\"_blank\" class=\"button color-3 large \" style=\"border-radius: 5px;\">Manifiesto de Foment del Treball y Pimec \u00abA favor del progreso de Catalu\u00f1a\u00bb<\/a><div class=\"spacer\" style=\"height: 10px;\"><\/div>[\/vc_column][vc_column width=\u00bb1\/2&#8243;]<a href=\"https:\/\/www.foment.com\/wp-content\/uploads\/2019\/10\/Manifest-a-favor-del-progr\u00e9s-de-Catalunya_definitiu_editat.pdf\" target=\"_blank\" class=\"button color-3 large \" style=\"border-radius: 5px;\">Discurso del presidente de Foment del Treball, Josep S\u00e1nchez Llibre<\/a><div class=\"spacer\" style=\"height: 10px;\"><\/div>[\/vc_column][\/vc_row][vc_row][vc_column][vc_column_text]<\/p>\n<ol>\n<li><strong> Las entidades aqu\u00ed representadas<\/strong>, las cuales estamos plenamente arraigadas y comprometidas con los \u00e1mbitos empresarial, econ\u00f3mico y social de nuestro entorno y que trabajamos por la creaci\u00f3n de oportunidades en nuestro territorio,<strong> consideramos que la salida al grave conflicto de fondo que estamos viviendo en Catalu\u00f1a es pol\u00edtica y que, en consecuencia, pasa por la negociaci\u00f3n, la transacci\u00f3n y el acuerdo, \u00fanica v\u00eda en democracia para resolver los conflictos.<\/strong><\/li>\n<\/ol>\n<p><strong>Corresponde a la clase pol\u00edtica, y no a la Justicia, liderar una vez m\u00e1s, de forma efectiva y resolutiva, la canalizaci\u00f3n y conducci\u00f3n de este conflicto al escenario del pacto.<\/strong><\/p>\n<ol start=\"2\">\n<li>Esto quiere decir que<strong> los Gobiernos y las diferentes fuerzas pol\u00edticas tienen que asumir su responsabilidad, sentarse juntos para habla y llegar a acuerdos. Sin excusas.<\/strong><\/li>\n<\/ol>\n<p>Las Cortes Generales y el Parlamento tienen que recuperar su papel central y los Grupos Parlamentarios trabajar para establecer un m\u00ednimo com\u00fan denominador que nos permita salir de este bloqueo institucional de los \u00f3rganos de gobierno.<\/p>\n<ol start=\"3\">\n<li>La concreci\u00f3n de este Manifiesto es la demostraci\u00f3n pr\u00e1ctica de que el entendimiento es posible, pues las entidades que lo <strong>firmamos somos, a la vez, representantes de toda una amalgama de diferentes sensibilidades, que piensan y se expresan de forma muy diferente, incluso opuestas, pero que tienen la capacidad de aparcar sus puntos de divergencia en pro del beneficio del conjunto de la sociedad y de la defensa de sus intereses<\/strong> en aspectos vitales para la dinamizaci\u00f3n del pa\u00eds, como por ejemplo los puestos de trabajo, la entrada de divisas e inversiones, la confianza en el destino y su reputaci\u00f3n, entre otros muchos aspectos.<\/li>\n<li>Catalu\u00f1a es un referente de una econom\u00eda din\u00e1mica y potente. Los recientes hechos han tenido un impacto negativo, que hay que enderezar, a la vez que han perjudicado, en parte, la imagen de su capital, Barcelona, que est\u00e1 afectando ya a corto plazo a los sectores m\u00e1s sensibles (turismo, comercio, restauraci\u00f3n&#8230;) al mismo tiempo que puede tener efectos de largo recorrido, si no se dirige bien la cuesti\u00f3n, que pasa inexorablemente por el di\u00e1logo, los pactos y la toma de decisiones.<\/li>\n<li>Barcelona y Catalu\u00f1a est\u00e1n sufriendo ahora disturbios y des\u00f3rdenes en las calles que perjudican la econom\u00eda y la imagen de nuestras ciudades. <strong>La violencia nos hace peores como sociedad y la condenamos sin paliativos.<\/strong><\/li>\n<li><strong>Las entidades aqu\u00ed representadas reclamamos el m\u00e1ximo apoyo pol\u00edtico y social al mantenimiento de la paz social.<\/strong><\/li>\n<li><strong>La actividad econ\u00f3mica necesita seguridad jur\u00eddica y la movilidad garantizada<\/strong>. Dif\u00edcilmente entender\u00edamos la Catalu\u00f1a actual sin su car\u00e1cter emprendedor. La pol\u00edtica tiene que ser qui\u00e9n propicie este marco.<\/li>\n<\/ol>\n<p>Estamos ante un momento coyuntural de desaceleraci\u00f3n econ\u00f3mica y, al mismo tiempo,\u00a0 de cambios disruptivos, que tenemos que saber aprovechar, como lo hicimos con la revoluci\u00f3n industrial.<\/p>\n<ol start=\"8\">\n<li>Barcelona se caracteriza por ser una ciudad abierta y acogedora, plural, solidaria y cosmopolita. Poseedora de una combinaci\u00f3n de atributos que la hacen \u00fanica y la convierten en una ciudad atractiva, no solo para vivirla y visitarla, sino tambi\u00e9n para trabajar, aprender, invertir o emprender, y lo tiene que continuar siendo.<\/li>\n<li>Los Gobiernos espa\u00f1ol y catal\u00e1n tienen que esforzarse en recuperar la relaci\u00f3n institucional perdida y dejar de lado los intereses electoralistas, teniendo en cuenta los momentos excepcionales que vivimos. Todo el mundo tiene que hacer pasos para recuperar la imprescindible relaci\u00f3n institucional.<\/li>\n<li><strong>Es el momento de que la pol\u00edtica entre en acci\u00f3n<\/strong> y sea la \u00fanica protagonista de esta situaci\u00f3n, propiciando una desaceleraci\u00f3n de la espiral nada constructiva en la cual estamos inmersos. <strong>Es momento de acabar con los discursos vac\u00edos y banales<\/strong>, que no aportan soluciones ni v\u00edas para propiciarlas y, m\u00e1s all\u00e1 del di\u00e1logo, que se presupone imprescindible, <strong>es momento de que la clase pol\u00edtica pase a la acci\u00f3n, llegue a acuerdos y tome decisiones<\/strong>, para evitar trasladar a la sociedad la sensaci\u00f3n de desgobierno y carencia de capacidad para plantear y aplicar soluciones.<\/li>\n<\/ol>\n<p>[\/vc_column_text]<div class=\"flexslider wpb_content_element\"><ul class=\"slides\"><li><img src=\"https:\/\/www.foment.com\/wp-content\/uploads\/2019\/10\/Foto_manifest_web_2.jpg\" alt=\"\" \/><\/li><li><img src=\"https:\/\/www.foment.com\/wp-content\/uploads\/2019\/10\/Foto_manifest_web_3.jpg\" alt=\"\" \/><\/li><li><img src=\"https:\/\/www.foment.com\/wp-content\/uploads\/2019\/10\/Sala-A-acte-Manifest.jpg\" alt=\"\" \/><\/li><li><img src=\"https:\/\/www.foment.com\/wp-content\/uploads\/2019\/10\/IMG_9924.jpg\" alt=\"\" \/><\/li><li><img src=\"https:\/\/www.foment.com\/wp-content\/uploads\/2019\/10\/Sala-B-Manifest.jpg\" alt=\"\" \/><\/li><li><img src=\"https:\/\/www.foment.com\/wp-content\/uploads\/2019\/10\/IMG_9878.jpg\" alt=\"\" \/><\/li><li><img src=\"https:\/\/www.foment.com\/wp-content\/uploads\/2019\/10\/IMG_9888.jpg\" alt=\"\" \/><\/li><li><img src=\"https:\/\/www.foment.com\/wp-content\/uploads\/2019\/10\/IMG_9817.jpg\" alt=\"\" \/><\/li><li><img src=\"https:\/\/www.foment.com\/wp-content\/uploads\/2019\/10\/IMG_9813.jpg\" alt=\"\" \/><\/li><li><img src=\"https:\/\/www.foment.com\/wp-content\/uploads\/2019\/10\/IMG_9825.jpg\" alt=\"\" \/><\/li><li><img src=\"https:\/\/www.foment.com\/wp-content\/uploads\/2019\/10\/IMG_9831.jpg\" alt=\"\" \/><\/li><li><img src=\"https:\/\/www.foment.com\/wp-content\/uploads\/2019\/10\/IMG_9840.jpg\" alt=\"\" \/><\/li><li><img src=\"https:\/\/www.foment.com\/wp-content\/uploads\/2019\/10\/IMG_9845.jpg\" alt=\"\" \/><\/li><li><img src=\"https:\/\/www.foment.com\/wp-content\/uploads\/2019\/10\/IMG_9849.jpg\" alt=\"\" \/><\/li><li><img src=\"https:\/\/www.foment.com\/wp-content\/uploads\/2019\/10\/IMG_9874.jpg\" alt=\"\" \/><\/li><li><img src=\"https:\/\/www.foment.com\/wp-content\/uploads\/2019\/10\/IMG_9855.jpg\" alt=\"\" \/><\/li><\/ul><\/div>[\/vc_column][\/vc_row]<\/p>\n<\/section>","protected":false},"excerpt":{"rendered":"<p>[vc_row][vc_column width=\u00bb1\/2&#8243;][\/vc_column][vc_column width=\u00bb1\/2&#8243;][\/vc_column][\/vc_row][vc_row][vc_column][vc_column_text] Las entidades aqu\u00ed representadas, las cuales estamos plenamente arraigadas y comprometidas con los \u00e1mbitos empresarial, econ\u00f3mico y social de nuestro entorno y que trabajamos por la creaci\u00f3n de oportunidades en nuestro territorio, consideramos que la salida al grave conflicto de fondo que estamos viviendo en Catalu\u00f1a es pol\u00edtica y que, en consecuencia, pasa por la negociaci\u00f3n, la transacci\u00f3n y el acuerdo, \u00fanica v\u00eda en democracia para resolver los conflictos. Corresponde a la clase pol\u00edtica, y no a la Justicia, liderar una vez m\u00e1s, de forma efectiva y resolutiva, la canalizaci\u00f3n y conducci\u00f3n de este conflicto al escenario del pacto. Esto quiere decir que los Gobiernos y las diferentes fuerzas pol\u00edticas tienen que asumir su responsabilidad, sentarse juntos para habla y llegar a acuerdos. Sin excusas. Las Cortes Generales y el Parlamento tienen que recuperar su papel central y los Grupos Parlamentarios trabajar para establecer un m\u00ednimo com\u00fan denominador que nos permita salir de este bloqueo institucional de los \u00f3rganos de gobierno. La concreci\u00f3n de este Manifiesto es la demostraci\u00f3n pr\u00e1ctica de que el entendimiento es posible, pues las entidades que lo firmamos somos, a la vez, representantes de toda una amalgama de diferentes sensibilidades, que piensan y [&hellip;]<\/p>\n","protected":false},"author":10,"featured_media":73782,"comment_status":"closed","ping_status":"closed","sticky":false,"template":"","format":"standard","meta":{"_links_to":"","_links_to_target":""},"categories":[114,68],"tags":[2106,2107,2120,2139,2141,2140,2142],"acf":[],"wps_subtitle":"","_links":{"self":[{"href":"https:\/\/www.foment.com\/es\/wp-json\/wp\/v2\/posts\/73799"}],"collection":[{"href":"https:\/\/www.foment.com\/es\/wp-json\/wp\/v2\/posts"}],"about":[{"href":"https:\/\/www.foment.com\/es\/wp-json\/wp\/v2\/types\/post"}],"author":[{"embeddable":true,"href":"https:\/\/www.foment.com\/es\/wp-json\/wp\/v2\/users\/10"}],"replies":[{"embeddable":true,"href":"https:\/\/www.foment.com\/es\/wp-json\/wp\/v2\/comments?post=73799"}],"version-history":[{"count":0,"href":"https:\/\/www.foment.com\/es\/wp-json\/wp\/v2\/posts\/73799\/revisions"}],"wp:featuredmedia":[{"embeddable":true,"href":"https:\/\/www.foment.com\/es\/wp-json\/wp\/v2\/media\/73782"}],"wp:attachment":[{"href":"https:\/\/www.foment.com\/es\/wp-json\/wp\/v2\/media?parent=73799"}],"wp:term":[{"taxonomy":"category","embeddable":true,"href":"https:\/\/www.foment.com\/es\/wp-json\/wp\/v2\/categories?post=73799"},{"taxonomy":"post_tag","embeddable":true,"href":"https:\/\/www.foment.com\/es\/wp-json\/wp\/v2\/tags?post=73799"}],"curies":[{"name":"wp","href":"https:\/\/api.w.org\/{rel}","templated":true}]}}