{"id":74785,"date":"2019-11-05T16:53:27","date_gmt":"2019-11-05T15:53:27","guid":{"rendered":"https:\/\/www.foment.com\/?p=74785"},"modified":"2019-11-06T12:19:32","modified_gmt":"2019-11-06T11:19:32","slug":"foment-oncolliga-alientan-empresas-prevencion-cancer-fomentar-habitos-saludables","status":"publish","type":"post","link":"https:\/\/www.foment.com\/es\/foment-oncolliga-alientan-empresas-prevencion-cancer-fomentar-habitos-saludables\/","title":{"rendered":"Foment y Oncolliga alientan a las empresas a desarrollar acciones para contribuir en la prevenci\u00f3n del c\u00e1ncer y fomentar h\u00e1bitos saludables"},"content":{"rendered":"<section class=\"wpb-content-wrapper\"><p>[vc_row][vc_column][vc_column_text]La Oficina de Prevenci\u00f3n de Riesgos Laborales de Foment del Treball y la Fundaci\u00f3n Oncolliga han organizado una jornada sobre la prevenci\u00f3n y la gesti\u00f3n del c\u00e1ncer en la empresa, con el objetivo de ayudar a las compa\u00f1\u00edas en el <strong>desarrollo de actividades psicosociales que contribuyan en la mejora del bienestar y la calidad de vida de las personas con c\u00e1ncer y sus familiars<\/strong>.<\/p>\n<p>El secretario general de Foment, <strong>David Tornos<\/strong>, ha inaugurado la sesi\u00f3n junto con el presidente de Oncolliga, <strong>Enric Reyna<\/strong>, y ha destacado el compromiso de Foment con la Agenda 2030 y sus Objetivos de Desarrollo Sostenible (ODS), entre los cuales se encuentra el ODS 3 que establece la necesidad de \u00abgarantizar una vida sana y promover el bienestar para todos en todas las edades\u00bb. <strong>\u00abLas empresas pueden incidir de diferentes maneras en la consecuci\u00f3n de este Objetivo y muchas ya lo est\u00e1n haciendo conscientes que su equipo humano es uno de sus principales activos\u00bb,<\/strong> defiende Tornos.[\/vc_column_text]<div class=\"flexslider wpb_content_element\"><ul class=\"slides\"><li><img src=\"https:\/\/www.foment.com\/wp-content\/uploads\/2019\/11\/DSC_0904.jpg\" alt=\"\" \/><\/li><li><img src=\"https:\/\/www.foment.com\/wp-content\/uploads\/2019\/11\/DSC_0901.jpg\" alt=\"\" \/><\/li><li><img src=\"https:\/\/www.foment.com\/wp-content\/uploads\/2019\/11\/DSC_0907.jpg\" alt=\"\" \/><\/li><\/ul><\/div>[vc_column_text]Esta sesi\u00f3n se enmarca en el convenio de colaboraci\u00f3n establecido entre Foment y Oncolliga, con el cual <strong>ambas organizaciones suman esfuerzos para abordar desde el mundo empresarial un problema de primera magnitud sanitaria<\/strong>, como es el c\u00e1ncer, tanto por su elevada incidencia y mortalidad, como por el intenso impacto f\u00edsico, emocional y social que tiene para las personas que lo sufren. En esta l\u00ednea, Reyna ha se\u00f1alado que <strong>\u00ablas empresas tienen que ser un referente sobre como apoyar en el \u00e1mbito laboral a las personas que conviven con esta dolencia, adem\u00e1s de fomentar estilos de vida saludables entre todos sus trabajadores\u00bb<\/strong>.<\/p>\n<p>A continuaci\u00f3n se han abordado las pol\u00edticas p\u00fablicas orientadas a la atenci\u00f3n de las personas con c\u00e1ncer, a cargo de la secretaria general del Departamento de Salud de la Generalitat de Catalu\u00f1a, <strong>Laura Pelay<\/strong>, la regidora de Salud y Diversidad Funcional del Ayuntamiento de Barcelona, <strong>Gemma Tarafa<\/strong>, y el director de la Oficina de PRL de Fomento,<strong> C\u00e9sar S\u00e1nchez<\/strong>, como moderador de la sesi\u00f3n.[\/vc_column_text]<div class=\"flexslider wpb_content_element\"><ul class=\"slides\"><li><img src=\"https:\/\/www.foment.com\/wp-content\/uploads\/2019\/11\/DSC_0940.jpg\" alt=\"\" \/><\/li><li><img src=\"https:\/\/www.foment.com\/wp-content\/uploads\/2019\/11\/DSC_0936.jpg\" alt=\"\" \/><\/li><\/ul><\/div>[vc_column_text]Tambi\u00e9n han participado como ponentes la responsable de proyectos y +3 y profesora asociada UAB, <strong>Loly Fern\u00e1ndez<\/strong>; la fundadora y directora de Biwel, <strong>Estrella Mallorquina Ayach<\/strong>; la doctora en psicolog\u00eda y colaboradora de la fundaci\u00f3n,<strong> Patricia Mart\u00ed<\/strong>; el responsable del Servicio de Prevenci\u00f3n de Henkel Ib\u00e9rica, <strong>Miguel Rodr\u00edguez R\u00edos<\/strong>; la directora del \u00e1rea de Personas de Sudara Cooperativa, <strong>M\u00f2nica V\u00e1zquez<\/strong>; y el director gerente de Oncolliga,<strong> Xavier L\u00f3pez Garc\u00eda<\/strong>, para cerrar el acto.[\/vc_column_text]<div class=\"flexslider wpb_content_element\"><ul class=\"slides\"><li><img src=\"https:\/\/www.foment.com\/wp-content\/uploads\/2019\/11\/DSC_1005.jpg\" alt=\"\" \/><\/li><li><img src=\"https:\/\/www.foment.com\/wp-content\/uploads\/2019\/11\/DSC_1007.jpg\" alt=\"\" \/><\/li><li><img src=\"https:\/\/www.foment.com\/wp-content\/uploads\/2019\/11\/DSC_0003.jpg\" alt=\"\" \/><\/li><li><img src=\"https:\/\/www.foment.com\/wp-content\/uploads\/2019\/11\/DSC_0049.jpg\" alt=\"\" \/><\/li><li><img src=\"https:\/\/www.foment.com\/wp-content\/uploads\/2019\/11\/DSC_0054.jpg\" alt=\"\" \/><\/li><\/ul><\/div>[\/vc_column][\/vc_row]<\/p>\n<\/section>","protected":false},"excerpt":{"rendered":"<p>[vc_row][vc_column][vc_column_text]La Oficina de Prevenci\u00f3n de Riesgos Laborales de Foment del Treball y la Fundaci\u00f3n Oncolliga han organizado una jornada sobre la prevenci\u00f3n y la gesti\u00f3n del c\u00e1ncer en la empresa, con el objetivo de ayudar a las compa\u00f1\u00edas en el desarrollo de actividades psicosociales que contribuyan en la mejora del bienestar y la calidad de vida de las personas con c\u00e1ncer y sus familiars. El secretario general de Foment, David Tornos, ha inaugurado la sesi\u00f3n junto con el presidente de Oncolliga, Enric Reyna, y ha destacado el compromiso de Foment con la Agenda 2030 y sus Objetivos de Desarrollo Sostenible (ODS), entre los cuales se encuentra el ODS 3 que establece la necesidad de \u00abgarantizar una vida sana y promover el bienestar para todos en todas las edades\u00bb. \u00abLas empresas pueden incidir de diferentes maneras en la consecuci\u00f3n de este Objetivo y muchas ya lo est\u00e1n haciendo conscientes que su equipo humano es uno de sus principales activos\u00bb, defiende Tornos.[\/vc_column_text][vc_column_text]Esta sesi\u00f3n se enmarca en el convenio de colaboraci\u00f3n establecido entre Foment y Oncolliga, con el cual ambas organizaciones suman esfuerzos para abordar desde el mundo empresarial un problema de primera magnitud sanitaria, como es el c\u00e1ncer, tanto por su elevada [&hellip;]<\/p>\n","protected":false},"author":10,"featured_media":74819,"comment_status":"closed","ping_status":"closed","sticky":false,"template":"","format":"standard","meta":{"_links_to":"","_links_to_target":""},"categories":[114,68,216],"tags":[1309,2195,1724,930,1410,1725],"acf":[],"wps_subtitle":"Ambas organizaciones colaboran para fortalecer la implicaci\u00f3n del mundo empresarial con el bienestar de las personas","_links":{"self":[{"href":"https:\/\/www.foment.com\/es\/wp-json\/wp\/v2\/posts\/74785"}],"collection":[{"href":"https:\/\/www.foment.com\/es\/wp-json\/wp\/v2\/posts"}],"about":[{"href":"https:\/\/www.foment.com\/es\/wp-json\/wp\/v2\/types\/post"}],"author":[{"embeddable":true,"href":"https:\/\/www.foment.com\/es\/wp-json\/wp\/v2\/users\/10"}],"replies":[{"embeddable":true,"href":"https:\/\/www.foment.com\/es\/wp-json\/wp\/v2\/comments?post=74785"}],"version-history":[{"count":0,"href":"https:\/\/www.foment.com\/es\/wp-json\/wp\/v2\/posts\/74785\/revisions"}],"wp:featuredmedia":[{"embeddable":true,"href":"https:\/\/www.foment.com\/es\/wp-json\/wp\/v2\/media\/74819"}],"wp:attachment":[{"href":"https:\/\/www.foment.com\/es\/wp-json\/wp\/v2\/media?parent=74785"}],"wp:term":[{"taxonomy":"category","embeddable":true,"href":"https:\/\/www.foment.com\/es\/wp-json\/wp\/v2\/categories?post=74785"},{"taxonomy":"post_tag","embeddable":true,"href":"https:\/\/www.foment.com\/es\/wp-json\/wp\/v2\/tags?post=74785"}],"curies":[{"name":"wp","href":"https:\/\/api.w.org\/{rel}","templated":true}]}}