{"id":75117,"date":"2019-11-11T12:42:32","date_gmt":"2019-11-11T11:42:32","guid":{"rendered":"https:\/\/www.foment.com\/foment-demana-compromis-responsabilitat-partits-politics-per-garantir-governabilitat-espanya\/"},"modified":"2019-11-11T13:09:32","modified_gmt":"2019-11-11T12:09:32","slug":"foment-pide-compromiso-responsabilidad-partidos-politicos-para-garantizar-gobernabilitat-espana","status":"publish","type":"post","link":"https:\/\/www.foment.com\/es\/foment-pide-compromiso-responsabilidad-partidos-politicos-para-garantizar-gobernabilitat-espana\/","title":{"rendered":"Foment pide el compromiso y la responsabilidad de los partidos pol\u00edticos para garantizar la gobernabilidad de Espa\u00f1a"},"content":{"rendered":"<ul>\n<li><strong>Para garantizar la estabilidad pol\u00edtica es esencial que las fuerzas pol\u00edticas con m\u00e1s representaci\u00f3n parlamentaria acuerden los presupuestos.<\/strong><\/li>\n<li><strong>Foment pide al nuevo Gobierno del Estado grandes acuerdos tambi\u00e9n con los agentes econ\u00f3micos y sociales para una pol\u00edtica econ\u00f3mica y fiscal que dinamice la actividad empresarial y la creaci\u00f3n de puestos de trabajo.<\/strong><\/li>\n<\/ul>\n<p>Foment del Treball reitera su felicitaci\u00f3n a la formaci\u00f3n pol\u00edtica m\u00e1s votada en las elecciones generales del 10 noviembre de 2019, pero considera que ahora <strong>es ya urgente que el conjunto de las fuerzas pol\u00edticas muestre una actitud de responsabilidad y compromiso para facilitar la gobernabilidad de Espa\u00f1a<\/strong> ante el contexto de fragmentaci\u00f3n parlamentaria. Es imprescindible que el partido m\u00e1s votado busque las <strong>alianzas que permitan formar un Gobierno del Estado estable y moderado<\/strong> para impulsar tambi\u00e9n reformas concertadas entre el Ejecutivo y los agentes econ\u00f3micos y sociales para favorecer la competitividad empresarial y el crecimiento econ\u00f3mico.<\/p>\n<p>Foment entiende que Espa\u00f1a ha mostrado hasta ahora indicadores econ\u00f3micos positivos a pesar del contexto europeo de desaceleraci\u00f3n. Esto ha estado posible gracias al hecho de que empresarios y trabajadores han estado capaces de tomar medidas para asegurar la continuidad de los proyectos empresariales y facilitar as\u00ed m\u00e1s eficiencia y competitividad empresarial. <strong>\u201cEl clima de di\u00e1logo y concertaci\u00f3n social entre los agentes sociales ha estado fundamental y ofrecemos toda nuestra colaboraci\u00f3n ante el nuevo escenario pol\u00edtico en el cual m\u00e1s que nunca es imprescindible la moderaci\u00f3n y el pacto\u201d<\/strong>. En este sentido, Foment apela a la urgencia de constituir un gobierno y facilitar una Ley de Presupuestos que d\u00e9 estabilidad y rigor al nuevo gobierno.<\/p>\n","protected":false},"excerpt":{"rendered":"<p>Para garantizar la estabilidad pol\u00edtica es esencial que las fuerzas pol\u00edticas con m\u00e1s representaci\u00f3n parlamentaria acuerden los presupuestos. Foment pide al nuevo Gobierno del Estado grandes acuerdos tambi\u00e9n con los agentes econ\u00f3micos y sociales para una pol\u00edtica econ\u00f3mica y fiscal que dinamice la actividad empresarial y la creaci\u00f3n de puestos de trabajo. Foment del Treball reitera su felicitaci\u00f3n a la formaci\u00f3n pol\u00edtica m\u00e1s votada en las elecciones generales del 10 noviembre de 2019, pero considera que ahora es ya urgente que el conjunto de las fuerzas pol\u00edticas muestre una actitud de responsabilidad y compromiso para facilitar la gobernabilidad de Espa\u00f1a ante el contexto de fragmentaci\u00f3n parlamentaria. Es imprescindible que el partido m\u00e1s votado busque las alianzas que permitan formar un Gobierno del Estado estable y moderado para impulsar tambi\u00e9n reformas concertadas entre el Ejecutivo y los agentes econ\u00f3micos y sociales para favorecer la competitividad empresarial y el crecimiento econ\u00f3mico. Foment entiende que Espa\u00f1a ha mostrado hasta ahora indicadores econ\u00f3micos positivos a pesar del contexto europeo de desaceleraci\u00f3n. Esto ha estado posible gracias al hecho de que empresarios y trabajadores han estado capaces de tomar medidas para asegurar la continuidad de los proyectos empresariales y facilitar as\u00ed m\u00e1s eficiencia y competitividad [&hellip;]<\/p>\n","protected":false},"author":10,"featured_media":40005,"comment_status":"closed","ping_status":"closed","sticky":false,"template":"","format":"standard","meta":{"_links_to":"","_links_to_target":""},"categories":[114,68],"tags":[2217,2219,2218],"acf":[],"wps_subtitle":"Es necesario un clima de moderaci\u00f3n, pacto y rigor presupuestario para afrontar los retos econ\u00f3micos y sociales en un contexto de desaceleraci\u00f3n","_links":{"self":[{"href":"https:\/\/www.foment.com\/es\/wp-json\/wp\/v2\/posts\/75117"}],"collection":[{"href":"https:\/\/www.foment.com\/es\/wp-json\/wp\/v2\/posts"}],"about":[{"href":"https:\/\/www.foment.com\/es\/wp-json\/wp\/v2\/types\/post"}],"author":[{"embeddable":true,"href":"https:\/\/www.foment.com\/es\/wp-json\/wp\/v2\/users\/10"}],"replies":[{"embeddable":true,"href":"https:\/\/www.foment.com\/es\/wp-json\/wp\/v2\/comments?post=75117"}],"version-history":[{"count":0,"href":"https:\/\/www.foment.com\/es\/wp-json\/wp\/v2\/posts\/75117\/revisions"}],"wp:featuredmedia":[{"embeddable":true,"href":"https:\/\/www.foment.com\/es\/wp-json\/wp\/v2\/media\/40005"}],"wp:attachment":[{"href":"https:\/\/www.foment.com\/es\/wp-json\/wp\/v2\/media?parent=75117"}],"wp:term":[{"taxonomy":"category","embeddable":true,"href":"https:\/\/www.foment.com\/es\/wp-json\/wp\/v2\/categories?post=75117"},{"taxonomy":"post_tag","embeddable":true,"href":"https:\/\/www.foment.com\/es\/wp-json\/wp\/v2\/tags?post=75117"}],"curies":[{"name":"wp","href":"https:\/\/api.w.org\/{rel}","templated":true}]}}