{"id":75320,"date":"2019-11-12T18:16:40","date_gmt":"2019-11-12T17:16:40","guid":{"rendered":"https:\/\/www.foment.com\/preacord-govern-dona-missatge-responsabilitat\/"},"modified":"2019-11-12T18:24:15","modified_gmt":"2019-11-12T17:24:15","slug":"preacuerdo-gobierno-da-mensaje-responsabilidad","status":"publish","type":"post","link":"https:\/\/www.foment.com\/es\/preacuerdo-gobierno-da-mensaje-responsabilidad\/","title":{"rendered":"El preacuerdo de gobierno da un mensaje de responsabilidad"},"content":{"rendered":"<p>El anuncio de un <strong>preacuerdo de gobierno entre PSOE y Unidas Podemos da un mensaje de responsabilidad de las fuerzas pol\u00edticas<\/strong> para avanzar hacia la formaci\u00f3n de un gobierno en Espa\u00f1a.<\/p>\n<p><strong>Foment del Treball valorar\u00e1 el programa que presente el nuevo gobierno, anunciado despu\u00e9s de la posible investidura<\/strong>. El Comit\u00e9 Ejecutivo y la Junta Directiva que celebrar\u00e1 la CEOE el pr\u00f3ximo mi\u00e9rcoles 20 de noviembre \u2013donde Foment cuenta con una ampl\u00eda representaci\u00f3n\u2013 analizar\u00e1 tambi\u00e9n los \u00faltimos acontecimientos pol\u00edticos del pa\u00eds.<\/p>\n<p>En todo caso, <strong>Foment del Treball conf\u00eda en la creaci\u00f3n de un gobierno estable, moderado y con capacidad de aprobar la Ley de Presupuestos<\/strong>.<\/p>\n","protected":false},"excerpt":{"rendered":"<p>El anuncio de un preacuerdo de gobierno entre PSOE y Unidas Podemos da un mensaje de responsabilidad de las fuerzas pol\u00edticas para avanzar hacia la formaci\u00f3n de un gobierno en Espa\u00f1a. Foment del Treball valorar\u00e1 el programa que presente el nuevo gobierno, anunciado despu\u00e9s de la posible investidura. El Comit\u00e9 Ejecutivo y la Junta Directiva que celebrar\u00e1 la CEOE el pr\u00f3ximo mi\u00e9rcoles 20 de noviembre \u2013donde Foment cuenta con una ampl\u00eda representaci\u00f3n\u2013 analizar\u00e1 tambi\u00e9n los \u00faltimos acontecimientos pol\u00edticos del pa\u00eds. En todo caso, Foment del Treball conf\u00eda en la creaci\u00f3n de un gobierno estable, moderado y con capacidad de aprobar la Ley de Presupuestos.<\/p>\n","protected":false},"author":10,"featured_media":73286,"comment_status":"closed","ping_status":"closed","sticky":false,"template":"","format":"standard","meta":{"_links_to":"","_links_to_target":""},"categories":[114,68],"tags":[2239,2242,2240,2241],"acf":[],"wps_subtitle":"Foment del Treball conf\u00eda en la creaci\u00f3n de un gobierno estable, moderado y con capacidad de aprobar la Ley de Presupuestos","_links":{"self":[{"href":"https:\/\/www.foment.com\/es\/wp-json\/wp\/v2\/posts\/75320"}],"collection":[{"href":"https:\/\/www.foment.com\/es\/wp-json\/wp\/v2\/posts"}],"about":[{"href":"https:\/\/www.foment.com\/es\/wp-json\/wp\/v2\/types\/post"}],"author":[{"embeddable":true,"href":"https:\/\/www.foment.com\/es\/wp-json\/wp\/v2\/users\/10"}],"replies":[{"embeddable":true,"href":"https:\/\/www.foment.com\/es\/wp-json\/wp\/v2\/comments?post=75320"}],"version-history":[{"count":0,"href":"https:\/\/www.foment.com\/es\/wp-json\/wp\/v2\/posts\/75320\/revisions"}],"wp:featuredmedia":[{"embeddable":true,"href":"https:\/\/www.foment.com\/es\/wp-json\/wp\/v2\/media\/73286"}],"wp:attachment":[{"href":"https:\/\/www.foment.com\/es\/wp-json\/wp\/v2\/media?parent=75320"}],"wp:term":[{"taxonomy":"category","embeddable":true,"href":"https:\/\/www.foment.com\/es\/wp-json\/wp\/v2\/categories?post=75320"},{"taxonomy":"post_tag","embeddable":true,"href":"https:\/\/www.foment.com\/es\/wp-json\/wp\/v2\/tags?post=75320"}],"curies":[{"name":"wp","href":"https:\/\/api.w.org\/{rel}","templated":true}]}}