{"id":75500,"date":"2019-11-17T09:30:54","date_gmt":"2019-11-17T08:30:54","guid":{"rendered":"https:\/\/www.foment.com\/?p=75500"},"modified":"2019-11-15T18:53:32","modified_gmt":"2019-11-15T17:53:32","slug":"foment-reconoce-luca-de-meo-con-medalla-honor-al-empresario-ano","status":"publish","type":"post","link":"https:\/\/www.foment.com\/es\/foment-reconoce-luca-de-meo-con-medalla-honor-al-empresario-ano\/","title":{"rendered":"Foment del Treball reconoce a Luca de Meo con la Medalla de Honor al Empresario del A\u00f1o"},"content":{"rendered":"<section class=\"wpb-content-wrapper\"><p>[vc_row][vc_column][vc_column_text]<\/p>\n<ul>\n<li><strong>Los Premios Carles Ferrer Salat reconocen a Torrons Vicens por su labor de compromiso social; a Schneider Electric Espa\u00f1a por su fuerte apuesta en innovaci\u00f3n; a CELSA Group por su responsabilidad con el medio ambiente; a Casta\u00f1er por su estrategia de internacionalizaci\u00f3n; a Nestl\u00e9 por sus pol\u00edticas de igualdad; y a BYHOURS por el servicio que ofrece.<\/strong><\/li>\n<li><strong>Foment del Treball entregar\u00e1 sus galardones en un acto que tendr\u00e1 lugar ma\u00f1ana 18 de noviembre en el SOFIA hotel de Barcelona.<\/strong><\/li>\n<\/ul>\n<p>Foment del Treball distingue a Luca de Meo, presidente de SEAT, con la Medalla de Honor al Empresario del A\u00f1o, al reconocerle su liderazgo un a\u00f1o m\u00e1s al frente de la compa\u00f1\u00eda en plena transformaci\u00f3n digital del sector. Tambi\u00e9n otorga a t\u00edtulo p\u00f3stumo sendas medallas por su Trayectoria Empresarial a Sebasti\u00e0 Salvad\u00f3, presidente del RACC durante treinta a\u00f1os, y a Miquel Valls, presidente de la C\u00e1mara de Comercio de Barcelona durante diecisiete a\u00f1os. \u00a0Foment del Treball entregar\u00e1 ma\u00f1ana lunes 18 de noviembre estas medallas durante la duod\u00e9cima edici\u00f3n de los premios anuales que rinden tambi\u00e9n homenaje al empresario y economista Carles Ferrer Salat. Estos galardones se conceder\u00e1n en el transcurso de una cena en el SOFIA hotel de Barcelona, un acto al que asistir\u00e1n destacadas figuras del \u00e1mbito sociopol\u00edtico y empresarial.[\/vc_column_text]<div class=\"spacer\" style=\"height: 10px;\"><\/div>[\/vc_column][\/vc_row][vc_row][vc_column width=\u00bb1\/2&#8243;]<div class=\"single_image wpb_content_element align-left    \" data-animation=\"none\" data-delay=\"0\"><img width=\"1937\" height=\"1969\" src=\"https:\/\/www.foment.com\/wp-content\/uploads\/2019\/11\/Sebasti\u00e0-Salvad\u00f3.jpg\" class=\"attachment-full\" alt=\"\" loading=\"lazy\" title=\"Sebasti\u00e0 Salvad\u00f3\" \/><\/div><div class=\"spacer\" style=\"height: 10px;\"><\/div>[\/vc_column][vc_column width=\u00bb1\/2&#8243;]<div class=\"single_image wpb_content_element align-left    \" data-animation=\"none\" data-delay=\"0\"><img width=\"816\" height=\"823\" src=\"https:\/\/www.foment.com\/wp-content\/uploads\/2019\/11\/Miquel-Valls.jpg\" class=\"attachment-full\" alt=\"\" loading=\"lazy\" title=\"Miquel Valls\" \/><\/div><div class=\"spacer\" style=\"height: 10px;\"><\/div>[\/vc_column][\/vc_row][vc_row][vc_column width=\u00bb1\/1&#8243;][vc_column_text]Los Premios Carles Ferrer Salat distinguen la labor realizada por empresas y destacados empresarios durante el \u00faltimo a\u00f1o o a lo largo de su trayectoria. Este a\u00f1o reconocer\u00e1 a <strong>Torrons Vicens<\/strong> por su labor de compromiso social; a <strong>Schneider Electric Espa\u00f1a<\/strong> por su apuesta en innovaci\u00f3n; a <strong>CELSA Group<\/strong> por su responsabilidad con el medio ambiente; a <strong>Casta\u00f1er<\/strong> por su estrategia de internacionalizaci\u00f3n; a <strong>Nestl\u00e9<\/strong> por sus pol\u00edticas de igualdad y a<strong> BYHOURS<\/strong> como Pyme del A\u00f1o.[\/vc_column_text]<div class=\"spacer\" style=\"height: 5px;\"><\/div>[\/vc_column][\/vc_row][vc_row][vc_column width=\u00bb1\/4&#8243;][\/vc_column][vc_column width=\u00bb1\/2&#8243;]<a href=\"https:\/\/www.foment.com\/wp-content\/uploads\/2019\/11\/Dosier-premiados-Foment-del-Treball-2019-castellano_web.pdf\" target=\"_blank\" class=\"button color-3 medium \" style=\"border-radius: 5px;\">Dosier premiados Medallas de Honor y Premios Carles Ferrer Salat 2019<\/a><div class=\"spacer\" style=\"height: 10px;\"><\/div>[\/vc_column][vc_column width=\u00bb1\/4&#8243;][\/vc_column][\/vc_row][vc_row][vc_column width=\u00bb1\/1&#8243;]<div class=\"spacer\" style=\"height: 10px;\"><\/div>[vc_column_text]<span style=\"color: #c1002b;\"><strong>Medallas de Honor<\/strong><\/span><\/p>\n<p>En esta edici\u00f3n, Foment distinguir\u00e1 al presidente de SEAT, <strong>Luca de Meo<\/strong>, con la Medalla de Honor al Empresario del A\u00f1o por su trayectoria profesional y su liderazgo al frente de la compa\u00f1\u00eda que preside, que demuestra una fortaleza en ventas en una etapa llena de retos para el sector del autom\u00f3vil. La patronal tambi\u00e9n ha querido premiar su visi\u00f3n estrat\u00e9gica al transformar el veh\u00edculo bajo un nuevo concepto de movilidad, conectividad e innovaci\u00f3n creativa. Asimismo, Foment quiere galardonar a Luca de Meo por haber conseguido colocar a SEAT como una de las marcas que m\u00e1s crece en Europa y como la compa\u00f1\u00eda l\u00edder en ventas del sector en Espa\u00f1a, manteniendo al mismo tiempo su firme compromiso con Barcelona. El pasado a\u00f1o vendi\u00f3 la cifra r\u00e9cord de 518.000 veh\u00edculos y obtuvo un beneficio de 294 millones de euros, el mayor de su historia. Gracias a la excelente gesti\u00f3n de su presidente, SEAT aporta el 0,8% del Producto Interior Bruto (PIB) del Estado, representa pr\u00e1cticamente el 3% de las exportaciones y es el primer inversor industrial en I+D de Espa\u00f1a.<\/p>\n<p><strong>Sebasti\u00e0 Salvad\u00f3<\/strong> ser\u00e1 distinguido con la Medalla de Honor a la Trayectoria Empresarial In Memoriam por su labor como presidente del RACC. Foment condecorar\u00e1 su extraordinaria dedicaci\u00f3n a Real Autom\u00f3vil Club de Catalunya durante treinta a\u00f1os, etapa en que evolucion\u00f3 de club de automovilistas, con 85.000 socios, a entidad de servicios y familias, con 811.000 socios, una transformaci\u00f3n sustentada en la calidad y la innovaci\u00f3n. Actualmente, el RACC es una organizaci\u00f3n de referencia mundial en el \u00e1mbito de la movilidad.<\/p>\n<p>Por \u00faltimo, Foment del Treball distinguir\u00e1 tambi\u00e9n a <strong>Miquel Valls<\/strong> con la Medalla de Honor a la Trayectoria Empresarial In Memoriam por su compromiso, su responsabilidad y su actitud dialogante como presidente de la C\u00e1mara de Comercio, Industria y Navegaci\u00f3n de Barcelona durante diecisiete a\u00f1os. Su voz siempre conciliadora en defensa de los intereses de la actividad econ\u00f3mica de Barcelona y de Catalu\u00f1a ha sido esencial en la representaci\u00f3n de los intereses de las empresas y de su proyecci\u00f3n exterior.<\/p>\n<p><span style=\"color: #c1002b;\"><strong>Xll <\/strong><strong>Premios Carles Ferrer Salat<\/strong><\/span><\/p>\n<p>El jurado de esta edici\u00f3n galardonar\u00e1 a seis empresas con los Premios Carles Ferrer Salat. Lo har\u00e1 en las categor\u00edas de Compromiso Social, Innovaci\u00f3n, Medio Ambiente, Internacionalizaci\u00f3n, Igualdad y Pyme del A\u00f1o, estas dos \u00faltimas nuevas de este a\u00f1o:<\/p>\n<ul>\n<li><strong>Torrons Vicens (Compromiso Social)<\/strong><\/li>\n<li><strong>Schneider Electric Espa\u00f1a (Innovaci\u00f3n)<\/strong><\/li>\n<li><strong>CELSA Group (Medio Ambiente) <\/strong><\/li>\n<li><strong>Casta\u00f1er (Internacionalizaci\u00f3n)<\/strong><\/li>\n<li><strong>Nestl\u00e9 (Igualdad)<\/strong><\/li>\n<li><strong>BYHOURS (Pyme del A\u00f1o)<\/strong><\/li>\n<\/ul>\n<p>Con el premio en la categor\u00eda Compromiso Social el Jurado reconocer\u00e1 a<strong> Torrons Vicens <\/strong>por la gran labor que est\u00e1 realizando a trav\u00e9s de su iniciativa \u201cel Torr\u00f3 Solidari de RAC1\u201d. Desde el a\u00f1o 2015, este proyecto destina el 100% de los beneficios obtenidos de la venta de este producto a la investigaci\u00f3n de enfermedades pedi\u00e1tricas raras. Se lleva a cabo en el Hospital Sant Joan de D\u00e9u de Barcelona, que trata a m\u00e1s de 15.000 ni\u00f1os que padecen unas 1.050 enfermedades distintas, algunas de ellas muy graves y limitantes. Este a\u00f1o la solidaridad ha sumado 220.400 euros que, junto a las tres ediciones anteriores, han supuesto 683.181 euros destinados a las diversas l\u00edneas que el hospital catal\u00e1n investiga a trav\u00e9s de la plataforma <em>RareCommons<\/em>.<\/p>\n<p>En la categor\u00eda de Innovaci\u00f3n, Foment galardonar\u00e1 a <strong>Schneider Electric Espa\u00f1a<\/strong>, compa\u00f1\u00eda l\u00edder en la transformaci\u00f3n digital de la administraci\u00f3n energ\u00e9tica y la automatizaci\u00f3n, porque, a lo largo de sus m\u00e1s de 180 a\u00f1os de historia, la innovaci\u00f3n siempre ha formado parte de su ADN. Adem\u00e1s, su apuesta por la transformaci\u00f3n se ha multiplicado y diversificado en los \u00faltimos tiempos, abri\u00e9ndose a un potente ecosistema de <em>partners<\/em>, empresas, universidades y expertos a trav\u00e9s de iniciativas como <em>Innovation At the Edge <\/em>y<em> Exchange<\/em>.<\/p>\n<p><strong>CELSA Group,<\/strong> una de las industrias sider\u00fargicas europeas l\u00edderes en productos largos de acero, recibir\u00e1 el Premio Carles Ferrer Salat en la categor\u00eda de Medio Ambiente por su filosof\u00eda de trabajo, ya que todas sus actividades se llevan a cabo desde el compromiso con el desarrollo sostenible y la econom\u00eda circular, lo que posiciona al Grupo como el primer reciclador de Espa\u00f1a y el segundo de Europa.<\/p>\n<p>El premio a la Internacionalizaci\u00f3n se le conceder\u00e1 a <strong>Casta\u00f1er<\/strong>, una de las principales compa\u00f1\u00edas de calzado artesanal de nuestro pa\u00eds, en reconocimiento a su trayectoria. Sus or\u00edgenes se remontan a 1927 cuando Llu\u00eds Casta\u00f1er y su primo Tom\u00e0s Serra fundaron el primer taller de la marca en Banyoles. Actualmente la empresa exporta el 80% de su producci\u00f3n y cuenta con un potente canal de distribuci\u00f3n con tiendas propias y presencia en distintas ciudades de Espa\u00f1a, Francia, Italia, Jap\u00f3n, USA, Grecia, China, Singapur, Corea del Sur, Colombia o Chile.<\/p>\n<p>Este a\u00f1o Foment entregar\u00e1 por primera vez el premio en la categor\u00eda de Igualdad. La compa\u00f1\u00eda galardonada ser\u00e1 <strong>Nestl\u00e9<\/strong> porque, entre sus principales valores, la igualdad de g\u00e9nero es una condici\u00f3n indispensable para garantizar la competitividad empresarial. La plantilla de Nestl\u00e9 cuenta con un 41.3% de mujeres a nivel global, mientras que a nivel de <em>management<\/em> el porcentaje asciende hasta el 48.9%. En el \u00faltimo a\u00f1o, adem\u00e1s, se ha acelerado la igualdad en los cargos de m\u00e1s alta responsabilidad. Asimismo, no hay un diferencial estad\u00edsticamente relevante en t\u00e9rminos de brecha salarial.<\/p>\n<p>Por \u00faltimo, otro de los nuevos galardones que la patronal otorgar\u00e1 este a\u00f1o es el de Pyme del A\u00f1o. Lo recibir\u00e1 la empresa <strong>BYHOURS<\/strong>, plataforma <em>online <\/em>y APP m\u00f3vil a nivel internacional, la primera y \u00fanica que permite reservar microestancias en m\u00e1s de 3.000 hoteles alrededor del mundo en packs de 3, 6 y 12 horas. Foment quiere premiar su fuerte apuesta por intentar aportar flexibilidad a un sector que hasta el momento estaba muy ce\u00f1ido a sus normas y operativas tradicionales, basadas en la contrataci\u00f3n de d\u00eda y noche, para beneficiar tanto a los hoteleros como a los clientes. Gracias a su servicio, el cliente solo paga por las horas que utiliza la habitaci\u00f3n. Por su parte, los hoteles pueden vender o revender aquellas que ya tienen reservadas, una vez que el cliente finalice su estancia.<\/p>\n<p><strong>\u00a0<\/strong><span style=\"color: #c1002b;\"><strong>Los valores de Ferrer Salat<\/strong><\/span><\/p>\n<p>Con la instituci\u00f3n de sus premios anuales, Foment del Treball quiere reconocer y agradecer el esfuerzo y la determinaci\u00f3n de destacadas personalidades de nuestro entorno por su compromiso con el desarrollo social y empresarial. Brillante empresario catal\u00e1n, Ferrer Salat fue presidente de Foment en el momento del renacimiento de la patronal catalana con la llegada de la democracia: a la vez, fue tambi\u00e9n presidente fundador de la patronal espa\u00f1ola CEOE y posteriormente presidente de la gran patronal europea UNICE, hoy llamada Business Europe.<\/p>\n<p>Unos valores, los que representa Carles Ferrer Salat, que identifican plenamente los de Foment del Treball: la patronal catalana, la organizaci\u00f3n empresarial m\u00e1s antigua de Europa con 240 a\u00f1os de historia, que ha encarnado el entusiasmo de catalanes emprendedores por el progreso de Catalu\u00f1a y de Espa\u00f1a.<\/p>\n<p><span style=\"color: #c1002b;\"><strong>El apoyo empresarial, clave en la celebraci\u00f3n de los premios<\/strong><\/span><\/p>\n<p>La edici\u00f3n de este a\u00f1o de entrega de las Medallas de Honor y los Xll Premios Carles Ferrer Salat ser\u00e1 posible gracias al patrocinio de Bankinter, CaixaBank, Endesa, PwC, Repsol y Telef\u00f3nica Empresas y a la colaboraci\u00f3n de Mont Blanc, el RACC, Securitas y SOFIA hotel.<\/p>\n<p>Adem\u00e1s, por primera vez en la historia de los premios y con el deseo de implicar a los asistentes de esta edici\u00f3n en la colaboraci\u00f3n que Foment lleva a cabo con diferentes fundaciones de prop\u00f3sito social, la patronal recoger\u00e1 fondos que se destinar\u00e1n a la Fundaci\u00f3 Oncolliga.[\/vc_column_text][\/vc_column][\/vc_row]<\/p>\n<\/section>","protected":false},"excerpt":{"rendered":"<p>[vc_row][vc_column][vc_column_text] Los Premios Carles Ferrer Salat reconocen a Torrons Vicens por su labor de compromiso social; a Schneider Electric Espa\u00f1a por su fuerte apuesta en innovaci\u00f3n; a CELSA Group por su responsabilidad con el medio ambiente; a Casta\u00f1er por su estrategia de internacionalizaci\u00f3n; a Nestl\u00e9 por sus pol\u00edticas de igualdad; y a BYHOURS por el servicio que ofrece. Foment del Treball entregar\u00e1 sus galardones en un acto que tendr\u00e1 lugar ma\u00f1ana 18 de noviembre en el SOFIA hotel de Barcelona. Foment del Treball distingue a Luca de Meo, presidente de SEAT, con la Medalla de Honor al Empresario del A\u00f1o, al reconocerle su liderazgo un a\u00f1o m\u00e1s al frente de la compa\u00f1\u00eda en plena transformaci\u00f3n digital del sector. Tambi\u00e9n otorga a t\u00edtulo p\u00f3stumo sendas medallas por su Trayectoria Empresarial a Sebasti\u00e0 Salvad\u00f3, presidente del RACC durante treinta a\u00f1os, y a Miquel Valls, presidente de la C\u00e1mara de Comercio de Barcelona durante diecisiete a\u00f1os. \u00a0Foment del Treball entregar\u00e1 ma\u00f1ana lunes 18 de noviembre estas medallas durante la duod\u00e9cima edici\u00f3n de los premios anuales que rinden tambi\u00e9n homenaje al empresario y economista Carles Ferrer Salat. Estos galardones se conceder\u00e1n en el transcurso de una cena en el SOFIA hotel de Barcelona, un [&hellip;]<\/p>\n","protected":false},"author":10,"featured_media":75477,"comment_status":"closed","ping_status":"closed","sticky":false,"template":"","format":"standard","meta":{"_links_to":"","_links_to_target":""},"categories":[114,68,127],"tags":[2253,247,2254,2012,760,828],"acf":[],"wps_subtitle":"La patronal catalana distingue tambi\u00e9n a Sebasti\u00e0 Salvad\u00f3 y a Miquel Valls con dos Medallas de Honor a la Trayectoria Empresarial In Memoriam","_links":{"self":[{"href":"https:\/\/www.foment.com\/es\/wp-json\/wp\/v2\/posts\/75500"}],"collection":[{"href":"https:\/\/www.foment.com\/es\/wp-json\/wp\/v2\/posts"}],"about":[{"href":"https:\/\/www.foment.com\/es\/wp-json\/wp\/v2\/types\/post"}],"author":[{"embeddable":true,"href":"https:\/\/www.foment.com\/es\/wp-json\/wp\/v2\/users\/10"}],"replies":[{"embeddable":true,"href":"https:\/\/www.foment.com\/es\/wp-json\/wp\/v2\/comments?post=75500"}],"version-history":[{"count":0,"href":"https:\/\/www.foment.com\/es\/wp-json\/wp\/v2\/posts\/75500\/revisions"}],"wp:featuredmedia":[{"embeddable":true,"href":"https:\/\/www.foment.com\/es\/wp-json\/wp\/v2\/media\/75477"}],"wp:attachment":[{"href":"https:\/\/www.foment.com\/es\/wp-json\/wp\/v2\/media?parent=75500"}],"wp:term":[{"taxonomy":"category","embeddable":true,"href":"https:\/\/www.foment.com\/es\/wp-json\/wp\/v2\/categories?post=75500"},{"taxonomy":"post_tag","embeddable":true,"href":"https:\/\/www.foment.com\/es\/wp-json\/wp\/v2\/tags?post=75500"}],"curies":[{"name":"wp","href":"https:\/\/api.w.org\/{rel}","templated":true}]}}