{"id":76145,"date":"2019-11-26T20:51:26","date_gmt":"2019-11-26T19:51:26","guid":{"rendered":"https:\/\/www.foment.com\/?p=76145"},"modified":"2019-12-17T15:39:21","modified_gmt":"2019-12-17T14:39:21","slug":"industria-reclama-transicion-energetica-justa-que-refuerce-competitividad-internacional","status":"publish","type":"post","link":"https:\/\/www.foment.com\/es\/industria-reclama-transicion-energetica-justa-que-refuerce-competitividad-internacional\/","title":{"rendered":"La industria reclama una transici\u00f3n energ\u00e9tica justa que refuerce su competitividad internacional"},"content":{"rendered":"<section class=\"wpb-content-wrapper\"><p>[vc_row][vc_column][vc_column_text]La quinta edici\u00f3n del<strong> Industrial Meeting de Foment del Treball<\/strong>, el encuentro anual de la industria catalana, ha evidenciado la <strong>necesidad de aplicar en todo el Estado una pol\u00edtica industrial, similar a la de Catalu\u00f1a con el Pacto Nacional para la Industria, que facilite una transici\u00f3n energ\u00e9tica justa y que no ponga en riesgo la competitividad internacional de las industrias<\/strong>. El presidente de Foment, <strong>Josep S\u00e1nchez Llibre<\/strong>, ha elogiado la pol\u00edtica industrial catalana definida en el Pacto, pero ha reclamado la aceleraci\u00f3n en su implementaci\u00f3n y que se destine una mayor dotaci\u00f3n presupuestaria que lo haga posible.[\/vc_column_text]<div class=\"video-embed  wpb_content_element\"><iframe title=\"Industrial Meeting 2019\" width=\"1161\" height=\"653\" src=\"https:\/\/www.youtube.com\/embed\/QCIEMt0ma_U?feature=oembed\" frameborder=\"0\" allow=\"accelerometer; autoplay; clipboard-write; encrypted-media; gyroscope; picture-in-picture; web-share\" referrerpolicy=\"strict-origin-when-cross-origin\" allowfullscreen><\/iframe><\/div>[vc_column_text]\u201cLa crisis ha afectado a nuestro sector industrial, por lo tanto hay que<strong> reforzar algunas de las l\u00edneas estrat\u00e9gicas industriales, y que se aumente el presupuesto p\u00fablico para la industria, puesto que el ahorro que se hace en pol\u00edtica industrial se pagar\u00e1 con creces en pol\u00edtica social\u201d<\/strong>, ha expresado S\u00e1nchez Llibre en la clausura del acto que ha hecho junto al secretario de Empresa y Competitividad de la Generalitat Catalana, <strong>Joaquim Ferrer<\/strong>.<\/p>\n<p>Por su parte, Ferrer ha afirmado que <strong>la transformaci\u00f3n hacia la industria 4.0 y la sostenibilidad productiva acabar\u00e1 decantando la balanza hacia la creaci\u00f3n de m\u00e1s ocupaci\u00f3n<\/strong>. \u201cTodas las revoluciones se asocian a una p\u00e9rdida de puestos de trabajo, pero en el caso de Catalu\u00f1a <strong>se crear\u00e1n hasta 13.000 puestos m\u00e1s de trabajo que los destruidos hasta el 2030<\/strong>\u201d, ha citado seg\u00fan los datos de un informe de la Generalitat elaborado en el marco del Pacto Nacional para la Industria.[\/vc_column_text]<div class=\"flexslider wpb_content_element\"><ul class=\"slides\"><li><img src=\"https:\/\/www.foment.com\/wp-content\/uploads\/2019\/11\/photo5974335466658443655.jpg\" alt=\"\" \/><\/li><li><img src=\"https:\/\/www.foment.com\/wp-content\/uploads\/2019\/11\/photo5974335466658443654.jpg\" alt=\"\" \/><\/li><li><img src=\"https:\/\/www.foment.com\/wp-content\/uploads\/2019\/11\/photo5974335466658443661.jpg\" alt=\"\" \/><\/li><\/ul><\/div>[vc_column_text]El secretario general de la Industria y la Pyme del Gobierno, <strong>Ra\u00fcl Blanco<\/strong>, ha se\u00f1alado que para apoyar a la industria <strong>\u00abes esencial la colaboraci\u00f3n p\u00fablico-privada y elaborar un Pacto Nacional para la Industria a nivel estatal, donde se recojan cambios legislativos y nuevos recursos presupuestarios\u00bb<\/strong>. \u201cSi as\u00ed aumenta la productividad, y por tanto el crecimiento econ\u00f3mico y la ocupaci\u00f3n, tiene sentido y tiene que ser una prioridad\u00bb, ha defendido Blanco en la inauguraci\u00f3n de la sesi\u00f3n.<\/p>\n<p>En la misma l\u00ednea, el presidente de la Comisi\u00f3n de Industria, <strong>Josep Llu\u00eds Cabestany<\/strong>, tambi\u00e9n ha considerado necesaria una pol\u00edtica industrial estatal como la de Catalu\u00f1a y la dotaci\u00f3n de m\u00e1s recursos p\u00fablicos. Adem\u00e1s ha a\u00f1adido que <strong>para incrementar la productividad catalana \u201chacen falta precios energ\u00e9ticos m\u00e1s competitivos, que el Corredor Mediterr\u00e1neo se convierta en una realidad, y m\u00e1s colaboraci\u00f3n con las universidad para incrementar la creaci\u00f3n de talento que nos permita seguir creciendo en innovaci\u00f3n\u201d<\/strong>.<\/p>\n<p>El secretario general adjunto de Foment, <strong>Salvador Guillermo<\/strong>, ha presentado las conclusiones extra\u00eddas de un informe elaborado por el departamento de Econom\u00eda de la patronal sobre la situaci\u00f3n actual y los retos industriales, que refleja que <strong>\u201cEuropa no ser\u00e1 capaz de producir internamente las tecnolog\u00edas que necesita sin una fuerte base industrial, construida sobre una estrategia y recursos compartidos\u201d<\/strong>.<\/p>\n<p>\u00abLa industria, en un mundo globalizado y con cambios tecnol\u00f3gicos disruptius, se enfrenta a desaf\u00edos transversales pero que afectan de manera desigual a las diferentes ramas. Por lo cual <strong>habr\u00e1 que poner en pr\u00e1ctica una pol\u00edtica industrial que prepare al sector ante estos cambios y que tambi\u00e9n proteja a cada subsector<\/strong>, a trav\u00e9s de pol\u00edticas sectoriales, con las herramientas necesarias para impulsar la productividad y la ocupaci\u00f3n\u00bb, ha apuntado Guillermo.[\/vc_column_text]<div class=\"flexslider wpb_content_element\"><ul class=\"slides\"><li><img src=\"https:\/\/www.foment.com\/wp-content\/uploads\/2019\/11\/photo5974335466658443566.jpg\" alt=\"\" \/><\/li><li><img src=\"https:\/\/www.foment.com\/wp-content\/uploads\/2019\/11\/photo5974335466658443556.jpg\" alt=\"\" \/><\/li><li><img src=\"https:\/\/www.foment.com\/wp-content\/uploads\/2019\/11\/photo5974335466658443555.jpg\" alt=\"\" \/><\/li><\/ul><\/div>[vc_column_text]El encuentro empresarial ha contado con dos mesas redondas, una sobre competitividad industrial en la cual ha participado la vicepresidenta de Foment, <strong>Virginia Guinda<\/strong>, para hablar de <strong>transformaci\u00f3n energ\u00e9tica y costes energ\u00e9ticos<\/strong>; el Gerente Logistics Projects de Seat, <strong>Jorge Roig<\/strong>, para acercar la realidad del <strong>sector de la automoci\u00f3n, uno de los sector m\u00e1s afectados y que m\u00e1s transformaci\u00f3n est\u00e1 experimentando<\/strong>; y el director de Digital Talento de la Mobile World Capital Barcelona, <strong>Jordi Arruf\u00ed<\/strong>, quien ha expuesto el problema del <strong>acceso al talento<\/strong>.[\/vc_column_text]<div class=\"flexslider wpb_content_element\"><ul class=\"slides\"><li><img src=\"https:\/\/www.foment.com\/wp-content\/uploads\/2019\/11\/photo5974335466658443587.jpg\" alt=\"\" \/><\/li><li><img src=\"https:\/\/www.foment.com\/wp-content\/uploads\/2019\/11\/photo5974335466658443590.jpg\" alt=\"\" \/><\/li><li><img src=\"https:\/\/www.foment.com\/wp-content\/uploads\/2019\/11\/photo5974335466658443604.jpg\" alt=\"\" \/><\/li><li><img src=\"https:\/\/www.foment.com\/wp-content\/uploads\/2019\/11\/photo5974335466658443593.jpg\" alt=\"\" \/><\/li><\/ul><\/div>[vc_column_text]En el segundo bloque de la sesi\u00f3n, han tenido lugar las ponencias de la mesa sobre<strong> la impresi\u00f3n 3D como instrumento para lograr la transici\u00f3n hacia la industria del futuro<\/strong>, con el vicepresidente de Fomento y de Epson Europe, <strong>Ernest Quingles<\/strong>, y el delegado del Estado en el Consorcio de la Zona franca de Barcelona, <strong>Pere Navarr<\/strong>o.[\/vc_column_text]<div class=\"flexslider wpb_content_element\"><ul class=\"slides\"><li><img src=\"https:\/\/www.foment.com\/wp-content\/uploads\/2019\/11\/photo5974335466658443611-1.jpg\" alt=\"\" \/><\/li><li><img src=\"https:\/\/www.foment.com\/wp-content\/uploads\/2019\/11\/photo5974335466658443615.jpg\" alt=\"\" \/><\/li><li><img src=\"https:\/\/www.foment.com\/wp-content\/uploads\/2019\/11\/photo5974335466658443622-1.jpg\" alt=\"\" \/><\/li><\/ul><\/div>[\/vc_column][\/vc_row]<\/p>\n<\/section>","protected":false},"excerpt":{"rendered":"<p>[vc_row][vc_column][vc_column_text]La quinta edici\u00f3n del Industrial Meeting de Foment del Treball, el encuentro anual de la industria catalana, ha evidenciado la necesidad de aplicar en todo el Estado una pol\u00edtica industrial, similar a la de Catalu\u00f1a con el Pacto Nacional para la Industria, que facilite una transici\u00f3n energ\u00e9tica justa y que no ponga en riesgo la competitividad internacional de las industrias. El presidente de Foment, Josep S\u00e1nchez Llibre, ha elogiado la pol\u00edtica industrial catalana definida en el Pacto, pero ha reclamado la aceleraci\u00f3n en su implementaci\u00f3n y que se destine una mayor dotaci\u00f3n presupuestaria que lo haga posible.[\/vc_column_text][vc_column_text]\u201cLa crisis ha afectado a nuestro sector industrial, por lo tanto hay que reforzar algunas de las l\u00edneas estrat\u00e9gicas industriales, y que se aumente el presupuesto p\u00fablico para la industria, puesto que el ahorro que se hace en pol\u00edtica industrial se pagar\u00e1 con creces en pol\u00edtica social\u201d, ha expresado S\u00e1nchez Llibre en la clausura del acto que ha hecho junto al secretario de Empresa y Competitividad de la Generalitat Catalana, Joaquim Ferrer. Por su parte, Ferrer ha afirmado que la transformaci\u00f3n hacia la industria 4.0 y la sostenibilidad productiva acabar\u00e1 decantando la balanza hacia la creaci\u00f3n de m\u00e1s ocupaci\u00f3n. \u201cTodas las revoluciones se asocian [&hellip;]<\/p>\n","protected":false},"author":10,"featured_media":76147,"comment_status":"closed","ping_status":"closed","sticky":false,"template":"","format":"standard","meta":{"_links_to":"","_links_to_target":""},"categories":[114,70],"tags":[2293,863,741,2274],"acf":[],"wps_subtitle":"El presidente de Foment, Josep S\u00e1nchez Llibre, pide que se intensifiquen algunas de las l\u00edneas estrat\u00e9gicas industriales y el presupuesto p\u00fablico para el sector","_links":{"self":[{"href":"https:\/\/www.foment.com\/es\/wp-json\/wp\/v2\/posts\/76145"}],"collection":[{"href":"https:\/\/www.foment.com\/es\/wp-json\/wp\/v2\/posts"}],"about":[{"href":"https:\/\/www.foment.com\/es\/wp-json\/wp\/v2\/types\/post"}],"author":[{"embeddable":true,"href":"https:\/\/www.foment.com\/es\/wp-json\/wp\/v2\/users\/10"}],"replies":[{"embeddable":true,"href":"https:\/\/www.foment.com\/es\/wp-json\/wp\/v2\/comments?post=76145"}],"version-history":[{"count":0,"href":"https:\/\/www.foment.com\/es\/wp-json\/wp\/v2\/posts\/76145\/revisions"}],"wp:featuredmedia":[{"embeddable":true,"href":"https:\/\/www.foment.com\/es\/wp-json\/wp\/v2\/media\/76147"}],"wp:attachment":[{"href":"https:\/\/www.foment.com\/es\/wp-json\/wp\/v2\/media?parent=76145"}],"wp:term":[{"taxonomy":"category","embeddable":true,"href":"https:\/\/www.foment.com\/es\/wp-json\/wp\/v2\/categories?post=76145"},{"taxonomy":"post_tag","embeddable":true,"href":"https:\/\/www.foment.com\/es\/wp-json\/wp\/v2\/tags?post=76145"}],"curies":[{"name":"wp","href":"https:\/\/api.w.org\/{rel}","templated":true}]}}