{"id":78011,"date":"2020-01-16T18:08:01","date_gmt":"2020-01-16T17:08:01","guid":{"rendered":"https:\/\/www.foment.com\/barcelona-mante-seu-ferm-compromis-amb-mwc\/"},"modified":"2020-01-16T18:14:22","modified_gmt":"2020-01-16T17:14:22","slug":"barcelona-mantiene-su-firme-compromiso-con-mwc","status":"publish","type":"post","link":"https:\/\/www.foment.com\/es\/barcelona-mantiene-su-firme-compromiso-con-mwc\/","title":{"rendered":"Barcelona mantiene su firme compromiso con el MWC"},"content":{"rendered":"<p>Las instituciones y los agentes econ\u00f3micos de la ciudad de Barcelona, donde se celebra desde el a\u00f1o 2006 el encuentro anual de la industria de la comunicaci\u00f3n m\u00f3vil m\u00e1s importante del mundo, \u00a0trabajan y tienen el compromiso firme de preservar y ofrecer las mejores condiciones para que la capital catalana contin\u00fae siendo la sede mundial de este evento fundamental y que est\u00e1 ya comprometido para Fira de Barcelona hasta el 2023.<\/p>\n<p>M\u00e1s de 100.000 profesionales del sector \u00a0visitan la ciudad cada a\u00f1o durante la \u00faltima semana de febrero, lo que genera 14.000 empleos temporales. El MWC tiene un impacto econ\u00f3mico de 473 millones de euros, y proyecta la ciudad de Barcelona como de unas de las metr\u00f3polis m\u00e1s atractivas del mundo para los negocios.<\/p>\n<p>Por todo ello, Foment del Treball, que representa a la totalidad de los sectores econ\u00f3micos e industriales, considera que esta feria es esencial \u00a0para la econom\u00eda espa\u00f1ola y que \u00a0Barcelona re\u00fane y aporta, y as\u00ed seguir\u00e1 haci\u00e9ndolo a partir del a\u00f1o 2023, la oferta m\u00e1s cualificada para continuar siendo la anfitriona del congreso.<\/p>\n<p>Barcelona ha mantenido la capitalidad del congreso desde hace 14 a\u00f1os y, por tanto, ha competido con las principales ciudades europeas que como \u00a0Madrid, pero tambi\u00e9n Paris, Londres y Frankfurt desear\u00edan ganar la sede de este evento principal de la tecnolog\u00eda y la comunicaci\u00f3n. La capital catalana acumula, pues, muchos a\u00f1os de trabajo de fondo que conecta a todos los agentes econ\u00f3micos e institucionales de la ciudad: las empresas, las industrias, las universidades y escuelas de negocios, los centros de innovaci\u00f3n e investigaci\u00f3n y, por supuesto, las instituciones pol\u00edticas.<\/p>\n<p>Al inicio de una d\u00e9cada repleta de retos en Espa\u00f1a, Foment del Treball propone que Madrid y Barcelona deben mostrar su capacidad de colaboraci\u00f3n y ofrecer al mundo propuestas complementarias para sumar y construir un pa\u00eds mejor.<\/p>\n","protected":false},"excerpt":{"rendered":"<p>Las instituciones y los agentes econ\u00f3micos de la ciudad de Barcelona, donde se celebra desde el a\u00f1o 2006 el encuentro anual de la industria de la comunicaci\u00f3n m\u00f3vil m\u00e1s importante del mundo, \u00a0trabajan y tienen el compromiso firme de preservar y ofrecer las mejores condiciones para que la capital catalana contin\u00fae siendo la sede mundial de este evento fundamental y que est\u00e1 ya comprometido para Fira de Barcelona hasta el 2023. M\u00e1s de 100.000 profesionales del sector \u00a0visitan la ciudad cada a\u00f1o durante la \u00faltima semana de febrero, lo que genera 14.000 empleos temporales. El MWC tiene un impacto econ\u00f3mico de 473 millones de euros, y proyecta la ciudad de Barcelona como de unas de las metr\u00f3polis m\u00e1s atractivas del mundo para los negocios. Por todo ello, Foment del Treball, que representa a la totalidad de los sectores econ\u00f3micos e industriales, considera que esta feria es esencial \u00a0para la econom\u00eda espa\u00f1ola y que \u00a0Barcelona re\u00fane y aporta, y as\u00ed seguir\u00e1 haci\u00e9ndolo a partir del a\u00f1o 2023, la oferta m\u00e1s cualificada para continuar siendo la anfitriona del congreso. Barcelona ha mantenido la capitalidad del congreso desde hace 14 a\u00f1os y, por tanto, ha competido con las principales ciudades europeas que como [&hellip;]<\/p>\n","protected":false},"author":10,"featured_media":78009,"comment_status":"closed","ping_status":"closed","sticky":false,"template":"","format":"standard","meta":{"_links_to":"","_links_to_target":""},"categories":[114,68],"tags":[2459,901],"acf":[],"wps_subtitle":"","_links":{"self":[{"href":"https:\/\/www.foment.com\/es\/wp-json\/wp\/v2\/posts\/78011"}],"collection":[{"href":"https:\/\/www.foment.com\/es\/wp-json\/wp\/v2\/posts"}],"about":[{"href":"https:\/\/www.foment.com\/es\/wp-json\/wp\/v2\/types\/post"}],"author":[{"embeddable":true,"href":"https:\/\/www.foment.com\/es\/wp-json\/wp\/v2\/users\/10"}],"replies":[{"embeddable":true,"href":"https:\/\/www.foment.com\/es\/wp-json\/wp\/v2\/comments?post=78011"}],"version-history":[{"count":0,"href":"https:\/\/www.foment.com\/es\/wp-json\/wp\/v2\/posts\/78011\/revisions"}],"wp:featuredmedia":[{"embeddable":true,"href":"https:\/\/www.foment.com\/es\/wp-json\/wp\/v2\/media\/78009"}],"wp:attachment":[{"href":"https:\/\/www.foment.com\/es\/wp-json\/wp\/v2\/media?parent=78011"}],"wp:term":[{"taxonomy":"category","embeddable":true,"href":"https:\/\/www.foment.com\/es\/wp-json\/wp\/v2\/categories?post=78011"},{"taxonomy":"post_tag","embeddable":true,"href":"https:\/\/www.foment.com\/es\/wp-json\/wp\/v2\/tags?post=78011"}],"curies":[{"name":"wp","href":"https:\/\/api.w.org\/{rel}","templated":true}]}}