{"id":79585,"date":"2020-02-03T18:15:03","date_gmt":"2020-02-03T17:15:03","guid":{"rendered":"https:\/\/www.foment.com\/alex-saez-jubero-incorpora-foment-conseller-public-affairs\/"},"modified":"2020-02-03T19:44:23","modified_gmt":"2020-02-03T18:44:23","slug":"alex-saez-jubero-incorpora-foment-consejero-public-affairs","status":"publish","type":"post","link":"https:\/\/www.foment.com\/es\/alex-saez-jubero-incorpora-foment-consejero-public-affairs\/","title":{"rendered":"\u00c0lex S\u00e1ez Jubero se incorpora a Foment como consejero de Public Affairs"},"content":{"rendered":"<p>La Junta Directiva de Foment del Treball ha aprobado hoy el nombramiento de <strong>\u00c0lex S\u00e1ez Jubero<\/strong> como consejero de Public Affairs de la instituci\u00f3n para gestionar y facilitar la defensa de los intereses empresariales ante las administraciones p\u00fablicas y sus reguladores. Se a\u00f1ade, pues, a un equipo formado por <strong>Valeriano G\u00f3mez<\/strong>, <strong>Vicente Mart\u00ednez-Pujalte<\/strong>, <strong>Manuel J. Silva<\/strong>, <strong>Carles Campuzano<\/strong> y <strong>Enrique Lacalle<\/strong>.<\/p>\n<p>Abogado de profesi\u00f3n, \u00c0lex S\u00e1ez Jubero tiene veinticinco a\u00f1os de experiencia profesional en un despacho en activo, con sede principal en Girona y tambi\u00e9n con despacho en Madrid, en el \u00e1mbito de la responsabilidad civil y el seguro. Cuenta adem\u00e1s con una extensa trayectoria pol\u00edtica como diputado socialista en el Congreso durante tres legislaturas. Durante esta etapa fue vicepresidente de las comisiones de Exterior, Justicia y UE, portavoz parlamentario en las comisiones de Exterior y Justicia, y miembro de la Asamblea Parlamentaria del Consejo de Europa, entre otros destacadas posiciones relevantes en el \u00e1mbito internacional. Ponente en numerosas leyes en materia de exteriores, justicia y cultura. De entre ellas las \u00faltimas reformas del C\u00f3digo Penal, la ley de sociedades profesionales, la ley de acceso a la abogac\u00eda y la procura, la ley de modificaci\u00f3n del C\u00f3digo Civil en materia de matrimonio, la ley de acci\u00f3n exterior, la ley de tratados internacionales, la ley de propiedad intelectual, y la ley de restituci\u00f3n en la Generalitat de los papeles de Salamanca.<\/p>\n<p>Con esta incorporaci\u00f3n, Foment del Treball continua avanzando con su\u00a0vocaci\u00f3n y prioridad de ejercer de forma transparente como lobby ante los reguladores, adem\u00e1s de su consideraci\u00f3n formal y reconocida como actor social -junto con los sindicatos- en el \u00e1mbito laboral y los procesos de negociaci\u00f3n colectiva. El objetivo es trabajar en la defensa y promoci\u00f3n de los intereses empresariales, de la econom\u00eda productiva ante las administraciones p\u00fablicas, catalanas, espa\u00f1olas y europeas; y ante los poderes ejecutivos, legislativos y, si hace falta, judiciales.<\/p>\n","protected":false},"excerpt":{"rendered":"<p>La Junta Directiva de Foment del Treball ha aprobado hoy el nombramiento de \u00c0lex S\u00e1ez Jubero como consejero de Public Affairs de la instituci\u00f3n para gestionar y facilitar la defensa de los intereses empresariales ante las administraciones p\u00fablicas y sus reguladores. Se a\u00f1ade, pues, a un equipo formado por Valeriano G\u00f3mez, Vicente Mart\u00ednez-Pujalte, Manuel J. Silva, Carles Campuzano y Enrique Lacalle. Abogado de profesi\u00f3n, \u00c0lex S\u00e1ez Jubero tiene veinticinco a\u00f1os de experiencia profesional en un despacho en activo, con sede principal en Girona y tambi\u00e9n con despacho en Madrid, en el \u00e1mbito de la responsabilidad civil y el seguro. Cuenta adem\u00e1s con una extensa trayectoria pol\u00edtica como diputado socialista en el Congreso durante tres legislaturas. Durante esta etapa fue vicepresidente de las comisiones de Exterior, Justicia y UE, portavoz parlamentario en las comisiones de Exterior y Justicia, y miembro de la Asamblea Parlamentaria del Consejo de Europa, entre otros destacadas posiciones relevantes en el \u00e1mbito internacional. Ponente en numerosas leyes en materia de exteriores, justicia y cultura. De entre ellas las \u00faltimas reformas del C\u00f3digo Penal, la ley de sociedades profesionales, la ley de acceso a la abogac\u00eda y la procura, la ley de modificaci\u00f3n del C\u00f3digo Civil en materia [&hellip;]<\/p>\n","protected":false},"author":10,"featured_media":79597,"comment_status":"closed","ping_status":"closed","sticky":false,"template":"","format":"standard","meta":{"_links_to":"","_links_to_target":""},"categories":[68],"tags":[2533,2535,2534],"acf":[],"wps_subtitle":"La Junta Directiva de la patronal ha aprobado hoy su nombramiento como consejero de la instituci\u00f3n para gestionar y facilitar la defensa de los intereses empresariales ante las administraciones","_links":{"self":[{"href":"https:\/\/www.foment.com\/es\/wp-json\/wp\/v2\/posts\/79585"}],"collection":[{"href":"https:\/\/www.foment.com\/es\/wp-json\/wp\/v2\/posts"}],"about":[{"href":"https:\/\/www.foment.com\/es\/wp-json\/wp\/v2\/types\/post"}],"author":[{"embeddable":true,"href":"https:\/\/www.foment.com\/es\/wp-json\/wp\/v2\/users\/10"}],"replies":[{"embeddable":true,"href":"https:\/\/www.foment.com\/es\/wp-json\/wp\/v2\/comments?post=79585"}],"version-history":[{"count":0,"href":"https:\/\/www.foment.com\/es\/wp-json\/wp\/v2\/posts\/79585\/revisions"}],"wp:featuredmedia":[{"embeddable":true,"href":"https:\/\/www.foment.com\/es\/wp-json\/wp\/v2\/media\/79597"}],"wp:attachment":[{"href":"https:\/\/www.foment.com\/es\/wp-json\/wp\/v2\/media?parent=79585"}],"wp:term":[{"taxonomy":"category","embeddable":true,"href":"https:\/\/www.foment.com\/es\/wp-json\/wp\/v2\/categories?post=79585"},{"taxonomy":"post_tag","embeddable":true,"href":"https:\/\/www.foment.com\/es\/wp-json\/wp\/v2\/tags?post=79585"}],"curies":[{"name":"wp","href":"https:\/\/api.w.org\/{rel}","templated":true}]}}