{"id":81260,"date":"2020-02-21T15:48:13","date_gmt":"2020-02-21T14:48:13","guid":{"rendered":"https:\/\/www.foment.com\/foment-presenta-81-esmenes-projecte-llei-acompanyament-pressupostos-generalitat\/"},"modified":"2020-02-21T16:24:50","modified_gmt":"2020-02-21T15:24:50","slug":"foment-presenta-81-enmiendas-proyecto-ley-acompanamiento-presupuestos-generalitat","status":"publish","type":"post","link":"https:\/\/www.foment.com\/es\/foment-presenta-81-enmiendas-proyecto-ley-acompanamiento-presupuestos-generalitat\/","title":{"rendered":"Foment presenta 81 enmiendas al proyecto de ley de acompa\u00f1amiento de los presupuestos de la Generalitat"},"content":{"rendered":"<ul>\n<li><strong>La patronal ha iniciado los contactos y negociaciones con los diferentes grupos parlamentarios para corregir la nueva fiscalidad que perjudica a los sectores estrat\u00e9gicos de Catalu\u00f1a.<\/strong><\/li>\n<li><strong>El canon del agua, el impuesto sobre las bebidas azucaradas, la modificaci\u00f3n de la ley de turismo de Catalu\u00f1a y el incremento de tributaci\u00f3n de establecimientos tur\u00edsticos impactar\u00e1n muy negativamente a la actividad.<\/strong><\/li>\n<li><strong>Foment pide la supresi\u00f3n del impuesto de Patrimonio y reducir el IRPF que afecta el consumo y el ahorro.<\/strong><\/li>\n<li><strong>La industria, el turismo y el sector de la alimentaci\u00f3n son los m\u00e1s penalizados por las nuevas medidas fiscales que incorpora la ley de acompa\u00f1amiento del Proyecto de Presupuestos de la Generalitat.<\/strong><\/li>\n<li><strong>La nueva fiscalidad reducir\u00e1 la capacidad adquisitiva de los ciudadanos.<\/strong><\/li>\n<li><strong>Foment pide activar un plan para impulsar la industria y especialmente el sector del autom\u00f3vil.<\/strong><\/li>\n<\/ul>\n<p>Foment del Treball ha redactado un total de 81 enmiendas a la ley de medidas fiscales, financieras, administrativas y del sector p\u00fablico para el 2020, conocida como la ley de acompa\u00f1amiento del Proyecto de Presupuestos de la Generalitat de Catalu\u00f1a. Se inicia as\u00ed el env\u00edo del documento, que recoge las<strong> propuestas del mundo econ\u00f3mico y empresarial en alerta ante el nuevo incremento de tributos, a los diferentes grupos parlamentarios para corregir un planteamiento de la pol\u00edtica fiscal que se considera err\u00f3neo y confiscatorio porque afecta no solo a los sectores m\u00e1s estrat\u00e9gicos y productivos de Catalu\u00f1a<\/strong> \u2013turismo e industria-<strong> sino tambi\u00e9n a las rentas de los ciudadanos, con consecuencias por el consumo y el ahorro<\/strong>.<\/p>\n<p>La patronal entiende que Catalu\u00f1a ya sufre una fiscalidad elevada. Si el Proyecto de Ley de Presupuestos de la Generalitat prev\u00e9 un incremento de ingresos de 4.174 millones de euros en relaci\u00f3n al presupuesto\u00a0 de 2017, gracias de la recaudaci\u00f3n de los impuestos \u2013IVA, IRPF, especiales&#8230;\u2013 ser\u00eda conveniente no a\u00f1adir medidas adicionales que, en el a\u00f1o 2020 aportar\u00e1n no m\u00e1s de 180 M\u20ac, pero con una grave afectaci\u00f3n entre otros al sector del autom\u00f3vil, el sector energ\u00e9tico, las telecomunicaciones, la alimentaci\u00f3n \u2013bebidas azucaradas\u2013 y el turismo.<\/p>\n<p>Foment comparte la necesidad de dotarse de pol\u00edticas que favorecen la cohesi\u00f3n social, pero es imprescindible aportar m\u00e1s volumen a las partidas dedicadas a la actividad productiva puesto que en el 2020 est\u00e1 prevista una notable moderaci\u00f3n en la creaci\u00f3n de puestos de trabajo, alrededor de un tercio de la ocupaci\u00f3n generada al 2018. La actividad productiva en general, y de forma destaca la industrial, sufre una coyuntura compleja ante la transici\u00f3n tecnol\u00f3gica de los tradicional modelos de negocio y la industria 4.0. <strong>Se necesitan recursos para mejorar la competitividad de la nueva econom\u00eda. Un sistema fiscal que penalice el dinamismo econ\u00f3mico y empresarial ser\u00e1 un lastre para proteger la posici\u00f3n de Catalu\u00f1a como el mejor territorio del mediterr\u00e1neo y del Sur de Europa para la inversi\u00f3n y la atracci\u00f3n de talento<\/strong>.<\/p>\n<p>La patronal valora positivamente el hecho de disponer de presupuestos despu\u00e9s de dos pr\u00f3rrogas en los ejercicios 2018 y 2019. Es muy positivo para la inversi\u00f3n p\u00fablica -que ha sufrido m\u00e1s intensamente la ca\u00edda de la actividad a causa de las pr\u00f3rrogas presupuestarias-. Adem\u00e1s, los presupuestos permitir\u00e1n actualizar otras partidas de gasto que hasta ahora hab\u00edan quedado encorsetadas.<\/p>\n<p><span style=\"color: #c1002b;\"><strong>Impuesto sobre instalaciones de telecomunicaciones, energ\u00eda<\/strong><\/span><\/p>\n<p>Bajo el principio de instalaciones que inciden en el medio ambiente, se penalizan actividades esenciales para la industria y que en muchas ocasiones no tienen ninguna afectaci\u00f3n al medio ambiente. Por ejemplo, se prev\u00e9 el transporte de telefon\u00eda y telem\u00e1tica como actividad imponible, cuando estas redes de comunicaciones son m\u00e1s un factor de sostenibilidad, reducci\u00f3n del impacto ambiental y de la huella ecol\u00f3gica y de alta intensidad inversora, con conectividad que act\u00faa como vector de atracci\u00f3n y competitividad. Y estas actividades resultan ahora m\u00e1s relevantes con la econom\u00eda conectada o bien la descarbonitzada.<\/p>\n<p><strong><span style=\"color: #c1002b;\">Agua<\/span><\/strong><\/p>\n<p>Respecto al agua son en total siete las enmiendas que tratan de corregir la carga tributaria a la actividad del agua. Se considera que la regulaci\u00f3n contemple los sobrecostes de las entidades suministradoras, las repercusiones sobre el equilibrio econ\u00f3mico financiero de las concesiones y el riesgo que la normativa obligue a recurrir a otras fuentes de abastecimiento fuera de la cuenca fluvial de Catalu\u00f1a.<\/p>\n<p><strong><span style=\"color: #c1002b;\">Viviendas desocupadas<\/span><\/strong><\/p>\n<p>El proyecto de ley pide la modificaci\u00f3n del impuesto sobre las viviendas vac\u00edas para reducir los porcentajes de bonificaci\u00f3n aplicables en funci\u00f3n del volumen de viviendas que se destinen a alquiler asequible. Se pide la supresi\u00f3n de esta modificaci\u00f3n porque puede producir el efecto contrario al deseado y provocar que una parte del sector destine aquets viviendas a usos diferentes al de viviendas asequibles.<\/p>\n<p><strong><span style=\"color: #c1002b;\">Bebidas azucaradas<\/span><\/strong><\/p>\n<p>El hecho de fijar un impuesto sobre bebidas azucaradas no afaroexi los cambios en los h\u00e1bitos de la salud. Adem\u00e1s es un tributo soportado por el consumidor que discrimina productos y no est\u00e1 orientado a favorecer dietas equilibradas. En el proyecto este impuesto aumenta un 25%, a pesar de que es nuevo desde el 2017.<\/p>\n<p><span style=\"color: #c1002b;\"><strong>Impuestos sobre las estancias en establecimientos tur\u00edsticos<\/strong><\/span><\/p>\n<p>Se prev\u00e9 incrementar la tarifa del impuesto sobre establecimientos tur\u00edsticos en linea con otras ciudades y territorios europeos, esto como un recargo al impuesto tur\u00edstico que se cobra en la ciudad de Barcelona. Esto puede generar consecuencias negativas sobre los resultados del sector y reducir \u00a0la competitividad de Barcelona ante otras ciudades.<\/p>\n<p><span style=\"color: #c1002b;\"><strong>Modificaciones Ley de Turismo de Catalu\u00f1a<\/strong><\/span><\/p>\n<p>Se pide la supresi\u00f3n porque se considera que las modificaciones se tienen que hacer con di\u00e1logo con el sector y tramitando una ley espec\u00edfica. La medida afecta intensamente a las agencias de viaje.<\/p>\n<p><strong><span style=\"color: #c1002b;\">IRPF<\/span><\/strong><\/p>\n<p>Se recomienda la supresi\u00f3n del art\u00edculo 64 del proyecto de ley puesto que la escala auton\u00f3mica\u00a0 del impuesto sobre la renta de las personas f\u00edsicas que regula\u00a0 provoca un aumento de la carga impositiva.<\/p>\n<p><strong><span style=\"color: #c1002b;\">Patrimoni<\/span><\/strong><\/p>\n<p>Se propone la supresi\u00f3n de esta figura anacr\u00f3nica.<\/p>\n<p><span style=\"color: #c1002b;\"><strong>Sucesiones y donaciones<\/strong><\/span><\/p>\n<p>Se defiende volver a las bonificaciones existentes a la \u00faltima reforma Castells entre los familiares m\u00e1s directos (grupo Y e II) as\u00ed como que no se considere el patrimonio preexistente.<\/p>\n","protected":false},"excerpt":{"rendered":"<p>La patronal ha iniciado los contactos y negociaciones con los diferentes grupos parlamentarios para corregir la nueva fiscalidad que perjudica a los sectores estrat\u00e9gicos de Catalu\u00f1a. El canon del agua, el impuesto sobre las bebidas azucaradas, la modificaci\u00f3n de la ley de turismo de Catalu\u00f1a y el incremento de tributaci\u00f3n de establecimientos tur\u00edsticos impactar\u00e1n muy negativamente a la actividad. Foment pide la supresi\u00f3n del impuesto de Patrimonio y reducir el IRPF que afecta el consumo y el ahorro. La industria, el turismo y el sector de la alimentaci\u00f3n son los m\u00e1s penalizados por las nuevas medidas fiscales que incorpora la ley de acompa\u00f1amiento del Proyecto de Presupuestos de la Generalitat. La nueva fiscalidad reducir\u00e1 la capacidad adquisitiva de los ciudadanos. Foment pide activar un plan para impulsar la industria y especialmente el sector del autom\u00f3vil. Foment del Treball ha redactado un total de 81 enmiendas a la ley de medidas fiscales, financieras, administrativas y del sector p\u00fablico para el 2020, conocida como la ley de acompa\u00f1amiento del Proyecto de Presupuestos de la Generalitat de Catalu\u00f1a. Se inicia as\u00ed el env\u00edo del documento, que recoge las propuestas del mundo econ\u00f3mico y empresarial en alerta ante el nuevo incremento de tributos, a [&hellip;]<\/p>\n","protected":false},"author":10,"featured_media":73286,"comment_status":"closed","ping_status":"closed","sticky":false,"template":"","format":"standard","meta":{"_links_to":"","_links_to_target":""},"categories":[114,68],"tags":[505],"acf":[],"wps_subtitle":"Bater\u00eda de enmiendas contra el incremento y creaci\u00f3n de nuevos tributos que perjudican los sectores m\u00e1s estrat\u00e9gicos y productivos de Catalu\u00f1a","_links":{"self":[{"href":"https:\/\/www.foment.com\/es\/wp-json\/wp\/v2\/posts\/81260"}],"collection":[{"href":"https:\/\/www.foment.com\/es\/wp-json\/wp\/v2\/posts"}],"about":[{"href":"https:\/\/www.foment.com\/es\/wp-json\/wp\/v2\/types\/post"}],"author":[{"embeddable":true,"href":"https:\/\/www.foment.com\/es\/wp-json\/wp\/v2\/users\/10"}],"replies":[{"embeddable":true,"href":"https:\/\/www.foment.com\/es\/wp-json\/wp\/v2\/comments?post=81260"}],"version-history":[{"count":0,"href":"https:\/\/www.foment.com\/es\/wp-json\/wp\/v2\/posts\/81260\/revisions"}],"wp:featuredmedia":[{"embeddable":true,"href":"https:\/\/www.foment.com\/es\/wp-json\/wp\/v2\/media\/73286"}],"wp:attachment":[{"href":"https:\/\/www.foment.com\/es\/wp-json\/wp\/v2\/media?parent=81260"}],"wp:term":[{"taxonomy":"category","embeddable":true,"href":"https:\/\/www.foment.com\/es\/wp-json\/wp\/v2\/categories?post=81260"},{"taxonomy":"post_tag","embeddable":true,"href":"https:\/\/www.foment.com\/es\/wp-json\/wp\/v2\/tags?post=81260"}],"curies":[{"name":"wp","href":"https:\/\/api.w.org\/{rel}","templated":true}]}}