{"id":81933,"date":"2020-03-02T10:00:42","date_gmt":"2020-03-02T09:00:42","guid":{"rendered":"https:\/\/www.foment.com\/el-president-de-foment-es-reuneix-amb-el-secretari-destat-per-a-la-ue\/"},"modified":"2020-03-02T19:09:09","modified_gmt":"2020-03-02T18:09:09","slug":"presidente-foment-se-reune-con-secretario-estado-para-ue","status":"publish","type":"post","link":"https:\/\/www.foment.com\/es\/presidente-foment-se-reune-con-secretario-estado-para-ue\/","title":{"rendered":"El presidente de Foment se re\u00fane con el secretario de Estado para la UE"},"content":{"rendered":"<section class=\"wpb-content-wrapper\"><p>[vc_row][vc_column][vc_column_text]El secretari d&#8217;Estat per a la UE del Govern, <strong>Juan Gonz\u00e1lez-Barba<\/strong>, ha visitat Foment del Treball on s\u2019ha reunit amb el president de la instituci\u00f3,\u00a0<strong>Josep S\u00e1nchez Llibre<\/strong>. Tots dos han reflexionat sobre l\u2019estat actual de l\u2019economia a nivell mundial i al final de la reuni\u00f3, Juan Gonz\u00e1lez-Barba ha signat el llibre d&#8217;Honor de la patronal. Tamb\u00e9 han participat en la trobada per part de Foment, el secretari general, <strong>David Tornos<\/strong>, el cap de gabinet,<strong> Jordi Casas<\/strong>, i\u00a0el director d\u2019Internacional,\u00a0<strong>Kilian Garcia<\/strong>.<\/p>\n<p>El secretario de Estado para la UE del Gobierno, <strong>Juan Gonz\u00e1lez-Barba<\/strong>, ha visitado Foment del Treball donde se ha reunido con el presidente de la instituci\u00f3n, <strong>Josep S\u00e1nchez Llibre<\/strong>. Los dos han reflexionado sobre el estado actual de la econom\u00eda a nivel mundial. Al final de la reuni\u00f3n, Juan Gonz\u00e1lez-Barba ha firmado el libro de Honor de la patronal. Tambi\u00e9n han participado en el encuentro por parte de Fomento, el secretario general, <strong>David Tornos<\/strong>, el jefe de gabinete, <strong>Jordi Casas<\/strong>, y el director de Internacional, <strong>Kilian Garcia<\/strong>.<\/p>\n<p>Esta reuni\u00f3n se inscribe en la agenda anual de contactos intensa que mantiene Fomento con representantes institucionales y empresariales de todo el mundo a fin de impulsar oportunidades de negocio e inversi\u00f3n para empresas de Catalu\u00f1a, as\u00ed como presentar el pa\u00eds como una de las regiones de Europa m\u00e1s atractivas para captar inversiones.[\/vc_column_text]<div class=\"flexslider wpb_content_element\"><ul class=\"slides\"><li><img src=\"https:\/\/www.foment.com\/wp-content\/uploads\/2020\/03\/IMG_8320.jpg\" alt=\"\" \/><\/li><li><img src=\"https:\/\/www.foment.com\/wp-content\/uploads\/2020\/03\/IMG_8308.jpg\" alt=\"\" \/><\/li><li><img src=\"https:\/\/www.foment.com\/wp-content\/uploads\/2020\/03\/IMG_8293.jpg\" alt=\"\" \/><\/li><li><img src=\"https:\/\/www.foment.com\/wp-content\/uploads\/2020\/03\/IMG_8312.jpg\" alt=\"\" \/><\/li><li><img src=\"https:\/\/www.foment.com\/wp-content\/uploads\/2020\/03\/IMG_8326.jpg\" alt=\"\" \/><\/li><li><img src=\"https:\/\/www.foment.com\/wp-content\/uploads\/2020\/03\/IMG_8336.jpg\" alt=\"\" \/><\/li><li><img src=\"https:\/\/www.foment.com\/wp-content\/uploads\/2020\/03\/IMG_8337.jpg\" alt=\"\" \/><\/li><\/ul><\/div>[vc_column_text]<\/p>\n<h3><span style=\"color: #c1002b;\"><strong>Foment Internacional. Detectar y aprovechar\u00a0<\/strong><strong>oportunidades de negocio y inversi\u00f3n en todo el mundo<\/strong><\/span><\/h3>\n<p>La tarea de Foment del Treball en favor de la internacionalizaci\u00f3n de la econom\u00eda y las empresas catalanas incluye la investigaci\u00f3n y exposici\u00f3n de nuevos destinos para las empresas que han abierto mercado y la promoci\u00f3n de la iniciaci\u00f3n en el caso de aquellas empresas que se plantean la proyecci\u00f3n exterior por primera vez. En este sentido, Foment organiza misiones empresariales para la apertura de nuevos mercados y ofrece numerosas jornadas anuales de detecci\u00f3n de oportunidades de negocio e inversi\u00f3n en todo el mundo.<\/p>\n<p>As\u00ed, las jornadas que organiza el Departamento Internacional de Foment proporcionan una visi\u00f3n integral, clara y pr\u00e1ctica de temas que son importantes para la empresa que est\u00e1 en proceso de internacionalizaci\u00f3n o que est\u00e1 internacionalizada y necesita estrategias para continuar con su crecimiento.[\/vc_column_text][\/vc_column][\/vc_row]<\/p>\n<\/section>","protected":false},"excerpt":{"rendered":"<p>[vc_row][vc_column][vc_column_text]El secretari d&#8217;Estat per a la UE del Govern, Juan Gonz\u00e1lez-Barba, ha visitat Foment del Treball on s\u2019ha reunit amb el president de la instituci\u00f3,\u00a0Josep S\u00e1nchez Llibre. Tots dos han reflexionat sobre l\u2019estat actual de l\u2019economia a nivell mundial i al final de la reuni\u00f3, Juan Gonz\u00e1lez-Barba ha signat el llibre d&#8217;Honor de la patronal. Tamb\u00e9 han participat en la trobada per part de Foment, el secretari general, David Tornos, el cap de gabinet, Jordi Casas, i\u00a0el director d\u2019Internacional,\u00a0Kilian Garcia. El secretario de Estado para la UE del Gobierno, Juan Gonz\u00e1lez-Barba, ha visitado Foment del Treball donde se ha reunido con el presidente de la instituci\u00f3n, Josep S\u00e1nchez Llibre. Los dos han reflexionado sobre el estado actual de la econom\u00eda a nivel mundial. Al final de la reuni\u00f3n, Juan Gonz\u00e1lez-Barba ha firmado el libro de Honor de la patronal. Tambi\u00e9n han participado en el encuentro por parte de Fomento, el secretario general, David Tornos, el jefe de gabinete, Jordi Casas, y el director de Internacional, Kilian Garcia. Esta reuni\u00f3n se inscribe en la agenda anual de contactos intensa que mantiene Fomento con representantes institucionales y empresariales de todo el mundo a fin de impulsar oportunidades de negocio e inversi\u00f3n para [&hellip;]<\/p>\n","protected":false},"author":10,"featured_media":81909,"comment_status":"closed","ping_status":"closed","sticky":false,"template":"","format":"standard","meta":{"_links_to":"","_links_to_target":""},"categories":[114,1667],"tags":[2665,2667],"acf":[],"wps_subtitle":"Durante la visita Juan Gonz\u00e1lez-Barba ha signado el libro de Honor de la patronal","_links":{"self":[{"href":"https:\/\/www.foment.com\/es\/wp-json\/wp\/v2\/posts\/81933"}],"collection":[{"href":"https:\/\/www.foment.com\/es\/wp-json\/wp\/v2\/posts"}],"about":[{"href":"https:\/\/www.foment.com\/es\/wp-json\/wp\/v2\/types\/post"}],"author":[{"embeddable":true,"href":"https:\/\/www.foment.com\/es\/wp-json\/wp\/v2\/users\/10"}],"replies":[{"embeddable":true,"href":"https:\/\/www.foment.com\/es\/wp-json\/wp\/v2\/comments?post=81933"}],"version-history":[{"count":0,"href":"https:\/\/www.foment.com\/es\/wp-json\/wp\/v2\/posts\/81933\/revisions"}],"wp:featuredmedia":[{"embeddable":true,"href":"https:\/\/www.foment.com\/es\/wp-json\/wp\/v2\/media\/81909"}],"wp:attachment":[{"href":"https:\/\/www.foment.com\/es\/wp-json\/wp\/v2\/media?parent=81933"}],"wp:term":[{"taxonomy":"category","embeddable":true,"href":"https:\/\/www.foment.com\/es\/wp-json\/wp\/v2\/categories?post=81933"},{"taxonomy":"post_tag","embeddable":true,"href":"https:\/\/www.foment.com\/es\/wp-json\/wp\/v2\/tags?post=81933"}],"curies":[{"name":"wp","href":"https:\/\/api.w.org\/{rel}","templated":true}]}}