{"id":83015,"date":"2020-03-18T13:37:38","date_gmt":"2020-03-18T12:37:38","guid":{"rendered":"https:\/\/www.foment.com\/foment-demana-noves-mesures-urgents-cotitzacions-zero-per-a-autonoms-i-ajornaments-de-pagament-per-al-comerc-restauracio-hostaleria-i-serveis-entre-altres\/"},"modified":"2020-03-20T16:21:23","modified_gmt":"2020-03-20T15:21:23","slug":"foment-pide-nuevas-medidas-urgentes-para-autonomos-comercio-restauracion-hosteleria-servicios","status":"publish","type":"post","link":"https:\/\/www.foment.com\/es\/foment-pide-nuevas-medidas-urgentes-para-autonomos-comercio-restauracion-hosteleria-servicios\/","title":{"rendered":"Foment pide nuevas medidas urgentes: cotizaciones cero para aut\u00f3nomos y aplazamientos de pago para el comercio, restauraci\u00f3n, hosteler\u00eda y servicios, entre otros"},"content":{"rendered":"<section class=\"wpb-content-wrapper\"><p>[vc_row][vc_column][vc_column_text]<\/p>\n<ul>\n<li>\u00a0<strong>Sanchez Llibre pide medidas excepcionales y de supervivencia para aut\u00f3nomos y representan 1.000M de euros m\u00e1s.<\/strong><\/li>\n<\/ul>\n<p><strong>El colectivo de aut\u00f3nomos y el sector del comercio requieren medidas urgentes<\/strong> ante la reducci\u00f3n dr\u00e1stica de la actividad y de la facturaci\u00f3n durante las semanas en que se prolongue el Estado de Alarma decretado como consecuencia de la pandemia por la propagaci\u00f3n del coronavirus. El real decreto del Gobierno que recoge las medidas econ\u00f3micas extraordinarias aprobadas por el Consejo de Ministros de ayer 17 de marzo, no incluye estos sectores esenciales de la actividad econ\u00f3mica.<\/p>\n<p>El presidente de Foment del Treball, <strong>Josep S\u00e1nchez Llibre<\/strong>,\u00a0 reclama <strong>nuevas medidas \u201cexcepcionales y de supervivencia\u201d<\/strong> entre las que destaca la <strong>suspensi\u00f3n de cuotas y cotizaciones para los aut\u00f3nomos<\/strong>, la <strong>moratoria del pago de impuestos para el sector del comercio<\/strong> afectado por el cierre o la radical reducci\u00f3n de ingresos, y la <strong>consideraci\u00f3n de pymes para las empresas de menos de 250 trabajadores<\/strong>. Pero la preocupaci\u00f3n va a\u00fan m\u00e1s alla: la liquidez del sistema s\u00f3lo se salvar\u00e1 si la financiaci\u00f3n de los cr\u00e9ditos corresponde en un 75% al Estado y el 25% a la banca privada. Ante la temporalidad de la crisis, <strong>es esencial que el acceso a la liquidez sea en el corto plazo para dar ox\u00edgeno a la cadena de pagos<\/strong>.<\/p>\n<p>Las medidas aprobadas por el Gobierno son positivas, pero insuficientes porque dejan fuera a m\u00e1s de 600.000 aut\u00f3nomos y pimes de los sectores del comercio, la hosteler\u00eda y la restauraci\u00f3n. Estos sectores requieren medidas extraordinarias y temporales para \u201caliviar\u201d las consecuencias econ\u00f3micas de la crisis desatada por la pandemia del coronavirus. En este sentido, S\u00e1nchez llibre, plantea medidas urgentes que recogen de las organizaciones que representan a los aut\u00f3nomos \u2013ATA Catalunya- y el sector del Comercio. El sector del comercio minorista es estrat\u00e9gico y de vital importancia ya que representa el\u00a0 16% del VAB de Catalunya con 500.000 puestos de trabajo y m\u00e1s de 100.000 establecimientos.<\/p>\n<ol>\n<li>Suspensi\u00f3n temporal del pago de cotizaciones a la seguridad social para los aut\u00f3nomos ante el par\u00f3n de facturaci\u00f3\u00a0 e ingresos. Ante ingresos cero, cotizaci\u00f3n cero.<\/li>\n<li>Aplicar la moratoria del pago de impuestos( IVA, IRPF, seguridad social, etc) para facilitar la liquidez.<\/li>\n<li>Facilitar los ERTE por causa de fuerza mayor tambi\u00e9n \u00a0para los establecimientos que sin tener la obligaci\u00f3n de cerrar, ven una reducci\u00f3n dr\u00e1stica de su actividad \u2013\u00f3pticas, empresas de tecnolog\u00eda, etc.-<\/li>\n<li>Aplicar la bonificaci\u00f3n del 100% de las cuotas de la seguridad social para todas las pymes y no s\u00f3lo a las que cuentan con menos de 50 trabajadores. El Real Decreto aprobado aplica la bonificaci\u00f3n s\u00f3lo del 75% a las pymes de m\u00e1s de 50 trabajadores.<\/li>\n<li>Incrementar la seguridad jur\u00eddica en la relaci\u00f3n entre arrendatario y arrendador, m\u00e1s all\u00e1 de la buena fe de las partes. El coste delos alquileres en el sector del comercio es muy significativo en la cuenta de resultados del empresario.<\/li>\n<li>Devoluci\u00f3n urgente del iva para las empresas exportadoras.<\/li>\n<\/ol>\n<p>En definitiva, los sectores empresariales m\u00e1s desfavorecidos, aut\u00f3nomos y comercio, restauraci\u00f3n y turismo, entre otros requieren que las medidas extraordinarias y temporales sean efectiva de manera inmediata hasta que se resuelva la crisis por la pandemia y se suspenda el estado de alarma.[\/vc_column_text]<div class=\"video-embed  wpb_content_element\"><iframe title=\"S\u00e1nchez Llibre: &quot;Calen mesures urgents per als autonoms i per als sectors m\u00e9s afectats&quot;\" width=\"1161\" height=\"653\" src=\"https:\/\/www.youtube.com\/embed\/7Nv25VsyRjE?feature=oembed\" frameborder=\"0\" allow=\"accelerometer; autoplay; clipboard-write; encrypted-media; gyroscope; picture-in-picture; web-share\" referrerpolicy=\"strict-origin-when-cross-origin\" allowfullscreen><\/iframe><\/div>[\/vc_column][\/vc_row]<\/p>\n<\/section>","protected":false},"excerpt":{"rendered":"<p>[vc_row][vc_column][vc_column_text] \u00a0Sanchez Llibre pide medidas excepcionales y de supervivencia para aut\u00f3nomos y representan 1.000M de euros m\u00e1s. El colectivo de aut\u00f3nomos y el sector del comercio requieren medidas urgentes ante la reducci\u00f3n dr\u00e1stica de la actividad y de la facturaci\u00f3n durante las semanas en que se prolongue el Estado de Alarma decretado como consecuencia de la pandemia por la propagaci\u00f3n del coronavirus. El real decreto del Gobierno que recoge las medidas econ\u00f3micas extraordinarias aprobadas por el Consejo de Ministros de ayer 17 de marzo, no incluye estos sectores esenciales de la actividad econ\u00f3mica. El presidente de Foment del Treball, Josep S\u00e1nchez Llibre,\u00a0 reclama nuevas medidas \u201cexcepcionales y de supervivencia\u201d entre las que destaca la suspensi\u00f3n de cuotas y cotizaciones para los aut\u00f3nomos, la moratoria del pago de impuestos para el sector del comercio afectado por el cierre o la radical reducci\u00f3n de ingresos, y la consideraci\u00f3n de pymes para las empresas de menos de 250 trabajadores. Pero la preocupaci\u00f3n va a\u00fan m\u00e1s alla: la liquidez del sistema s\u00f3lo se salvar\u00e1 si la financiaci\u00f3n de los cr\u00e9ditos corresponde en un 75% al Estado y el 25% a la banca privada. Ante la temporalidad de la crisis, es esencial que el acceso [&hellip;]<\/p>\n","protected":false},"author":10,"featured_media":83014,"comment_status":"closed","ping_status":"closed","sticky":false,"template":"","format":"standard","meta":{"_links_to":"","_links_to_target":""},"categories":[1802,1649,2735,114,68],"tags":[1246,2745,2746,2747],"acf":[],"wps_subtitle":"La liquidez empresarial s\u00f3lo ser\u00e1 posible si el Estado financia el 75% de los avales y la banca privada el 25% restante ","_links":{"self":[{"href":"https:\/\/www.foment.com\/es\/wp-json\/wp\/v2\/posts\/83015"}],"collection":[{"href":"https:\/\/www.foment.com\/es\/wp-json\/wp\/v2\/posts"}],"about":[{"href":"https:\/\/www.foment.com\/es\/wp-json\/wp\/v2\/types\/post"}],"author":[{"embeddable":true,"href":"https:\/\/www.foment.com\/es\/wp-json\/wp\/v2\/users\/10"}],"replies":[{"embeddable":true,"href":"https:\/\/www.foment.com\/es\/wp-json\/wp\/v2\/comments?post=83015"}],"version-history":[{"count":0,"href":"https:\/\/www.foment.com\/es\/wp-json\/wp\/v2\/posts\/83015\/revisions"}],"wp:featuredmedia":[{"embeddable":true,"href":"https:\/\/www.foment.com\/es\/wp-json\/wp\/v2\/media\/83014"}],"wp:attachment":[{"href":"https:\/\/www.foment.com\/es\/wp-json\/wp\/v2\/media?parent=83015"}],"wp:term":[{"taxonomy":"category","embeddable":true,"href":"https:\/\/www.foment.com\/es\/wp-json\/wp\/v2\/categories?post=83015"},{"taxonomy":"post_tag","embeddable":true,"href":"https:\/\/www.foment.com\/es\/wp-json\/wp\/v2\/tags?post=83015"}],"curies":[{"name":"wp","href":"https:\/\/api.w.org\/{rel}","templated":true}]}}