{"id":84237,"date":"2020-03-27T14:11:15","date_gmt":"2020-03-27T13:11:15","guid":{"rendered":"https:\/\/www.foment.com\/aixonohadeparar-campanya-per-animar-economia\/"},"modified":"2020-04-22T20:51:48","modified_gmt":"2020-04-22T18:51:48","slug":"estonohadeparar-campana-para-animar-economia","status":"publish","type":"post","link":"https:\/\/www.foment.com\/es\/estonohadeparar-campana-para-animar-economia\/","title":{"rendered":"#EstoNoHaDeParar, la campa\u00f1a del sector primario"},"content":{"rendered":"<section class=\"wpb-content-wrapper\"><p>[vc_row][vc_column][vc_column_text]<\/p>\n<ul>\n<li><strong>El sector primario garantiza el suministro en turnos especiales de trabajo.<\/strong><\/li>\n<\/ul>\n<p>\u00abQuedaos en casa, nosotros producimos para vosotros!\u00bb. Esta frase expresada estos d\u00edas por trabajadores <a href=\"https:\/\/estonotienequeparar.com\/\">en la campa\u00f1a del sector primario<\/a> resume bien sus sentimientos en estos d\u00eda en que intensifican esfuerzos porque este eslab\u00f3n de la cadena agroalimentaria funcione bien y no falten alimentos a las tiendas y los hogares.[\/vc_column_text]<div class=\"spacer\" style=\"height: 10px;\"><\/div>[\/vc_column][\/vc_row][vc_row][vc_column width=\u00bb1\/6&#8243;][\/vc_column][vc_column width=\u00bb2\/3&#8243;]<div class=\"video-embed  wpb_content_element\"><iframe title=\"#Aix\u00f2NoHaDeParar, la campanya per animar l&#039;economia\" width=\"1161\" height=\"871\" src=\"https:\/\/www.youtube.com\/embed\/Z-TJPXkujSs?feature=oembed\" frameborder=\"0\" allow=\"accelerometer; autoplay; clipboard-write; encrypted-media; gyroscope; picture-in-picture; web-share\" referrerpolicy=\"strict-origin-when-cross-origin\" allowfullscreen><\/iframe><\/div><div class=\"spacer\" style=\"height: 10px;\"><\/div>[\/vc_column][vc_column width=\u00bb1\/6&#8243;][\/vc_column][\/vc_row][vc_row][vc_column][vc_column_text]\u00bbEsto no ha de parar!\u00bb, sostienen los proveedores de Mercadona para garantizar que los alimentos lleguen a su red comercial de m\u00e1s de 1.600 establecimientos en Espa\u00f1a y Portugal. La compa\u00f1\u00eda quiere as\u00ed dejar claro que su amplia red comercial permanecer\u00e1 provista, \u00aby se reforzar\u00e1 y garantizar\u00e1\u00bb el suministro de productos b\u00e1sicos y de primera necesidad porque los clientes puedan hacer su compra diaria.<\/p>\n<p>Este es el v\u00eddeo de la campa\u00f1a lanzada en todo el territorio espa\u00f1ol:[\/vc_column_text]<div class=\"spacer\" style=\"height: 10px;\"><\/div>[\/vc_column][\/vc_row][vc_row][vc_column width=\u00bb1\/6&#8243;][\/vc_column][vc_column width=\u00bb2\/3&#8243;]<div class=\"video-embed  wpb_content_element\"><iframe title=\"#EstoNoTieneQueParar, la campanya per animar l&#039;economia espanyola\" width=\"1161\" height=\"871\" src=\"https:\/\/www.youtube.com\/embed\/b3cnhHqFZBU?feature=oembed\" frameborder=\"0\" allow=\"accelerometer; autoplay; clipboard-write; encrypted-media; gyroscope; picture-in-picture; web-share\" referrerpolicy=\"strict-origin-when-cross-origin\" allowfullscreen><\/iframe><\/div><div class=\"spacer\" style=\"height: 10px;\"><\/div>[\/vc_column][vc_column width=\u00bb1\/6&#8243;][\/vc_column][\/vc_row][vc_row][vc_column][vc_column_text]Explotaciones ganaderas, productoras y distribuidoras de l\u00e1cteos, f\u00e1bricas de galletas, de dulces, pan o zumos; as\u00ed como firmas av\u00edcolas y empresas hortofrut\u00edcolas se han comprometido de pleno en intensificar su trabajo para que no falte de nada. Todo un reto en este momento. As\u00ed lo est\u00e1n reconociendo en v\u00eddeos corporativos como el de Costa Brava Mediterranean Foods.[\/vc_column_text]<div class=\"spacer\" style=\"height: 10px;\"><\/div>[\/vc_column][\/vc_row][vc_row][vc_column width=\u00bb1\/6&#8243;][\/vc_column][vc_column width=\u00bb2\/3&#8243;]<div class=\"video-embed  wpb_content_element\"><iframe title=\"La suma de Costa Brava Mediterranean Foods a la campanya #EstoNoTieneQueParar\" width=\"1161\" height=\"653\" src=\"https:\/\/www.youtube.com\/embed\/6qe3osjAzTA?feature=oembed\" frameborder=\"0\" allow=\"accelerometer; autoplay; clipboard-write; encrypted-media; gyroscope; picture-in-picture; web-share\" referrerpolicy=\"strict-origin-when-cross-origin\" allowfullscreen><\/iframe><\/div><div class=\"spacer\" style=\"height: 10px;\"><\/div>[\/vc_column][vc_column width=\u00bb1\/6&#8243;][\/vc_column][\/vc_row][vc_row][vc_column][vc_column_text]<strong><span style=\"color: #c1002b;\">Seguridad alimentaria<\/span><\/strong><br \/>\nTodos estos representantes del sector primario tambi\u00e9n han destacado en estas intensas jornadas de trabajo, que han adoptado medidas internas para reforzar la salud y la seguridad de todos los trabajadores. Las empresas han librado los utensilios de higiene y de prevenci\u00f3n necesarios, y se ha adoptado los criterios espec\u00edficos respecto a la salud.[\/vc_column_text][\/vc_column][\/vc_row]<\/p>\n<\/section>","protected":false},"excerpt":{"rendered":"<p>[vc_row][vc_column][vc_column_text] El sector primario garantiza el suministro en turnos especiales de trabajo. \u00abQuedaos en casa, nosotros producimos para vosotros!\u00bb. Esta frase expresada estos d\u00edas por trabajadores en la campa\u00f1a del sector primario resume bien sus sentimientos en estos d\u00eda en que intensifican esfuerzos porque este eslab\u00f3n de la cadena agroalimentaria funcione bien y no falten alimentos a las tiendas y los hogares.[\/vc_column_text][\/vc_column][\/vc_row][vc_row][vc_column width=\u00bb1\/6&#8243;][\/vc_column][vc_column width=\u00bb2\/3&#8243;][\/vc_column][vc_column width=\u00bb1\/6&#8243;][\/vc_column][\/vc_row][vc_row][vc_column][vc_column_text]\u00bbEsto no ha de parar!\u00bb, sostienen los proveedores de Mercadona para garantizar que los alimentos lleguen a su red comercial de m\u00e1s de 1.600 establecimientos en Espa\u00f1a y Portugal. La compa\u00f1\u00eda quiere as\u00ed dejar claro que su amplia red comercial permanecer\u00e1 provista, \u00aby se reforzar\u00e1 y garantizar\u00e1\u00bb el suministro de productos b\u00e1sicos y de primera necesidad porque los clientes puedan hacer su compra diaria. Este es el v\u00eddeo de la campa\u00f1a lanzada en todo el territorio espa\u00f1ol:[\/vc_column_text][\/vc_column][\/vc_row][vc_row][vc_column width=\u00bb1\/6&#8243;][\/vc_column][vc_column width=\u00bb2\/3&#8243;][\/vc_column][vc_column width=\u00bb1\/6&#8243;][\/vc_column][\/vc_row][vc_row][vc_column][vc_column_text]Explotaciones ganaderas, productoras y distribuidoras de l\u00e1cteos, f\u00e1bricas de galletas, de dulces, pan o zumos; as\u00ed como firmas av\u00edcolas y empresas hortofrut\u00edcolas se han comprometido de pleno en intensificar su trabajo para que no falte de nada. Todo un reto en este momento. As\u00ed lo est\u00e1n reconociendo en v\u00eddeos corporativos como el de Costa Brava Mediterranean Foods.[\/vc_column_text][\/vc_column][\/vc_row][vc_row][vc_column [&hellip;]<\/p>\n","protected":false},"author":10,"featured_media":84248,"comment_status":"closed","ping_status":"closed","sticky":false,"template":"","format":"standard","meta":{"_links_to":"","_links_to_target":""},"categories":[2735,114,68,2992],"tags":[1286,2843,2845,2844,2846],"acf":[],"wps_subtitle":"Agricultores y ganaderos de toda Catalu\u00f1a y Espa\u00f1a afirman que no dejar\u00e1n de trabajar","_links":{"self":[{"href":"https:\/\/www.foment.com\/es\/wp-json\/wp\/v2\/posts\/84237"}],"collection":[{"href":"https:\/\/www.foment.com\/es\/wp-json\/wp\/v2\/posts"}],"about":[{"href":"https:\/\/www.foment.com\/es\/wp-json\/wp\/v2\/types\/post"}],"author":[{"embeddable":true,"href":"https:\/\/www.foment.com\/es\/wp-json\/wp\/v2\/users\/10"}],"replies":[{"embeddable":true,"href":"https:\/\/www.foment.com\/es\/wp-json\/wp\/v2\/comments?post=84237"}],"version-history":[{"count":0,"href":"https:\/\/www.foment.com\/es\/wp-json\/wp\/v2\/posts\/84237\/revisions"}],"wp:featuredmedia":[{"embeddable":true,"href":"https:\/\/www.foment.com\/es\/wp-json\/wp\/v2\/media\/84248"}],"wp:attachment":[{"href":"https:\/\/www.foment.com\/es\/wp-json\/wp\/v2\/media?parent=84237"}],"wp:term":[{"taxonomy":"category","embeddable":true,"href":"https:\/\/www.foment.com\/es\/wp-json\/wp\/v2\/categories?post=84237"},{"taxonomy":"post_tag","embeddable":true,"href":"https:\/\/www.foment.com\/es\/wp-json\/wp\/v2\/tags?post=84237"}],"curies":[{"name":"wp","href":"https:\/\/api.w.org\/{rel}","templated":true}]}}