{"id":84310,"date":"2020-03-29T17:55:40","date_gmt":"2020-03-29T15:55:40","guid":{"rendered":"https:\/\/www.foment.com\/foment-insisteix-mesures-fiscals-aportin-liquiditat-per-confinament-i-reduccio-mobilitat\/"},"modified":"2020-03-29T18:58:48","modified_gmt":"2020-03-29T16:58:48","slug":"foment-insiste-medidas-fiscales-aporten-liquidez-para-confinamiento-y-reduccion-movilidad","status":"publish","type":"post","link":"https:\/\/www.foment.com\/es\/foment-insiste-medidas-fiscales-aporten-liquidez-para-confinamiento-y-reduccion-movilidad\/","title":{"rendered":"Foment insiste en medidas fiscales que aporten liquidez para apoyar el confinamiento y la reducci\u00f3n de la movilidad"},"content":{"rendered":"<section class=\"wpb-content-wrapper\"><p>[vc_row][vc_column][vc_column_text]<\/p>\n<ul>\n<li><strong>El Estado debe asumir el 75% de los costes laborales del permiso retribuido recuperable durante este periodo, en el caso de las empresas que no tengan liquidez.<\/strong><\/li>\n<\/ul>\n<p>[\/vc_column_text]<div class=\"spacer\" style=\"height: 10px;\"><\/div>[\/vc_column][\/vc_row][vc_row][vc_column width=\u00bb1\/6&#8243;][\/vc_column][vc_column width=\u00bb2\/3&#8243;]<div class=\"video-embed  wpb_content_element\"><iframe title=\"Foment insiste en medidas fiscales que aporten liquidez\" width=\"1161\" height=\"653\" src=\"https:\/\/www.youtube.com\/embed\/95VocSycBvU?feature=oembed\" frameborder=\"0\" allow=\"accelerometer; autoplay; clipboard-write; encrypted-media; gyroscope; picture-in-picture; web-share\" referrerpolicy=\"strict-origin-when-cross-origin\" allowfullscreen><\/iframe><\/div><div class=\"spacer\" style=\"height: 10px;\"><\/div>[\/vc_column][vc_column width=\u00bb1\/6&#8243;][\/vc_column][\/vc_row][vc_row][vc_column][vc_column_text]Las nuevas medidas aprobadas hoy en el Consejo de Ministros para endurecer el confinamiento de los ciudadanos y reducir al m\u00e1ximo\u00a0 la movilidad,\u00a0 como estrategia principal en la contenci\u00f3n y lucha contra el Covid 19, <strong>dif\u00edcilmente podr\u00e1n contar con la contribuci\u00f3n de las empresas si, a la vez, no se acompa\u00f1an medidas excepcionales, urgentes y temporales que promuevan la liquidez de las empresas\u00a0 de modo que puedan hacer frente a los costes laborales a pesar del par\u00f3n de la actividad y la ca\u00edda pr\u00e1cticamente a cero de la facturaci\u00f3n<\/strong>. Una vez m\u00e1s Foment del Treball insiste en que las empresas requieren la suspensi\u00f3n del pago del IVA, el IRPF, el Impuesto de Sociedades y las cotizaciones sociales\u00a0 porque eso representa capacidad de tesorer\u00eda y liquidez.\u00a0 Y recuerda que son precisamente este tipo de medidas las que la Comisi\u00f3n Europea considera prioritarias para no fulminar el tejido productivo.<\/p>\n<p>Entre otras medidas extraordinarias, el Consejo de Ministros ha aprobado hoy el permiso retribuido recuperable de once d\u00edas para todos los trabajadores de los sectores considerados no esenciales. Si bien es cierto que las horas de trabajo se recuperar\u00e1n a lo largo del a\u00f1o 2020, una vez superada la crisis por la pandemia, el problema es atender los costes laborales\u00a0 en las pr\u00f3ximas semanas, cuando la actividad y la facturaci\u00f3n caen a m\u00ednimos. <strong>Foment se pregunta c\u00f3mo van a asumir las empresas los permisos retribuidos de los trabajadores si se restringe su actividad y por tanto sus ingresos, si no se aplazan las liquidaciones tributarias ni las cuotas a la seguridad social y si la liquidez sigue sin llegar. <\/strong>El Estado debe responder ante las necesidades agudas de liquidez y apoyar a las empresas amenazadas de quiebra por el COVID19.<\/p>\n<p>Por este motivo, Foment propone que se establezca el procedimiento para <strong>que el Estado asuma el 75% de los costes laborales del permiso retribuido recuperable durante este periodo en el caso de las empresas que no tengan la liquidez necesaria<\/strong><\/p>\n<p><strong>Foment lamenta la improvisaci\u00f3n y precipitaci\u00f3n de estas medidas anunciadas durante un fin de semana y de aplicaci\u00f3n inmediata en 24 horas, sin proporcionar el margen suficiente a las empresas para organizar y atender todas sus obligaciones con empleados, proveedores y clientes.<\/strong>[\/vc_column_text][\/vc_column][\/vc_row]<\/p>\n<\/section>","protected":false},"excerpt":{"rendered":"<p>[vc_row][vc_column][vc_column_text] El Estado debe asumir el 75% de los costes laborales del permiso retribuido recuperable durante este periodo, en el caso de las empresas que no tengan liquidez. [\/vc_column_text][\/vc_column][\/vc_row][vc_row][vc_column width=\u00bb1\/6&#8243;][\/vc_column][vc_column width=\u00bb2\/3&#8243;][\/vc_column][vc_column width=\u00bb1\/6&#8243;][\/vc_column][\/vc_row][vc_row][vc_column][vc_column_text]Las nuevas medidas aprobadas hoy en el Consejo de Ministros para endurecer el confinamiento de los ciudadanos y reducir al m\u00e1ximo\u00a0 la movilidad,\u00a0 como estrategia principal en la contenci\u00f3n y lucha contra el Covid 19, dif\u00edcilmente podr\u00e1n contar con la contribuci\u00f3n de las empresas si, a la vez, no se acompa\u00f1an medidas excepcionales, urgentes y temporales que promuevan la liquidez de las empresas\u00a0 de modo que puedan hacer frente a los costes laborales a pesar del par\u00f3n de la actividad y la ca\u00edda pr\u00e1cticamente a cero de la facturaci\u00f3n. Una vez m\u00e1s Foment del Treball insiste en que las empresas requieren la suspensi\u00f3n del pago del IVA, el IRPF, el Impuesto de Sociedades y las cotizaciones sociales\u00a0 porque eso representa capacidad de tesorer\u00eda y liquidez.\u00a0 Y recuerda que son precisamente este tipo de medidas las que la Comisi\u00f3n Europea considera prioritarias para no fulminar el tejido productivo. Entre otras medidas extraordinarias, el Consejo de Ministros ha aprobado hoy el permiso retribuido recuperable de once d\u00edas para todos los trabajadores [&hellip;]<\/p>\n","protected":false},"author":10,"featured_media":84322,"comment_status":"closed","ping_status":"closed","sticky":false,"template":"","format":"standard","meta":{"_links_to":"","_links_to_target":""},"categories":[2735,114,68],"tags":[2862,2865,2867,2863,2866,2864,2868],"acf":[],"wps_subtitle":"Las empresas no podr\u00e1n sostener estas medidas si no se acompa\u00f1an de una suspensi\u00f3n de las liquidaciones tributarias.","_links":{"self":[{"href":"https:\/\/www.foment.com\/es\/wp-json\/wp\/v2\/posts\/84310"}],"collection":[{"href":"https:\/\/www.foment.com\/es\/wp-json\/wp\/v2\/posts"}],"about":[{"href":"https:\/\/www.foment.com\/es\/wp-json\/wp\/v2\/types\/post"}],"author":[{"embeddable":true,"href":"https:\/\/www.foment.com\/es\/wp-json\/wp\/v2\/users\/10"}],"replies":[{"embeddable":true,"href":"https:\/\/www.foment.com\/es\/wp-json\/wp\/v2\/comments?post=84310"}],"version-history":[{"count":0,"href":"https:\/\/www.foment.com\/es\/wp-json\/wp\/v2\/posts\/84310\/revisions"}],"wp:featuredmedia":[{"embeddable":true,"href":"https:\/\/www.foment.com\/es\/wp-json\/wp\/v2\/media\/84322"}],"wp:attachment":[{"href":"https:\/\/www.foment.com\/es\/wp-json\/wp\/v2\/media?parent=84310"}],"wp:term":[{"taxonomy":"category","embeddable":true,"href":"https:\/\/www.foment.com\/es\/wp-json\/wp\/v2\/categories?post=84310"},{"taxonomy":"post_tag","embeddable":true,"href":"https:\/\/www.foment.com\/es\/wp-json\/wp\/v2\/tags?post=84310"}],"curies":[{"name":"wp","href":"https:\/\/api.w.org\/{rel}","templated":true}]}}