{"id":84397,"date":"2020-03-30T12:22:35","date_gmt":"2020-03-30T10:22:35","guid":{"rendered":"https:\/\/www.foment.com\/foment-fepime-demanen-per-empreses-sectors-essencials-flexibilitat\/"},"modified":"2020-03-30T13:02:46","modified_gmt":"2020-03-30T11:02:46","slug":"foment-fepime-piden-para-empresas-sectores-esenciales-flexibilidad","status":"publish","type":"post","link":"https:\/\/www.foment.com\/es\/foment-fepime-piden-para-empresas-sectores-esenciales-flexibilidad\/","title":{"rendered":"Foment y Fepime piden para las empresas de los sectores esenciales flexibilidad y todo el apoyo legislativo que requiere este momento cr\u00edtico"},"content":{"rendered":"<ul>\n<li><strong>En un momento de m\u00e1xima responsabilidad para todos, los empresarios quieren transmitir su implicaci\u00f3n y compromiso con los ciudadanos y las administraciones, pero piden flexibilidad y apoyo legal para trabajar sin obst\u00e1culos innecesarios.<\/strong><\/li>\n<\/ul>\n<p>Ante la emergencia sanitaria provocada por el COVID-19, es un objetivo prioritario de toda la sociedad la lucha para su erradicaci\u00f3n, minimizar su impacto y facilitar la atenci\u00f3n sanitaria a todas las personas contagiadas. Las restricciones impuestas por el estado de alarma decretado el pasado d\u00eda 14 de marzo se ven ahora incrementadas con el nuevo Real Decreto, que restringe a\u00fan m\u00e1s la actividad econ\u00f3mica y empresarial en nuestro pa\u00eds.<\/p>\n<p>En esta situaci\u00f3n tan dif\u00edcil para todos, <strong>Foment del Treball y Fepime<\/strong>, representando a todos los empresarios y sectores considerados esenciales y b\u00e1sicos, <strong>quieren reivindicar que las autoridades competentes, los gobiernos y, en general, las administraciones p\u00fablicas establezcan los mecanismos que den la flexibilidad y el apoyo legal necesario a las empresas, con el objetivo de que puedan operar y trabajar en las condiciones de m\u00e1xima eficiencia. El cumplimiento de las restricciones de movilidad y el endurecimiento del confinamiento para toda la poblaci\u00f3n, ser\u00e1 posible si los sectores que contin\u00faan activos pueden ofrecer su trabajo al conjunto de los ciudadanos sin impedimentos innecesarios<\/strong>. En un momento de m\u00e1xima responsabilidad para todos <strong>los empresarios quieren transmitir su implicaci\u00f3n y compromiso con los ciudadanos y las administraciones, pero piden flexibilidad y apoyo legal para trabajar<\/strong>.<\/p>\n<p>Es muy importante que desde las autoridades competentes se reconozca, p\u00fablica y privadamente, se ponga en valor y se d\u00e9 apoyo moral y legislativo a las <strong>empresas privadas (sean del tama\u00f1o que sean), a sus trabajadores y a sus empresarios, que han de continuar trabajando como sectores esenciales y cr\u00edticos<\/strong>.<\/p>\n<p>Todas las empresas del sectores esenciales y cr\u00edticos seguir\u00e1n trabajando, y sorteando el Covid, porque es lo que toca hacer por el pa\u00eds y es lo que se les pide. De la misma forma que a muchos otros se les ha pedido quedarse en casa y acabar juntos esta crisis sanitaria lo antes mejor.<\/p>\n<p>En por ello que es necesario que estas empresas puedan operar con toda la flexibilidad necesaria y con todo el apoyo legislativo que se requiere.<\/p>\n<p>Es de gran valor y muy necesario.<\/p>\n","protected":false},"excerpt":{"rendered":"<p>En un momento de m\u00e1xima responsabilidad para todos, los empresarios quieren transmitir su implicaci\u00f3n y compromiso con los ciudadanos y las administraciones, pero piden flexibilidad y apoyo legal para trabajar sin obst\u00e1culos innecesarios. Ante la emergencia sanitaria provocada por el COVID-19, es un objetivo prioritario de toda la sociedad la lucha para su erradicaci\u00f3n, minimizar su impacto y facilitar la atenci\u00f3n sanitaria a todas las personas contagiadas. Las restricciones impuestas por el estado de alarma decretado el pasado d\u00eda 14 de marzo se ven ahora incrementadas con el nuevo Real Decreto, que restringe a\u00fan m\u00e1s la actividad econ\u00f3mica y empresarial en nuestro pa\u00eds. En esta situaci\u00f3n tan dif\u00edcil para todos, Foment del Treball y Fepime, representando a todos los empresarios y sectores considerados esenciales y b\u00e1sicos, quieren reivindicar que las autoridades competentes, los gobiernos y, en general, las administraciones p\u00fablicas establezcan los mecanismos que den la flexibilidad y el apoyo legal necesario a las empresas, con el objetivo de que puedan operar y trabajar en las condiciones de m\u00e1xima eficiencia. El cumplimiento de las restricciones de movilidad y el endurecimiento del confinamiento para toda la poblaci\u00f3n, ser\u00e1 posible si los sectores que contin\u00faan activos pueden ofrecer su trabajo al conjunto [&hellip;]<\/p>\n","protected":false},"author":10,"featured_media":84410,"comment_status":"closed","ping_status":"closed","sticky":false,"template":"","format":"standard","meta":{"_links_to":"","_links_to_target":""},"categories":[2735,114,68],"tags":[2589,432,2870],"acf":[],"wps_subtitle":"Las autoridades competentes y todas las administraciones p\u00fablicas, en general, deben establecer los mecanismos para dar el apoyo legal a los sectores de actividad esenciales que garantizan los servicios m\u00ednimos ante la emergencia sanitaria y econ\u00f3mica","_links":{"self":[{"href":"https:\/\/www.foment.com\/es\/wp-json\/wp\/v2\/posts\/84397"}],"collection":[{"href":"https:\/\/www.foment.com\/es\/wp-json\/wp\/v2\/posts"}],"about":[{"href":"https:\/\/www.foment.com\/es\/wp-json\/wp\/v2\/types\/post"}],"author":[{"embeddable":true,"href":"https:\/\/www.foment.com\/es\/wp-json\/wp\/v2\/users\/10"}],"replies":[{"embeddable":true,"href":"https:\/\/www.foment.com\/es\/wp-json\/wp\/v2\/comments?post=84397"}],"version-history":[{"count":0,"href":"https:\/\/www.foment.com\/es\/wp-json\/wp\/v2\/posts\/84397\/revisions"}],"wp:featuredmedia":[{"embeddable":true,"href":"https:\/\/www.foment.com\/es\/wp-json\/wp\/v2\/media\/84410"}],"wp:attachment":[{"href":"https:\/\/www.foment.com\/es\/wp-json\/wp\/v2\/media?parent=84397"}],"wp:term":[{"taxonomy":"category","embeddable":true,"href":"https:\/\/www.foment.com\/es\/wp-json\/wp\/v2\/categories?post=84397"},{"taxonomy":"post_tag","embeddable":true,"href":"https:\/\/www.foment.com\/es\/wp-json\/wp\/v2\/tags?post=84397"}],"curies":[{"name":"wp","href":"https:\/\/api.w.org\/{rel}","templated":true}]}}