{"id":84722,"date":"2020-03-31T12:44:41","date_gmt":"2020-03-31T10:44:41","guid":{"rendered":"https:\/\/www.foment.com\/?p=84722"},"modified":"2020-04-22T20:45:51","modified_gmt":"2020-04-22T18:45:51","slug":"socialmedics-plataforma-para-ceder-gratuitamente-tu-vehiculo-personal-sanitario","status":"publish","type":"post","link":"https:\/\/www.foment.com\/es\/socialmedics-plataforma-para-ceder-gratuitamente-tu-vehiculo-personal-sanitario\/","title":{"rendered":"SocialMedics, la plataforma para ceder gratuitamente tu veh\u00edculo al personal sanitario"},"content":{"rendered":"<p>La plataforma de carsharing Social Car se convierte desde hoy en <strong>SocialMedics: una plataforma de pr\u00e9stamo de veh\u00edculos particulares a personal sanitario<\/strong>.<\/p>\n<p>La iniciativa nace de la colaboraci\u00f3n entre <strong>Social Car, el Institut Catal\u00e0 de la Salut, Uber y AXA<\/strong> y tiene como objetivo <strong>facilitar el trabajo diario del personal sanitario, tanto en sus tareas de atenci\u00f3n domiciliaria, como en sus desplazamientos diarios, poniendo un veh\u00edculo a su disposici\u00f3n<\/strong> hasta que se termine el periodo de alarma.<\/p>\n<p>Desde hoy, todo aquel que desee poner gratuitamente su veh\u00edculo a disposici\u00f3n de m\u00e9dicos, enfermeros, celadores, personal de limpieza o administrativo que trabajan en hospitales y centros de salud p\u00fablicos de Catalunya, podr\u00e1 hacerlo a trav\u00e9s de la plataforma de SocialMedics. El Institut Catal\u00e0 de la Salut asignar\u00e1 cada veh\u00edculo a un profesional sanitario en funci\u00f3n de la urgencia o necesidad de cada caso.<\/p>\n<p>SocialMedics est\u00e1 disponible desde hoy y hasta el 11 de abril, con la posibilidad de que se ampl\u00ede si las condiciones y las necesidades m\u00e9dicas lo requieren. Por defecto, cada pr\u00e9stamo durar\u00e1 hasta el final del per\u00edodo de estado de alarma.<\/p>\n<p>Uber comunicar\u00e1 la iniciativa a toda su base de usuarios en Catalu\u00f1a y se har\u00e1 cargo de los costes asociados como la desinfecci\u00f3n y limpieza de los veh\u00edculos, antes y despu\u00e9s de su uso por parte del personal sanitario. El protocolo de limpieza ser\u00e1 el mismo que se ha implementado en las dos \u00faltimas semanas en su servicio gratuito de transporte de personal sanitario en la Comunidad de Madrid, que presta junto al sector del taxi.<\/p>\n<p>SocialMedics tambi\u00e9n cuenta con la colaboraci\u00f3n de AXA, que ofrece un seguro gratuito con cobertura total tanto para los voluntarios que presten su veh\u00edculo como para el personal sanitario.<\/p>\n<p><strong>C\u00f3mo funciona:<\/strong><\/p>\n<ol>\n<li>Registra tu coche en SocialCar<\/li>\n<li>Identif\u00edcalo como SocialMedics en el paso \u201cOfrece Servicios\u201d<\/li>\n<li>El Institut Catal\u00e0 de la Salut lo asignar\u00e1 a un profesional sanitario<\/li>\n<li>Recibir\u00e1s una notificaci\u00f3n con indicaciones del Hospital al que debes llevar tu coche<\/li>\n<li>Lleva en tu m\u00f3vil el certificado de autorresponsabilidad para justificar tu desplazamiento de<br \/>\nprimera necesidad. Marca la casilla \u201cAssist\u00e8ncia a centre, servei o establiment sanitari\u201d para la<br \/>\nida y \u201cRetorn al lloc de resid\u00e8ncia habitual\u201d para la vuelta.<\/li>\n<li>El coche recibir\u00e1 un tratamiento de ozono para desinfectarlo antes del primer uso, y tras el<br \/>\n\u00faltimo. El veh\u00edculo solo podr\u00e1 ser utilizado por una persona, designada por el ICS.<\/li>\n<li>Al terminar la cesi\u00f3n, SocialCar te contactar\u00e1 de nuevo para la recogida.<\/li>\n<\/ol>\n","protected":false},"excerpt":{"rendered":"<p>La plataforma de carsharing Social Car se convierte desde hoy en SocialMedics: una plataforma de pr\u00e9stamo de veh\u00edculos particulares a personal sanitario. La iniciativa nace de la colaboraci\u00f3n entre Social Car, el Institut Catal\u00e0 de la Salut, Uber y AXA y tiene como objetivo facilitar el trabajo diario del personal sanitario, tanto en sus tareas de atenci\u00f3n domiciliaria, como en sus desplazamientos diarios, poniendo un veh\u00edculo a su disposici\u00f3n hasta que se termine el periodo de alarma. Desde hoy, todo aquel que desee poner gratuitamente su veh\u00edculo a disposici\u00f3n de m\u00e9dicos, enfermeros, celadores, personal de limpieza o administrativo que trabajan en hospitales y centros de salud p\u00fablicos de Catalunya, podr\u00e1 hacerlo a trav\u00e9s de la plataforma de SocialMedics. El Institut Catal\u00e0 de la Salut asignar\u00e1 cada veh\u00edculo a un profesional sanitario en funci\u00f3n de la urgencia o necesidad de cada caso. SocialMedics est\u00e1 disponible desde hoy y hasta el 11 de abril, con la posibilidad de que se ampl\u00ede si las condiciones y las necesidades m\u00e9dicas lo requieren. Por defecto, cada pr\u00e9stamo durar\u00e1 hasta el final del per\u00edodo de estado de alarma. Uber comunicar\u00e1 la iniciativa a toda su base de usuarios en Catalu\u00f1a y se har\u00e1 cargo de los [&hellip;]<\/p>\n","protected":false},"author":10,"featured_media":84723,"comment_status":"closed","ping_status":"closed","sticky":false,"template":"","format":"standard","meta":{"_links_to":"","_links_to_target":""},"categories":[2735,114,68,2992],"tags":[2873,2589,2871,2872],"acf":[],"wps_subtitle":"La iniciativa tiene como objetivo facilitar el trabajo diario del personal sanitario","_links":{"self":[{"href":"https:\/\/www.foment.com\/es\/wp-json\/wp\/v2\/posts\/84722"}],"collection":[{"href":"https:\/\/www.foment.com\/es\/wp-json\/wp\/v2\/posts"}],"about":[{"href":"https:\/\/www.foment.com\/es\/wp-json\/wp\/v2\/types\/post"}],"author":[{"embeddable":true,"href":"https:\/\/www.foment.com\/es\/wp-json\/wp\/v2\/users\/10"}],"replies":[{"embeddable":true,"href":"https:\/\/www.foment.com\/es\/wp-json\/wp\/v2\/comments?post=84722"}],"version-history":[{"count":0,"href":"https:\/\/www.foment.com\/es\/wp-json\/wp\/v2\/posts\/84722\/revisions"}],"wp:featuredmedia":[{"embeddable":true,"href":"https:\/\/www.foment.com\/es\/wp-json\/wp\/v2\/media\/84723"}],"wp:attachment":[{"href":"https:\/\/www.foment.com\/es\/wp-json\/wp\/v2\/media?parent=84722"}],"wp:term":[{"taxonomy":"category","embeddable":true,"href":"https:\/\/www.foment.com\/es\/wp-json\/wp\/v2\/categories?post=84722"},{"taxonomy":"post_tag","embeddable":true,"href":"https:\/\/www.foment.com\/es\/wp-json\/wp\/v2\/tags?post=84722"}],"curies":[{"name":"wp","href":"https:\/\/api.w.org\/{rel}","templated":true}]}}