{"id":85276,"date":"2020-04-07T18:14:18","date_gmt":"2020-04-07T16:14:18","guid":{"rendered":"https:\/\/www.foment.com\/foment-reclama-gran-programa-reconstruccio-economia-recuperacio-ocupacio\/"},"modified":"2020-04-07T19:20:29","modified_gmt":"2020-04-07T17:20:29","slug":"foment-reclama-gran-programa-reconstruccion-economia-recuperacion-ocupacion","status":"publish","type":"post","link":"https:\/\/www.foment.com\/es\/foment-reclama-gran-programa-reconstruccion-economia-recuperacion-ocupacion\/","title":{"rendered":"Foment reclama un gran programa de reconstrucci\u00f3n de la econom\u00eda y recuperaci\u00f3n del empleo"},"content":{"rendered":"<section class=\"wpb-content-wrapper\"><p>[vc_row][vc_column][vc_column_text]El presidente de Foment del Treball, <strong>Josep S\u00e1nchez Llibre<\/strong>, ha defendido hoy que <strong>el Gobierno de Espa\u00f1a promueva un programa de reconstrucci\u00f3n econ\u00f3mica del pa\u00eds, a favor de la empresa y el empleo<\/strong>. En respuesta a una pregunta de TVE sobre la propuesta de una nueva versi\u00f3n de los Pactos de la Moncloa, S\u00e1nchez Llibre ha considerado que esta iniciativa, que corresponde al gobierno, tiene que contar con un amplio apoyo parlamentario, con el consenso y la generosidad de todos \u2013gobierno y oposici\u00f3n- y tambi\u00e9n de las comunidades aut\u00f3nomas y los agentes sociales, sindicatos y patronales.[\/vc_column_text]<div class=\"spacer\" style=\"height: 10px;\"><\/div>[\/vc_column][\/vc_row][vc_row][vc_column width=\u00bb1\/6&#8243;][\/vc_column][vc_column width=\u00bb2\/3&#8243;]<div class=\"video-embed  wpb_content_element\"><iframe title=\"El President de Foment del Treball, Josep S\u00e1nchez Llibre, a La 1 de TVE.\" width=\"1161\" height=\"653\" src=\"https:\/\/www.youtube.com\/embed\/KYlkjMQgZLg?feature=oembed\" frameborder=\"0\" allow=\"accelerometer; autoplay; clipboard-write; encrypted-media; gyroscope; picture-in-picture; web-share\" referrerpolicy=\"strict-origin-when-cross-origin\" allowfullscreen><\/iframe><\/div><div class=\"spacer\" style=\"height: 10px;\"><\/div>[\/vc_column][vc_column width=\u00bb1\/6&#8243;][\/vc_column][\/vc_row][vc_row][vc_column][vc_column_text]En este sentido, ha considerado que el momento hist\u00f3rico de los Pactos de la Moncloa del 1977 no tiene ninguna similitud con la crisis actual. Espa\u00f1a es ahora un Estado plenamente institucionalizado, con una sana democracia parlamentaria. La reconstrucci\u00f3n econ\u00f3mica ahora tiene que tener el objetivo de volver r\u00e1pidamente a la situaci\u00f3n previa al Covid 19 y requiere acciones en el \u00e1mbito laboral, financiero, tributario y europeo para salvar las empresas y los puestos de trabajo.<\/p>\n<p><span style=\"color: #c1002b;\"><strong>Suspensi\u00f3n pago de impuestos para el 20 de abril<\/strong><\/span><\/p>\n<p>Por este motivo ha reiterado que una de las iniciativas necesarias que la econom\u00eda espa\u00f1ola necesita de manera inmediata es la suspensi\u00f3n \u201ccuando antes mejor, de las liquidaciones de impuestos para el pr\u00f3ximo d\u00eda 20 de abril. No pedimos nada extraordinario, sino el que han aplicado 22 estados de la UE\u201d. Lo pedimos b\u00e1sicamente para salvar el empleo, recuperar puestos de trabajo, ayudar en al Estado, a los negocios tur\u00edsticos, hoteles, comercios, restaurantes y a todas las empresas que han cerrado sus negocios hace aproximadamente un mes y que facturen 0 euros. Si no ingresan dinero no pueden pagar impuestos\u201d.<\/p>\n<p>Estos negocios representan el 60% de la econom\u00eda en Catalu\u00f1a. Por este motivo, S\u00e1nchez Llibre ha destacado que \u201cpara evitar que cierren tenemos que conseguir que de aqu\u00ed a un mes o cuando acabe el confinamiento se puedan salvar los empleos. Y una de las medidas m\u00e1s importantes para conseguirlo es tener liquidez\u201d.<\/p>\n<p>El presidente de Foment ha subraya que \u201cno pedimos no pagar impuestos, sino suspender el pago de impuestos para tener liquidez. No pedimos que nos los condonen\u201d. Y ha recordado que 22 pa\u00edses de la UE han suspendido este pago. \u201cIncluso el Gobierno de Italia present\u00f3 ayer un plan econ\u00f3mico de 400.000 millones de euros y en uno de sus apartados estaba la concesi\u00f3n de los aplazamientos\u201d, ha a\u00f1adido.<\/p>\n<p>S\u00e1nchez Llibre tambi\u00e9n ha afirmado que otro sistema para garantizar la liquidez son los cr\u00e9ditos ICO que \u201cser\u00e1n de mucha utilidad\u201d. Pero ha reiterado que las peque\u00f1as empresas y los aut\u00f3nomos lo que necesitan para superar la crisis es suspender el pago de impuestos. \u201cEstamos intentando convencer al Gobierno de Espa\u00f1a, ya lo han hecho 15 comunidades aut\u00f3nomas\u201d.[\/vc_column_text][\/vc_column][\/vc_row]<\/p>\n<\/section>","protected":false},"excerpt":{"rendered":"<p>[vc_row][vc_column][vc_column_text]El presidente de Foment del Treball, Josep S\u00e1nchez Llibre, ha defendido hoy que el Gobierno de Espa\u00f1a promueva un programa de reconstrucci\u00f3n econ\u00f3mica del pa\u00eds, a favor de la empresa y el empleo. En respuesta a una pregunta de TVE sobre la propuesta de una nueva versi\u00f3n de los Pactos de la Moncloa, S\u00e1nchez Llibre ha considerado que esta iniciativa, que corresponde al gobierno, tiene que contar con un amplio apoyo parlamentario, con el consenso y la generosidad de todos \u2013gobierno y oposici\u00f3n- y tambi\u00e9n de las comunidades aut\u00f3nomas y los agentes sociales, sindicatos y patronales.[\/vc_column_text][\/vc_column][\/vc_row][vc_row][vc_column width=\u00bb1\/6&#8243;][\/vc_column][vc_column width=\u00bb2\/3&#8243;][\/vc_column][vc_column width=\u00bb1\/6&#8243;][\/vc_column][\/vc_row][vc_row][vc_column][vc_column_text]En este sentido, ha considerado que el momento hist\u00f3rico de los Pactos de la Moncloa del 1977 no tiene ninguna similitud con la crisis actual. Espa\u00f1a es ahora un Estado plenamente institucionalizado, con una sana democracia parlamentaria. La reconstrucci\u00f3n econ\u00f3mica ahora tiene que tener el objetivo de volver r\u00e1pidamente a la situaci\u00f3n previa al Covid 19 y requiere acciones en el \u00e1mbito laboral, financiero, tributario y europeo para salvar las empresas y los puestos de trabajo. Suspensi\u00f3n pago de impuestos para el 20 de abril Por este motivo ha reiterado que una de las iniciativas necesarias que la econom\u00eda espa\u00f1ola necesita de [&hellip;]<\/p>\n","protected":false},"author":10,"featured_media":85275,"comment_status":"closed","ping_status":"closed","sticky":false,"template":"","format":"standard","meta":{"_links_to":"","_links_to_target":""},"categories":[2735,114,68],"tags":[2589,2919,2920,2921],"acf":[],"wps_subtitle":"Este pacto tiene que ser amplio, r\u00e1pido, ambicioso y de aplicaci\u00f3n inmediata para salvar los puestos de trabajo","_links":{"self":[{"href":"https:\/\/www.foment.com\/es\/wp-json\/wp\/v2\/posts\/85276"}],"collection":[{"href":"https:\/\/www.foment.com\/es\/wp-json\/wp\/v2\/posts"}],"about":[{"href":"https:\/\/www.foment.com\/es\/wp-json\/wp\/v2\/types\/post"}],"author":[{"embeddable":true,"href":"https:\/\/www.foment.com\/es\/wp-json\/wp\/v2\/users\/10"}],"replies":[{"embeddable":true,"href":"https:\/\/www.foment.com\/es\/wp-json\/wp\/v2\/comments?post=85276"}],"version-history":[{"count":0,"href":"https:\/\/www.foment.com\/es\/wp-json\/wp\/v2\/posts\/85276\/revisions"}],"wp:featuredmedia":[{"embeddable":true,"href":"https:\/\/www.foment.com\/es\/wp-json\/wp\/v2\/media\/85275"}],"wp:attachment":[{"href":"https:\/\/www.foment.com\/es\/wp-json\/wp\/v2\/media?parent=85276"}],"wp:term":[{"taxonomy":"category","embeddable":true,"href":"https:\/\/www.foment.com\/es\/wp-json\/wp\/v2\/categories?post=85276"},{"taxonomy":"post_tag","embeddable":true,"href":"https:\/\/www.foment.com\/es\/wp-json\/wp\/v2\/tags?post=85276"}],"curies":[{"name":"wp","href":"https:\/\/api.w.org\/{rel}","templated":true}]}}