{"id":85598,"date":"2020-04-08T00:56:57","date_gmt":"2020-04-07T22:56:57","guid":{"rendered":"https:\/\/www.foment.com\/resposta-global-15-600-milions-ue-per-paisos-vulnerables\/"},"modified":"2020-04-11T01:05:36","modified_gmt":"2020-04-10T23:05:36","slug":"resposta-global-15-600-milions-ue-per-paisos-vulnerables","status":"publish","type":"post","link":"https:\/\/www.foment.com\/es\/resposta-global-15-600-milions-ue-per-paisos-vulnerables\/","title":{"rendered":"La respuesta global: 15.600 millones de la UE para los pa\u00edses m\u00e1s vulnerables"},"content":{"rendered":"<p>Dado que es probable que el impacto del brote de coronavirus sea dram\u00e1tico en los pa\u00edses m\u00e1s fr\u00e1giles, en los migrantes y en las personas m\u00e1s vulnerables, la Comisi\u00f3n Europea (CE) present\u00f3 ayer, 8 de abril, un <a href=\"https:\/\/ec.europa.eu\/info\/files\/joint-communication-global-eu-response-covid-19_en\"><strong>paquete de respuesta global<\/strong><\/a>, por valor de m\u00e1s de <strong>600 millones de euros<\/strong>, para apoyar a los pa\u00edses socios de la UE en la lucha com\u00fan contra la pandemia.<\/p>\n<p>Concretamente se destinar\u00e1n:<\/p>\n<ul>\n<li><strong>250 millones de euros <\/strong>para<strong> \u00c1frica<\/strong> (contando tambi\u00e9n 1.190 millones de euros para los pa\u00edses vecinos del norte de \u00c1frica);<\/li>\n<li><strong>070 millones de euros <\/strong>para todos los<strong> pa\u00edses de la vecindad<\/strong> (2.100 millones de euros para la <a href=\"https:\/\/ec.europa.eu\/neighbourhood-enlargement\/sites\/near\/files\/coronavirus_support_south.pdf\">vecindad meridional<\/a> y 962 millones de euros para los <a href=\"https:\/\/ec.europa.eu\/neighbourhood-enlargement\/sites\/near\/files\/coronavirus_support_eap.pdf\">pa\u00edses de la Asociaci\u00f3n Oriental<\/a>);<\/li>\n<li><strong>800 millones de euros <\/strong>para los <a href=\"https:\/\/ec.europa.eu\/neighbourhood-enlargement\/sites\/near\/files\/coronavirus_support_wb.pdf\"><strong>Balcanes Occidentales<\/strong><\/a><strong> y Turqu\u00eda;<\/strong><\/li>\n<li><strong>420 millones de euros en garant\u00edas para \u00c1frica y la vecindad<\/strong> con cargo al Fondo Europeo de Desarrollo Sostenible (FEDS);<\/li>\n<li><strong>220 millones de euros <\/strong>para las regiones de<strong> Asia y el Pac\u00edfico<\/strong>;<\/li>\n<li><strong>291 millones de euros<\/strong> para la regi\u00f3n de <strong>\u00c1frica, el Caribe y el Pac\u00edfico<\/strong>;<\/li>\n<li><strong>918 millones de euros<\/strong> para <strong>Latinoam\u00e9rica y el Caribe<\/strong>; y<\/li>\n<li><strong>111 millones de euros<\/strong> para los <strong>pa\u00edses y territorios de ultramar<\/strong>.<\/li>\n<\/ul>\n<p>La respuesta de la UE sigue un planteamiento \u201c<a href=\"https:\/\/ec.europa.eu\/commission\/commissioners\/2019-2024\/urpilainen\/announcements\/commissioner-urpilainen-team-europe-our-partners-against-covid-19_en\"><strong>Equipo Europa<\/strong><\/a>\u201d, que consiste en la prestaci\u00f3n de un apoyo r\u00e1pido y espec\u00edfico que <strong>combina recursos de la UE, de sus Estados miembros (EEMM) e instituciones financieras<\/strong>, en particular el Banco Europeo de Inversiones (BEI) y el Banco Europeo de Reconstrucci\u00f3n y Desarrollo, para apoyar a los pa\u00edses socios y satisfacer sus necesidades a corto plazo, haciendo tambi\u00e9n frente a las repercusiones estructurales a largo plazo sobre las sociedades y la econom\u00eda. Los primeros paquetes ya se est\u00e1n ejecutando en los Balcanes occidentales y los pa\u00edses meridionales y orientales vecinos. La UE <strong>fomentar\u00e1 una respuesta multilateral coordinada<\/strong>, en asociaci\u00f3n con las Naciones Unidas, las instituciones financieras internacionales, el G-7 y el G-20.<\/p>\n<p>La acci\u00f3n colectiva de la UE se centrar\u00e1 en <strong>(1)<\/strong> <strong>abordar la crisis sanitaria inmediata y las necesidades humanitarias<\/strong> derivadas de ella, en <strong>(2) reforzar los sistemas sanitarios, h\u00eddricos y de saneamiento<\/strong> de los pa\u00edses socios y sus <strong>capacidades de investigaci\u00f3n y preparaci\u00f3n<\/strong> para hacer frente a la pandemia, y en <strong>(3) paliar el impacto socioecon\u00f3mico<\/strong>.<\/p>\n<p>Consulta m\u00e1s informaci\u00f3n en esta <a href=\"https:\/\/www.foment.com\/wp-content\/uploads\/2020\/04\/circular_informativa_internacional_respuestamundialue_09.04.20cast.pdf\">Circular del departamento de Internacional<\/a> de Foment del Treball.<\/p>\n","protected":false},"excerpt":{"rendered":"<p>Dado que es probable que el impacto del brote de coronavirus sea dram\u00e1tico en los pa\u00edses m\u00e1s fr\u00e1giles, en los migrantes y en las personas m\u00e1s vulnerables, la Comisi\u00f3n Europea (CE) present\u00f3 ayer, 8 de abril, un paquete de respuesta global, por valor de m\u00e1s de 600 millones de euros, para apoyar a los pa\u00edses socios de la UE en la lucha com\u00fan contra la pandemia. Concretamente se destinar\u00e1n: 250 millones de euros para \u00c1frica (contando tambi\u00e9n 1.190 millones de euros para los pa\u00edses vecinos del norte de \u00c1frica); 070 millones de euros para todos los pa\u00edses de la vecindad (2.100 millones de euros para la vecindad meridional y 962 millones de euros para los pa\u00edses de la Asociaci\u00f3n Oriental); 800 millones de euros para los Balcanes Occidentales y Turqu\u00eda; 420 millones de euros en garant\u00edas para \u00c1frica y la vecindad con cargo al Fondo Europeo de Desarrollo Sostenible (FEDS); 220 millones de euros para las regiones de Asia y el Pac\u00edfico; 291 millones de euros para la regi\u00f3n de \u00c1frica, el Caribe y el Pac\u00edfico; 918 millones de euros para Latinoam\u00e9rica y el Caribe; y 111 millones de euros para los pa\u00edses y territorios de ultramar. La respuesta de [&hellip;]<\/p>\n","protected":false},"author":10,"featured_media":85595,"comment_status":"closed","ping_status":"closed","sticky":false,"template":"","format":"standard","meta":{"_links_to":"","_links_to_target":""},"categories":[2735,114,1667],"tags":[2930,2589,2931,243],"acf":[],"wps_subtitle":"La Comisi\u00f3n Europea ha presentado un paquete de respuesta global, por valor de m\u00e1s de 600 millones de euros","_links":{"self":[{"href":"https:\/\/www.foment.com\/es\/wp-json\/wp\/v2\/posts\/85598"}],"collection":[{"href":"https:\/\/www.foment.com\/es\/wp-json\/wp\/v2\/posts"}],"about":[{"href":"https:\/\/www.foment.com\/es\/wp-json\/wp\/v2\/types\/post"}],"author":[{"embeddable":true,"href":"https:\/\/www.foment.com\/es\/wp-json\/wp\/v2\/users\/10"}],"replies":[{"embeddable":true,"href":"https:\/\/www.foment.com\/es\/wp-json\/wp\/v2\/comments?post=85598"}],"version-history":[{"count":0,"href":"https:\/\/www.foment.com\/es\/wp-json\/wp\/v2\/posts\/85598\/revisions"}],"wp:featuredmedia":[{"embeddable":true,"href":"https:\/\/www.foment.com\/es\/wp-json\/wp\/v2\/media\/85595"}],"wp:attachment":[{"href":"https:\/\/www.foment.com\/es\/wp-json\/wp\/v2\/media?parent=85598"}],"wp:term":[{"taxonomy":"category","embeddable":true,"href":"https:\/\/www.foment.com\/es\/wp-json\/wp\/v2\/categories?post=85598"},{"taxonomy":"post_tag","embeddable":true,"href":"https:\/\/www.foment.com\/es\/wp-json\/wp\/v2\/tags?post=85598"}],"curies":[{"name":"wp","href":"https:\/\/api.w.org\/{rel}","templated":true}]}}