{"id":85918,"date":"2020-04-15T12:38:13","date_gmt":"2020-04-15T10:38:13","guid":{"rendered":"https:\/\/www.foment.com\/?p=85918"},"modified":"2020-04-17T15:37:42","modified_gmt":"2020-04-17T13:37:42","slug":"foment-reclama-mas-recursos-para-seguridad-laboral-trabajadores-y-juridica-empresarios","status":"publish","type":"post","link":"https:\/\/www.foment.com\/es\/foment-reclama-mas-recursos-para-seguridad-laboral-trabajadores-y-juridica-empresarios\/","title":{"rendered":"Foment reclama m\u00e1s recursos para la seguridad laboral de los trabajadores y dotar de seguridad jur\u00eddica a los empresarios"},"content":{"rendered":"<section class=\"wpb-content-wrapper\"><p>[vc_row][vc_column][vc_column_text]Foment del Treball Nacional a partir de las informaciones recibidas por sus diferentes organizaciones territoriales y sectoriales <strong>(Fedequim, ACRA, Gremi de Constructores d&#8217;Obres de Barcelona y Comarques, Aeball, Cecot y UPM)<\/strong>, reclama:<\/p>\n<ul>\n<li>La clarificaci\u00f3n de los diferentes criterios entre las Administraciones P\u00fablicas para dotar de seguridad jur\u00eddica a las empresas.<\/li>\n<li>Que las Administraciones P\u00fablicas proporcionen de EPIs a las empresas, y en aquellos supuestos donde las propias empresas han conseguido estos elementos preventivos que no se les dificulte su implementaci\u00f3n por parte de las Administraciones.<\/li>\n<li>Es fundamental que se puedan hacer test a los trabajadores para conocer si est\u00e1n contagiados, para que en cuyo caso, no acudan a su puesto de trabajo. Y en el caso de no estar contagiados, para que no est\u00e9n en cuarentena durante 14 d\u00edas de baja por Incapacidad temporal sin ir a trabajar.<\/li>\n<\/ul>\n<p>[\/vc_column_text]<div class=\"spacer\" style=\"height: 10px;\"><\/div>[\/vc_column][\/vc_row][vc_row text_align=\u00bbcenter\u00bb][vc_column width=\u00bb1\/4&#8243;][\/vc_column][vc_column width=\u00bb1\/2&#8243;]<div class=\"video-embed  wpb_content_element\"><iframe title=\"S\u00e1nchez Llibre &quot;La falta de material de protecci\u00f3n provoca absentismo laboral por temor al contagio&quot;\" width=\"1161\" height=\"653\" src=\"https:\/\/www.youtube.com\/embed\/GDgckkbUoc0?feature=oembed\" frameborder=\"0\" allow=\"accelerometer; autoplay; clipboard-write; encrypted-media; gyroscope; picture-in-picture; web-share\" referrerpolicy=\"strict-origin-when-cross-origin\" allowfullscreen><\/iframe><\/div><div class=\"spacer\" style=\"height: 10px;\"><\/div>[\/vc_column][vc_column width=\u00bb1\/4&#8243;][\/vc_column][\/vc_row][vc_row][vc_column][vc_column_text]En cuanto a los EPIs, de la informaci\u00f3n recibida, se puede concluir que, con car\u00e1cter general, y en particular en las pymes, existen dificultades para disponer de EPIs. Igualmente, en determinados sectores existen graves problemas para cubrir turnos y\/o el desarrollo normal de la actividad como consecuencia del nivel de absentismo laboral. Dicha situaci\u00f3n en gran parte es consecuencia de la escasez de test, pero repercute directamente en las empresas tanto por la falta de trabajadores para desarrollar con normalidad su actividad, como por el incremento de costes empresariales que comportan las recientes modificaciones normativas.<\/p>\n<p>En estos momentos, es esencial la suma de esfuerzos para dotar de seguridad jur\u00eddica a los empresarios y protecci\u00f3n en cuanto a la seguridad y salud laboral de los trabajadores. En este sentido, se ha de considerar el documento de <a href=\"https:\/\/www.foment.com\/wp-content\/uploads\/2020\/04\/Circular_30-2020_-Recomendaciones-_CRL_-Coronavirus-12-04-2020_cast-1.pdf\">recomendaciones para las empresas y personas trabajadoras<\/a> sobre actuaciones vinculadas a las situaciones que se puedan producir por el efecto del\u00a0 coronavirus SARS-CoV-2, consensuado entre el Departament d\u2019Economia i Hisenda, el Departament d\u2019Interior, el Departament de Salut, el Departament de Territori i Sostenibilitat, el Departament de Treball, Afers Socials i Fam\u00edlies i Departament d\u2019Empresa i Coneixement,Foment del Treball,\u00a0PIMEC, CCOO y UGT en el marco del Consell de Relacions Laborals de Catalunya.<\/p>\n<p>A los efectos de conocer el desarrollo de la actividad de las empresas y las posibles dificultades que puedan producirse en la reanudaci\u00f3n de la actividad plena en los sectores de la industria y la construcci\u00f3n, as\u00ed como en el resto de sectores, se ha solicitado a diferentes empresas, as\u00ed como organizaciones sectoriales y territoriales informaci\u00f3n respecto a:<\/p>\n<ul>\n<li>Detecci\u00f3n de dificultades de las empresas para disponer de EPIs.<\/li>\n<li>Absentismo laboral: \u00bfSe han detectado un aumento de las bajas de los trabajadores? \u00bfHay problemas para cubrir los turnos o el desarrollo normal de la actividad como consecuencia del nivel de bajas?<\/li>\n<li>\u00bfSe han detectado problemas respecto a los desplazamientos de los trabajadores a los puestos de trabajo?<\/li>\n<\/ul>\n<p>A tal efecto, hemos recibido la siguiente informaci\u00f3n:<\/p>\n<p><strong><u>FEDEQUIM<\/u><\/strong><\/p>\n<p>Se informa que, hasta el momento, el retorno a la actividad habitual se ha efectuado con normalidad, y no se ha producido ning\u00fan tipo de incidencia en relaci\u00f3n a las preguntas formuladas. Se pone de manifiesto\u00a0 que la industria qu\u00edmica fue declarada esencial y no ha parado su actividad durante estas dos \u00faltimas semanas.<\/p>\n<p>Respecto al tema de absentismo, se manifiesta que \u00a0ser\u00eda interesante disponer de tests por parte de las empresas para poder vaciar la lista de bajas por \u201cprecauci\u00f3n\u201d una vez se constate que la prueba da negativo.<\/p>\n<p>En cuanto a los \u00a0Epis hay ciertos picos de demanda por parte de las empresas aunque hay la expectativa que \u00a0\u00faltimamente se est\u00e1 normalizando.<\/p>\n<p><strong><u>ACRA<\/u><\/strong><\/p>\n<p>En relaci\u00f3n a la dificultad de disponer por parte de las empresas de EPIs, se informa que las empresas asociadas a ACRA son residenciales y otras vinculadas a recursos asistenciales para la gente mayor, por lo tanto, son empresas que no han dejado de trabajar en ning\u00fan momento. Se manifiesta que todas las empresas han tenido dificultades para disponer de EPIs (seg\u00fan los resultados de un Bar\u00f3metro presentado por ACRA la semana pasada dej\u00f3 de manifiesto que m\u00e1s de un 50% de las empresas del sector no hab\u00edan recibido ning\u00fan EPI. Se informa que actualmente el circuito ha mejorado y ya se est\u00e1n repartiendo.)<\/p>\n<p>En cuanto a la cuesti\u00f3n relativa al absentismo, se expone que existen muchas dificultades en relaci\u00f3n al personal, se han incrementado de manera exponencial las bajas (en estos momentos m\u00e1s de 6.000 personas est\u00e1n en casa por baja y sin realizarles los test para saber si pueden volver o no a sus puestos de Trabajo). Existen graves problemas para poder cubrir turnos y\/o el desarrollo normal de la actividad como consecuencia del nivel de bajas.<\/p>\n<p>Se informa que no se han detectado problemas en cuanto el desplazamiento de los trabajadores, debido a que son actividades esenciales, por lo que con los certificados facilitados no se han producido incidencias. En algunos casos los profesionales trabajan en otros territorios y se les ha facilitado alojamiento en hoteles.<\/p>\n<p><strong><u>GREMIO DE CONSTRUCTORES DE OBRAS DE BARCELONA Y COMARCAS<\/u><\/strong><\/p>\n<p>Se expone lo siguiente:<\/p>\n<p>Inicio parcial de la actividad, se mantienen obras paradas, ya que el coste de trabajar con las medidas impuestas ralentizar\u00e1 los plazos y es mejor reactivarla cuando sea posibles sin restricciones. Tambi\u00e9n existen obras paradas por inseguridad jur\u00eddica, o peticiones de las propiedades o falta de acuerdos con las direcciones facultativas.<\/p>\n<ul>\n<li>Actualmente, no hay una queja global sobre la falta de EPI, aunque prev\u00e9n que en breve pueden tener una necesidad superior. Algunas empresas manifiestan la dificultad para encontrar material y algunas han solicitado al gremio que les puedan suministrar.<\/li>\n<li>No se registra un absentismo global, s\u00f3lo casos aislados y muy puntuales. El absentismo es diverso, por baja por enfermedad y negaci\u00f3n a ir a trabajar por miedo a contagio que acaba derivando en una baja m\u00e9dica.<\/li>\n<li>Se informa que no se registran problemas en los desplazamientos a los lugares de trabajo, salvo la norma de una persona por veh\u00edculo, la misma que ya exist\u00eda antes del d\u00eda de hoy.<\/li>\n<li>Se pone de manifiesto que en el \u00e1mbito de la rehabilitaci\u00f3n, hay un problema general en cuanto a interpretaci\u00f3n de la SND\/340\/2020 de 12 de abril. La falta de concreci\u00f3n y definici\u00f3n de algunos conceptos esta llevando a interpretaciones subjetivas y desiguales. Este hecho ha ocasionado el paro de muchas obras por parte de la polic\u00eda municipal, as\u00ed como quejas y denuncias de vecinos.<\/li>\n<\/ul>\n<p><strong><u>AEBALL<\/u><\/strong><strong><u>\u00a0<\/u><\/strong><\/p>\n<p>En relaci\u00f3n a los EPIs se informa de la necesidad urgente de los mismos por parte de las empresas, las cuales han trasladado esta necesidad desde el primer d\u00eda.<\/p>\n<p>Seg\u00fan el cuestionario elaborado por \u00a0del 50% de las empresas consultadas necesitan EPIs, la mayor parte con mucha urgencia.<\/p>\n<p><strong><u>CECOT<\/u><\/strong><\/p>\n<p>Las empresas en relaci\u00f3n a EPIs informan que tienen dificultades para encontrar mascarillas. En cuanto al gel y los guantes, un 50% de las empresas exponen que no encuentran y el resto que ya tienen. Por parte de CECOT, se ha comprado 1.000.000 de mascarillas para los asociados las cuales las recibir\u00e1n el pr\u00f3ximo 27 de abril.<\/p>\n<p><strong><u>UPM<\/u><\/strong><strong>\u00a0\u00a0\u00a0\u00a0\u00a0\u00a0\u00a0\u00a0\u00a0\u00a0\u00a0\u00a0\u00a0\u00a0\u00a0\u00a0\u00a0\u00a0 <\/strong><\/p>\n<p>Por parte de la UPM se informa que en relaci\u00f3n a la obtenci\u00f3n de EPIs algunas empresas han tenido problemas, pero la mayor\u00eda lo han resuelto por provisi\u00f3n propia.<\/p>\n<p>En cuanto al absentismo laboral, expone que es dif\u00edcil a\u00fan de evaluar ya que \u00a0justo se ha procedido al reanudaci\u00f3n de la actividad ( y no por todas las empresas). Adem\u00e1s la mayor\u00eda de las que han reanudado su actividad no est\u00e1n al 100% y otras siguen teletrabajando<\/p>\n<p>Se informa que no se ha recibido ninguna incidencia relevante en cuanto a posibles problemas en los desplazamientos de los trabajadores al centro de trabajo.[\/vc_column_text][\/vc_column][\/vc_row]<\/p>\n<\/section>","protected":false},"excerpt":{"rendered":"<p>[vc_row][vc_column][vc_column_text]Foment del Treball Nacional a partir de las informaciones recibidas por sus diferentes organizaciones territoriales y sectoriales (Fedequim, ACRA, Gremi de Constructores d&#8217;Obres de Barcelona y Comarques, Aeball, Cecot y UPM), reclama: La clarificaci\u00f3n de los diferentes criterios entre las Administraciones P\u00fablicas para dotar de seguridad jur\u00eddica a las empresas. Que las Administraciones P\u00fablicas proporcionen de EPIs a las empresas, y en aquellos supuestos donde las propias empresas han conseguido estos elementos preventivos que no se les dificulte su implementaci\u00f3n por parte de las Administraciones. Es fundamental que se puedan hacer test a los trabajadores para conocer si est\u00e1n contagiados, para que en cuyo caso, no acudan a su puesto de trabajo. Y en el caso de no estar contagiados, para que no est\u00e9n en cuarentena durante 14 d\u00edas de baja por Incapacidad temporal sin ir a trabajar. [\/vc_column_text][\/vc_column][\/vc_row][vc_row text_align=\u00bbcenter\u00bb][vc_column width=\u00bb1\/4&#8243;][\/vc_column][vc_column width=\u00bb1\/2&#8243;][\/vc_column][vc_column width=\u00bb1\/4&#8243;][\/vc_column][\/vc_row][vc_row][vc_column][vc_column_text]En cuanto a los EPIs, de la informaci\u00f3n recibida, se puede concluir que, con car\u00e1cter general, y en particular en las pymes, existen dificultades para disponer de EPIs. Igualmente, en determinados sectores existen graves problemas para cubrir turnos y\/o el desarrollo normal de la actividad como consecuencia del nivel de absentismo laboral. Dicha situaci\u00f3n en gran parte es [&hellip;]<\/p>\n","protected":false},"author":10,"featured_media":85919,"comment_status":"closed","ping_status":"closed","sticky":false,"template":"","format":"standard","meta":{"_links_to":"","_links_to_target":""},"categories":[2735,114,73],"tags":[2589,2954,277],"acf":[],"wps_subtitle":"Esta solicitud se desprende de las informaciones de diferentes organizaciones territoriales y sectoriales\u00a0sobre como se ha reprendido\u00a0la actividad empresarial","_links":{"self":[{"href":"https:\/\/www.foment.com\/es\/wp-json\/wp\/v2\/posts\/85918"}],"collection":[{"href":"https:\/\/www.foment.com\/es\/wp-json\/wp\/v2\/posts"}],"about":[{"href":"https:\/\/www.foment.com\/es\/wp-json\/wp\/v2\/types\/post"}],"author":[{"embeddable":true,"href":"https:\/\/www.foment.com\/es\/wp-json\/wp\/v2\/users\/10"}],"replies":[{"embeddable":true,"href":"https:\/\/www.foment.com\/es\/wp-json\/wp\/v2\/comments?post=85918"}],"version-history":[{"count":0,"href":"https:\/\/www.foment.com\/es\/wp-json\/wp\/v2\/posts\/85918\/revisions"}],"wp:featuredmedia":[{"embeddable":true,"href":"https:\/\/www.foment.com\/es\/wp-json\/wp\/v2\/media\/85919"}],"wp:attachment":[{"href":"https:\/\/www.foment.com\/es\/wp-json\/wp\/v2\/media?parent=85918"}],"wp:term":[{"taxonomy":"category","embeddable":true,"href":"https:\/\/www.foment.com\/es\/wp-json\/wp\/v2\/categories?post=85918"},{"taxonomy":"post_tag","embeddable":true,"href":"https:\/\/www.foment.com\/es\/wp-json\/wp\/v2\/tags?post=85918"}],"curies":[{"name":"wp","href":"https:\/\/api.w.org\/{rel}","templated":true}]}}