{"id":86327,"date":"2020-04-17T10:00:38","date_gmt":"2020-04-17T08:00:38","guid":{"rendered":"https:\/\/www.foment.com\/obra-social-sant-joan-de-deu-i-vueling-uneixen-connectivitat-persones-aillades-covid-19\/"},"modified":"2020-04-17T22:19:33","modified_gmt":"2020-04-17T20:19:33","slug":"obra-social-sant-joan-de-deu-y-vueling-unen-conectividad-personas-aisladas-covid-19","status":"publish","type":"post","link":"https:\/\/www.foment.com\/es\/obra-social-sant-joan-de-deu-y-vueling-unen-conectividad-personas-aisladas-covid-19\/","title":{"rendered":"La Obra Social Sant Joan de D\u00e9u y Vueling se unen para paliar las necesidades de conectividad de personas aisladas por el COVID-19"},"content":{"rendered":"<section class=\"wpb-content-wrapper\"><p>[vc_row][vc_column][vc_column_text]A ra\u00edz de la situaci\u00f3n de emergencia actual, provocada por el COVID19, la Obra Social Sant Joan de D\u00e9u y Vueling han vuelto a unir sus fuerzas para poner en marcha una serie de donaciones solidarias destinadas a los colectivos vulnerables.<\/p>\n<p>A la labor m\u00e9dica, social y de investigaci\u00f3n que est\u00e1 llevando a cabo Sant Joan de D\u00e9u para combatir esta crisis, Vueling se suma a la campa\u00f1a <a href=\"https:\/\/solidaritat.santjoandedeu.org\/colabora\/lascarasdelavulnerabilidad\/?lang=es\">\u2018Las caras de la vulnerabilidad\u2019<\/a> aportando su peque\u00f1o grano de arena y donando 50 tablets y 15 ordenadores. De esta forma, la compa\u00f1\u00eda colabora en cubrir las necesidades aparecidas en diversos centros a ra\u00edz de la crisis de la COVID19 y, m\u00e1s concretamente, facilitar el acceso telem\u00e1tico a la educaci\u00f3n y ocio de las personas atendidas en los centros, las cuales se han visto gravemente afectadas por el confinamiento obligatorio.<\/p>\n<p>Este material est\u00e1 destinado a las personas con problemas de salud mental y personas afectadas por coronavirus atendidas en Parc Sanitari SJD (Sant Boi de Llobregat-Barcelona); familias refugiadas atendidas en la Fundaci\u00f3 Tom\u00e1s Canet (Manresa-Barcelona) y personas en situaci\u00f3n de sin hogar atendidas Sant Joan de D\u00e9u Serveis Socials de Palma de Mallorca y Valencia. Todas ellas podr\u00e1n estar en contacto con sus seres queridos de forma telem\u00e1tica y mantener sus rutinas de formaci\u00f3n a distancia.<\/p>\n<p>Parte de la tripulaci\u00f3n en activo de Vueling ha aprovechado su jornada laboral para realizar la entrega del material al personal sanitario y auxiliar de los centros, siempre velando por la seguridad y con todas las medidas de precauci\u00f3n e higiene establecidas.[\/vc_column_text]<div class=\"single_image wpb_content_element align-left    \" data-animation=\"none\" data-delay=\"0\"><img width=\"3409\" height=\"2940\" src=\"https:\/\/www.foment.com\/wp-content\/uploads\/2020\/04\/Imagen-02-Vueling_Sant-Joan-de-D\u00e9u_17abril2020.jpeg\" class=\"attachment-full\" alt=\"\" loading=\"lazy\" title=\"[Imagen 02] Vueling_Sant Joan de D\u00e9u_17abril2020\" \/><\/div>[vc_column_text]\u201cEn San Juan de Dios nos gusta cuidar y donaciones como la de hoy nos ayudan a hacerlo. Situaciones de crisis como la actual hacen expresar la solidaridad de toda la sociedad en general y es gracias a esto que podemos cuidar y acompa\u00f1ar m\u00e1s y mejor a todas aquellas personas que m\u00e1s lo necesitan, las personas que est\u00e1n en una situaci\u00f3n m\u00e1s vulnerable\u201d, expres\u00f3 Oriol Bota, director de la Obra Social Sant Joan de D\u00e9u Barcelona.<\/p>\n<p>\u201cEstamos viviendo una situaci\u00f3n excepcional y es de suma importancia que estemos unidos y nos movilicemos para ofrecer nuestro apoyo. Nuestro compromiso es total, tanto como compa\u00f1\u00eda, como por parte de todas las personas que trabajamos en Vueling\u201d, expres\u00f3 Ana Fern\u00e1ndez, Directora de Relaciones Externas de Vueling.<\/p>\n<p>Como parte de sus esfuerzos para minimizar el impacto del coronavirus, la compa\u00f1\u00eda contin\u00faa operando un porcentaje de vuelos regulares, especiales, humanitarios y de rescate.<\/p>\n<p>Es una campa\u00f1a que nace sumando los esfuerzos de todos los centros de Sant Joan de D\u00e9u con un objetivo muy claro: ayudar a quien m\u00e1s lo necesita y dar visibilidad a las realidades y a las personas m\u00e1s vulnerables provocadas por la crisis de la COVID19.<\/p>\n<p>Conoce m\u00e1s a fondo esta iniciativa:<\/p>\n<p><a href=\"https:\/\/solidaritat.santjoandedeu.org\/colabora\/lascarasdelavulnerabilidad\/?lang=es\">https:\/\/solidaritat.santjoandedeu.org\/colabora\/lascarasdelavulnerabilidad\/?lang=es<\/a>[\/vc_column_text][\/vc_column][\/vc_row]<\/p>\n<\/section>","protected":false},"excerpt":{"rendered":"<p>[vc_row][vc_column][vc_column_text]A ra\u00edz de la situaci\u00f3n de emergencia actual, provocada por el COVID19, la Obra Social Sant Joan de D\u00e9u y Vueling han vuelto a unir sus fuerzas para poner en marcha una serie de donaciones solidarias destinadas a los colectivos vulnerables. A la labor m\u00e9dica, social y de investigaci\u00f3n que est\u00e1 llevando a cabo Sant Joan de D\u00e9u para combatir esta crisis, Vueling se suma a la campa\u00f1a \u2018Las caras de la vulnerabilidad\u2019 aportando su peque\u00f1o grano de arena y donando 50 tablets y 15 ordenadores. De esta forma, la compa\u00f1\u00eda colabora en cubrir las necesidades aparecidas en diversos centros a ra\u00edz de la crisis de la COVID19 y, m\u00e1s concretamente, facilitar el acceso telem\u00e1tico a la educaci\u00f3n y ocio de las personas atendidas en los centros, las cuales se han visto gravemente afectadas por el confinamiento obligatorio. Este material est\u00e1 destinado a las personas con problemas de salud mental y personas afectadas por coronavirus atendidas en Parc Sanitari SJD (Sant Boi de Llobregat-Barcelona); familias refugiadas atendidas en la Fundaci\u00f3 Tom\u00e1s Canet (Manresa-Barcelona) y personas en situaci\u00f3n de sin hogar atendidas Sant Joan de D\u00e9u Serveis Socials de Palma de Mallorca y Valencia. Todas ellas podr\u00e1n estar en contacto con [&hellip;]<\/p>\n","protected":false},"author":10,"featured_media":86321,"comment_status":"closed","ping_status":"closed","sticky":false,"template":"","format":"standard","meta":{"_links_to":"","_links_to_target":""},"categories":[2735,114,2992],"tags":[2589,2965,2971,2966],"acf":[],"wps_subtitle":"La aerol\u00ednea, que lleva ya seis a\u00f1os colaborando con la obra, dona ordenadores y tablets que facilitar\u00e1n la vida de diferentes colectivos atendidos en los centros de Barcelona, Palma de Mallorca y Valencia","_links":{"self":[{"href":"https:\/\/www.foment.com\/es\/wp-json\/wp\/v2\/posts\/86327"}],"collection":[{"href":"https:\/\/www.foment.com\/es\/wp-json\/wp\/v2\/posts"}],"about":[{"href":"https:\/\/www.foment.com\/es\/wp-json\/wp\/v2\/types\/post"}],"author":[{"embeddable":true,"href":"https:\/\/www.foment.com\/es\/wp-json\/wp\/v2\/users\/10"}],"replies":[{"embeddable":true,"href":"https:\/\/www.foment.com\/es\/wp-json\/wp\/v2\/comments?post=86327"}],"version-history":[{"count":0,"href":"https:\/\/www.foment.com\/es\/wp-json\/wp\/v2\/posts\/86327\/revisions"}],"wp:featuredmedia":[{"embeddable":true,"href":"https:\/\/www.foment.com\/es\/wp-json\/wp\/v2\/media\/86321"}],"wp:attachment":[{"href":"https:\/\/www.foment.com\/es\/wp-json\/wp\/v2\/media?parent=86327"}],"wp:term":[{"taxonomy":"category","embeddable":true,"href":"https:\/\/www.foment.com\/es\/wp-json\/wp\/v2\/categories?post=86327"},{"taxonomy":"post_tag","embeddable":true,"href":"https:\/\/www.foment.com\/es\/wp-json\/wp\/v2\/tags?post=86327"}],"curies":[{"name":"wp","href":"https:\/\/api.w.org\/{rel}","templated":true}]}}