{"id":87448,"date":"2020-04-24T21:34:25","date_gmt":"2020-04-24T19:34:25","guid":{"rendered":"https:\/\/www.foment.com\/consell-europeu-recolza-llancament-pla-reconstruccio\/"},"modified":"2020-11-19T16:54:14","modified_gmt":"2020-11-19T15:54:14","slug":"consejo-europeo-apoya-lanzamiento-plan-reconstruccion","status":"publish","type":"post","link":"https:\/\/www.foment.com\/es\/consejo-europeo-apoya-lanzamiento-plan-reconstruccion\/","title":{"rendered":"El Consejo Europeo apoya el lanzamiento de un plan de reconstrucci\u00f3n"},"content":{"rendered":"<section class=\"wpb-content-wrapper\"><p>[vc_row][vc_column][vc_column_text]El Consejo Europeo ha establecido una <strong>hoja de ruta conjunta para la recuperaci\u00f3n<\/strong> que establece algunos <strong>principios importantes,<\/strong> como la solidaridad, la cohesi\u00f3n y la convergencia, y define <strong>cuatro \u00e1mbitos de actuaci\u00f3n principales<\/strong>: un mercado \u00fanico plenamente operativo, un esfuerzo inversor sin precedentes, una actuaci\u00f3n global y un sistema de gobernanza operativo.[\/vc_column_text]<div class=\"spacer\" style=\"height: 10px;\"><\/div>[\/vc_column][\/vc_row][vc_row][vc_column width=\u00bb1\/4&#8243;][\/vc_column][vc_column width=\u00bb1\/2&#8243;]<a href=\"https:\/\/www.consilium.europa.eu\/es\/media-galleries\/european-council\/meetings\/2020-04-23-video-conference-of-the-members-of-the-european-council\/?slide=0\" target=\"_blank\" class=\"button color-3 medium \" style=\"border-radius: 5px;\">RUEDA DE PRENSA DEL PRESIDENTE DEL CONSEJO EUROPEO Y LA PRESIDENTA DE LA COMISI\u00d3N EUROPEA<\/a><div class=\"spacer\" style=\"height: 10px;\"><\/div>[\/vc_column][vc_column width=\u00bb1\/4&#8243;][\/vc_column][\/vc_row][vc_row][vc_column][vc_column_text]Tras la reuni\u00f3n del Eurogrupo en composici\u00f3n ampliada de 9 de abril de 2020, <strong>el Consejo Europeo ha refrendado el acuerdo sobre tres importantes redes de seguridad para los trabajadores, las empresas y los Estados,<\/strong> que supone un paquete por valor de <strong>000 millones de euros<\/strong>. Estos fondos deber\u00e1n estar operativos el <strong>1 de junio de 2020.<\/strong><\/p>\n<p>Asimismo, el Consejo Europeo ha alcanzado un acuerdo para trabajar en pro del <strong>establecimiento de un fondo de recuperaci\u00f3n<\/strong>, necesario y urgente, que deber\u00e1 ser de una <strong>magnitud suficiente<\/strong>, ir dirigido a los sectores y zonas geogr\u00e1ficas m\u00e1s afectados de Europa y ser espec\u00edfico para abordar esta crisis sin precedentes.<\/p>\n<p>La CE deber\u00e1 realizar una <strong>evaluaci\u00f3n exhaustiva del impacto de la crisis en la econom\u00eda <\/strong>europea en general, en los Estados miembros (EEMM) y en algunos sectores espec\u00edficos para <strong>presentar urgentemente una propuesta <\/strong>para la recuperaci\u00f3n. Esta propuesta tendr\u00e1 que establecer el v\u00ednculo con el <strong>Marco Financiero Plurianual<\/strong> (MFP), que tendr\u00e1 que adaptarse a las nuevas circunstancias. Para poder generar la inversi\u00f3n necesaria en toda la Uni\u00f3n Europea, la CE propondr\u00e1 <strong>aumentar el llamado \u00abmargen de maniobra\u00bb<\/strong>, es decir, el espacio entre el techo existente en el MFP y el techo de recursos propios. Gracias a la garant\u00eda legal de los EEMM, la CE podr\u00e1 recaudar fondos, que despu\u00e9s se canalizar\u00e1n a los EEMM a trav\u00e9s del presupuesto europeo.<\/p>\n<p>Las estimaciones actuales de las necesidades conducen a pensar que se requerir\u00e1 un techo de recursos propios de alrededor del <strong>2% de la Renta Nacional Bruta durante dos o tres a\u00f1os en lugar del 1.2% actual<\/strong>. Los fondos recaudados se canalizar\u00e1 de regreso al MFP a trav\u00e9s de un <strong>programa de recuperaci\u00f3n<\/strong> y se concentrar\u00e1 en una serie de programas que ayudar\u00e1n a enfrentar esta crisis.<\/p>\n<p>El apoyo de la CE se concentrar\u00e1 en cuatro \u00e1reas:<\/p>\n<ul>\n<li>Un mayor apoyo financiero para<strong> la inversi\u00f3n y reformas en los EEMM y cohesi\u00f3n<\/strong>;<\/li>\n<li>M\u00e1s <strong>inversi\u00f3n en el Pacto Verde Europeo, la transici\u00f3n digital y una mayor autonom\u00eda estrat\u00e9gica<\/strong>;<\/li>\n<li>Una parte m\u00e1s peque\u00f1a se destinar\u00e1 a <strong>mejorar la capacidad de recuperaci\u00f3n de las herramientas comunes de respuesta a crisis<\/strong>; y<\/li>\n<li>Un pilar que fortalezca nuestro <strong>apoyo a los pa\u00edses vecinos<\/strong> y socios.<\/li>\n<\/ul>\n<p>El <strong>importe total<\/strong> del futuro fondo de recuperaci\u00f3n a\u00fan est\u00e1 por decidir. Algunos EEMM, entre ellos Espa\u00f1a, Francia o Italia han defendido que se deber\u00eda llegar al <strong>bill\u00f3n y medio de euros<\/strong>, cifra que coincide con las estimaciones de la CE. La <strong>inversi\u00f3n deber\u00e1 ser anticipada<\/strong> en los primeros a\u00f1os y ser\u00e1 necesario encontrar el <strong>equilibrio adecuado entre subvenciones y pr\u00e9stamos.<\/strong>[\/vc_column_text][\/vc_column][\/vc_row]<\/p>\n<\/section>","protected":false},"excerpt":{"rendered":"<p>[vc_row][vc_column][vc_column_text]El Consejo Europeo ha establecido una hoja de ruta conjunta para la recuperaci\u00f3n que establece algunos principios importantes, como la solidaridad, la cohesi\u00f3n y la convergencia, y define cuatro \u00e1mbitos de actuaci\u00f3n principales: un mercado \u00fanico plenamente operativo, un esfuerzo inversor sin precedentes, una actuaci\u00f3n global y un sistema de gobernanza operativo.[\/vc_column_text][\/vc_column][\/vc_row][vc_row][vc_column width=\u00bb1\/4&#8243;][\/vc_column][vc_column width=\u00bb1\/2&#8243;][\/vc_column][vc_column width=\u00bb1\/4&#8243;][\/vc_column][\/vc_row][vc_row][vc_column][vc_column_text]Tras la reuni\u00f3n del Eurogrupo en composici\u00f3n ampliada de 9 de abril de 2020, el Consejo Europeo ha refrendado el acuerdo sobre tres importantes redes de seguridad para los trabajadores, las empresas y los Estados, que supone un paquete por valor de 000 millones de euros. Estos fondos deber\u00e1n estar operativos el 1 de junio de 2020. Asimismo, el Consejo Europeo ha alcanzado un acuerdo para trabajar en pro del establecimiento de un fondo de recuperaci\u00f3n, necesario y urgente, que deber\u00e1 ser de una magnitud suficiente, ir dirigido a los sectores y zonas geogr\u00e1ficas m\u00e1s afectados de Europa y ser espec\u00edfico para abordar esta crisis sin precedentes. La CE deber\u00e1 realizar una evaluaci\u00f3n exhaustiva del impacto de la crisis en la econom\u00eda europea en general, en los Estados miembros (EEMM) y en algunos sectores espec\u00edficos para presentar urgentemente una propuesta para la recuperaci\u00f3n. Esta propuesta tendr\u00e1 [&hellip;]<\/p>\n","protected":false},"author":10,"featured_media":87433,"comment_status":"closed","ping_status":"closed","sticky":false,"template":"","format":"standard","meta":{"_links_to":"","_links_to_target":""},"categories":[2735,114,4203,72],"tags":[2292,2290,3041,3023,3024,3042],"acf":[],"wps_subtitle":"Ha ratificado el acuerdo sobre tres importantes redes de seguridad para los trabajadores, las empresas y los Estados, que supone un paquete por valor de 540.000 millones de euros","_links":{"self":[{"href":"https:\/\/www.foment.com\/es\/wp-json\/wp\/v2\/posts\/87448"}],"collection":[{"href":"https:\/\/www.foment.com\/es\/wp-json\/wp\/v2\/posts"}],"about":[{"href":"https:\/\/www.foment.com\/es\/wp-json\/wp\/v2\/types\/post"}],"author":[{"embeddable":true,"href":"https:\/\/www.foment.com\/es\/wp-json\/wp\/v2\/users\/10"}],"replies":[{"embeddable":true,"href":"https:\/\/www.foment.com\/es\/wp-json\/wp\/v2\/comments?post=87448"}],"version-history":[{"count":1,"href":"https:\/\/www.foment.com\/es\/wp-json\/wp\/v2\/posts\/87448\/revisions"}],"predecessor-version":[{"id":103459,"href":"https:\/\/www.foment.com\/es\/wp-json\/wp\/v2\/posts\/87448\/revisions\/103459"}],"wp:featuredmedia":[{"embeddable":true,"href":"https:\/\/www.foment.com\/es\/wp-json\/wp\/v2\/media\/87433"}],"wp:attachment":[{"href":"https:\/\/www.foment.com\/es\/wp-json\/wp\/v2\/media?parent=87448"}],"wp:term":[{"taxonomy":"category","embeddable":true,"href":"https:\/\/www.foment.com\/es\/wp-json\/wp\/v2\/categories?post=87448"},{"taxonomy":"post_tag","embeddable":true,"href":"https:\/\/www.foment.com\/es\/wp-json\/wp\/v2\/tags?post=87448"}],"curies":[{"name":"wp","href":"https:\/\/api.w.org\/{rel}","templated":true}]}}