{"id":87858,"date":"2020-04-28T14:36:48","date_gmt":"2020-04-28T12:36:48","guid":{"rendered":"https:\/\/www.foment.com\/?p=87858"},"modified":"2020-04-28T17:04:53","modified_gmt":"2020-04-28T15:04:53","slug":"el-hundimiento-empleo-requiere-facilitar-adopcion-erte-para-evitar-mayor-extinciones-contratos-posibles","status":"publish","type":"post","link":"https:\/\/www.foment.com\/es\/el-hundimiento-empleo-requiere-facilitar-adopcion-erte-para-evitar-mayor-extinciones-contratos-posibles\/","title":{"rendered":"El hundimiento del empleo requiere facilitar la adopci\u00f3n de los ERTE para evitar el mayor n\u00famero de extinciones de contratos posible"},"content":{"rendered":"<ul>\n<li><em>En el primer trimestre de 2020, como consecuencia de la declaraci\u00f3n del estado de alarma (Reales Decretos 463\/2020 y 487\/2020) motivado por la pandemia del COVID-19, el tama\u00f1o muestral de las primeras entrevistas de EPA en las semanas 11 a 13 ha sido inferior al de otros trimestres, por lo que los coeficientes de variaci\u00f3n de las estimaciones m\u00e1s desagregadas pueden ser superiores a lo habitual<\/em><em>.<\/em><\/li>\n<\/ul>\n<ul>\n<li><em>La consideraci\u00f3n de los trabajadores afectados por ERTE en la EPA es acorde con las recomendaciones de la Organizaci\u00f3n Internacional del Trabajo (OIT) y de la Oficina Estad\u00edstica de la Uni\u00f3n Europea (EUROSTAT).<\/em><\/li>\n<\/ul>\n<p style=\"padding-left: 40px;\"><em>En concreto, los afectados con suspensi\u00f3n de empleo se clasifican como ocupados cuando dicha suspensi\u00f3n sea inferior a tres meses. Si es superior o igual a ese periodo y el trabajador contin\u00faa percibiendo al menos el 50% del salario, tambi\u00e9n sigue consider\u00e1ndose ocupado en la encuesta. <\/em><\/p>\n<p style=\"padding-left: 40px;\"><em>En el caso que nos ocupa la suspensi\u00f3n se prolonga hasta el final del estado de alarma, por lo que su duraci\u00f3n, para todos los ERTE iniciados hasta el 31 de marzo, es inferior a tres meses. Por tanto, los trabajadores afectados por un ERTE por causa del COVID-19 con suspensi\u00f3n de empleo se consideran ocupados a efectos de su clasificaci\u00f3n en la EPA del primer trimestre. <\/em><\/p>\n<p style=\"padding-left: 40px;\"><em>Por su parte, los trabajadores afectados por un ERTE con reducci\u00f3n de jornada son ocupados, reflej\u00e1ndose dicha reducci\u00f3n en las horas de trabajo realizadas.<\/em><\/p>\n<ul>\n<li><em>En la actual situaci\u00f3n de alarma, en la que se ha producido el cese de muchas actividades y el confinamiento de la poblaci\u00f3n, es posible que muchos trabajadores que hayan perdido su empleo no puedan utilizar ning\u00fan m\u00e9todo de b\u00fasqueda por estar cerradas las empresas que podr\u00edan contratarles o imposibilitados de ejercer su actividad como aut\u00f3nomos o que no puedan incorporarse a un hipot\u00e9tico trabajo por tener que permanecer en casa cuidando de las personas dependientes de la familia (ni\u00f1os, ancianos, personas con discapacidad, etc.).<\/em><\/li>\n<\/ul>\n<p><em>El incumplimiento de alguna de estas dos condiciones de la definici\u00f3n de paro -b\u00fasqueda de empleo y disponibilidad para trabajar- determina que la persona no se clasifique como parada en la EPA sino como inactiva, lo que puede contribuir al incremento de la categor\u00eda de inactivos en este trimestre.<\/em><\/p>\n<ul>\n<li><em>La declaraci\u00f3n del estado de alarma ha tenido importantes repercusiones sobre la EPA del primer trimestre de 2020, tanto en la realizaci\u00f3n de entrevistas como en las variables medidas. Aunque los efectos del COVID-19 s\u00f3lo se han manifestado desde la semana 11 de las 13 de referencia de este trimestre, varios aspectos de la encuesta se han visto afectados (datos a nivel estatal)<\/em>:<\/li>\n<\/ul>\n<ol>\n<li style=\"list-style-type: none;\">\n<ol>\n<li><em>La ocupaci\u00f3n ha bajado en 285.600 personas en el primer trimestre. Pero hay que tener en cuenta que esta cifra no incluye a los afectados por un ERTE con suspensi\u00f3n de empleo que, seg\u00fan la metodolog\u00eda de la EPA, se consideran ocupados mientras dicha suspensi\u00f3n sea inferior a tres meses. <\/em><\/li>\n<li><em>En cambio, la suspensi\u00f3n o la reducci\u00f3n de jornada de los trabajadores afectados por un ERTE, junto con la influencia de otros tipos de ausencias al trabajo, s\u00ed ha tenido reflejo en las horas efectivas de trabajo realizadas, que han disminuido un 4,25% respecto al cuarto trimestre de 2019. <\/em><\/li>\n<li><em>Por su parte, el paro ha aumentado en 121.000 personas. No obstante, es probable que muchos trabajadores que hayan perdido su empleo se hayan clasificado como inactivos (su n\u00famero ha crecido en 257.500 este trimestre) debido a que no han podido cumplir con las condiciones de b\u00fasqueda de trabajo que la definici\u00f3n de paro de la EPA determina para que sean considerados parados. <\/em><\/li>\n<\/ol>\n<\/li>\n<\/ol>\n<p>En Catalu\u00f1a, el n\u00famero de parados seg\u00fan la Encuesta de la Poblaci\u00f3n Activa del 1\u00ba trimestre de 2020 sit\u00faa la tasa de paro en Catalu\u00f1a en un 10,66% (0,21 puntos m\u00e1s que el trimestre anterior, que fue del 10,45%),\u00a0 situando el n\u00famero total de parados en 411.600 personas.<\/p>\n<p>En Catalu\u00f1a desciende el n\u00famero de ocupados en 27.000 personas, respecto el \u00faltimo trimestre del a\u00f1o. Interanualmente, la ocupaci\u00f3n ha aumentado en 60.200 \u00a0personas (1,77%)<\/p>\n<p><strong>Foment del Treball Nacional valora negativamente los datos de la EPA correspondientes al 1er trimestre de 2020 que revelan el inicio de la p\u00e9rdida de empleo que est\u00e1 sufriendo el mercado laboral con una ca\u00edda de 27.000 ocupados en Catalu\u00f1a y 280.000 en el global de Espa\u00f1a. <\/strong><\/p>\n<p><strong>Sin embargo, las cifras publicadas aun siendo muy negativas, no reflejan el aut\u00e9ntico impacto que se est\u00e1 produciendo en el empleo puesto que los afectados por ERTES derivados del COVID-19 (en estos momentos m\u00e1s de 4 millones en Espa\u00f1a y 695.000 en Catalu\u00f1a) se clasifican como ocupados a efectos de estad\u00edsticas. <\/strong><\/p>\n<p><strong>Asimismo, la actual situaci\u00f3n de alarma provoca que muchos trabajadores que hayan perdido su empleo se clasifiquen como inactivos al no poder cumplir con las condiciones de b\u00fasqueda de empleo exigidas para que se consideren parados. <\/strong><\/p>\n<p><strong>Se deber\u00e1 esperar a los datos de los pr\u00f3ximos meses para disponer de una foto m\u00e1s exacta de la magnitud real de la destrucci\u00f3n de empleo. <\/strong><\/p>\n<p><strong>Tanto el Gobierno Central, como los diferentes grupos pol\u00edticos en la tramitaci\u00f3n parlamentaria de los diversos Proyectos de Ley derivados de los diferentes RDL convalidados, han de ser conscientes de la imperiosa necesidad de facilitar la adopci\u00f3n de los ERTE para evitar el mayor n\u00famero de extinciones de contratos posible. Por ello, es imprescindible que se adopten medidas como las pr\u00f3rrogas de los ERTE en los t\u00e9rminos actuales m\u00e1s all\u00e1 de la finalizaci\u00f3n del estado de alarma y mientras las empresas se encuentren en una situaci\u00f3n en la que persista la suspensi\u00f3n o cancelaci\u00f3n de actividades, o una afectaci\u00f3n en su nivel de actividad o una p\u00e9rdida de facturaci\u00f3n. Asimismo, deben aprobarse temporalmente una serie de medidas fiscales y respecto a las cotizaciones sociales que aporten ox\u00edgeno a las empresas, as\u00ed como mecanismos de flexibilizaci\u00f3n de las condiciones laborales que permitan la adaptaci\u00f3n de los recursos humanos de las empresas a las complejas casu\u00edsticas con las que se van a encontrar. <\/strong><\/p>\n<p><strong>Ha de exigirse tanto al Gobierno como a la totalidad de los grupos parlamentarios la m\u00e1xima responsabilidad y celeridad en la adopci\u00f3n de las medidas expuestas, para salvaguardar el empleo y evitar, en la medida de lo posible, que las empresas se vean abocadas a acometer despidos, ERE o procedimientos concursales. <\/strong><\/p>\n<p>En Catalu\u00f1a, los datos expuestos por la Encuesta de Poblaci\u00f3n Activa, suponen un incremento del n\u00famero de parados en 5.800 personas respecto del trimestre anterior (1,44%), y en relaci\u00f3n con el mismo trimestre del a\u00f1o 2019, ha habido un descenso en -34.900 parados (-7,82% de variaci\u00f3n interanual). \u00a0El n\u00famero de ocupados en Catalu\u00f1a desciende en 27.000 personas (-0,78%) respecto al trimestre anterior y aumenta en 60.200 ocupados respecto al a\u00f1o anterior (1,77%).<\/p>\n<p>La poblaci\u00f3n activa en Catalu\u00f1a disminuye en 21.100 personas (-0,54%) en relaci\u00f3n al trimestre anterior, situ\u00e1ndose en 3.862.800, y en relaci\u00f3n al mismo trimestre del a\u00f1o anterior, la poblaci\u00f3n activa se ha incrementado en 25.200 personas (0,66%). La poblaci\u00f3n inactiva se ha incrementado respecto el trimestre anterior en 31.500 personas (+1,30%).<\/p>\n<p style=\"text-align: center;\"><strong>Catalu\u00f1a: evoluci\u00f3n 2007-2020 de la tasa de desempleo seg\u00fan datos de la EPA<\/strong><\/p>\n<div id=\"attachment_87859\" style=\"width: 666px\" class=\"wp-caption aligncenter\"><a href=\"https:\/\/www.foment.com\/wp-content\/uploads\/2020\/04\/greafico-1.png\"><img aria-describedby=\"caption-attachment-87859\" loading=\"lazy\" class=\"size-full wp-image-87859\" src=\"https:\/\/www.foment.com\/wp-content\/uploads\/2020\/04\/greafico-1.png\" alt=\"\" width=\"656\" height=\"326\" \/><\/a><p id=\"caption-attachment-87859\" class=\"wp-caption-text\">Fuente: Elaboraci\u00f3n propia a partir de los datos de la EPA<\/p><\/div>\n<p>Igualmente, la tendencia del n\u00famero de parados desde el a\u00f1o 2007 fue de crecimiento continuo, pasando de los 250.700 en el 1\u00ba trimestre de 2007 a los 949.000 de nivel m\u00e1ximo en el 1\u00ba trimestre de 2013. Sin embargo, el primer trimestre del a\u00f1o 2014 supuso una interrupci\u00f3n de esta evoluci\u00f3n, toda vez que disminuy\u00f3 el n\u00famero de parados, a nivel interanual, en 108.800 personas en el primer trimestre, en el segundo trimestre disminuy\u00f3 en 138.600 personas, en el tercer\u00a0 trimestre el descenso fue de 149.300 personas, y el \u00faltimo trimestre el descenso fue de 83.000 personas. Este trimestre el descenso a nivel interanual ha sido de 34.900 personas.<\/p>\n<p style=\"text-align: center;\"><strong>Catalu\u00f1a: evoluci\u00f3n 2007-2020 del n\u00famero de parados seg\u00fan la EPA<\/strong><\/p>\n<div id=\"attachment_87865\" style=\"width: 655px\" class=\"wp-caption aligncenter\"><a href=\"https:\/\/www.foment.com\/wp-content\/uploads\/2020\/04\/greafico-2.png\"><img aria-describedby=\"caption-attachment-87865\" loading=\"lazy\" class=\"size-full wp-image-87865\" src=\"https:\/\/www.foment.com\/wp-content\/uploads\/2020\/04\/greafico-2.png\" alt=\"\" width=\"645\" height=\"270\" \/><\/a><p id=\"caption-attachment-87865\" class=\"wp-caption-text\">Fuente: Elaboraci\u00f3n propia a partir de los datos de la EPA<\/p><\/div>\n<p>&nbsp;<\/p>\n<p><strong><u>A nivel estatal<\/u>,<\/strong> el n\u00famero de desempleados se sit\u00faa <strong>3.313.000 personas, habi\u00e9ndose incrementado la tasa de paro 0,63 puntos <\/strong>situ\u00e1ndose en un 14,41% en este trimestre, aumentando el n\u00famero de parados en 121.000 personas este trimestre. Por otro lado, el n\u00famero de ocupados se reduce en 285.600 personas este trimestre respecto al trimestre anterior (-1,43%) y se sit\u00faa en 19.681.300. En t\u00e9rminos interanuales el empleo ha aumentado en 210.100 personas en el \u00faltimo a\u00f1o (1,08%).<\/p>\n<p>Respecto a la tasa de desempleo, la evoluci\u00f3n ha sido muy similar, tanto en los periodos de incremento del desempleo como en los de disminuci\u00f3n del mismo, si bien, la tasa de desempleo en Catalu\u00f1a se muestra siempre por debajo que la del conjunto de Espa\u00f1a, como se visualiza en el siguiente gr\u00e1fico:<\/p>\n<div id=\"attachment_87869\" style=\"width: 643px\" class=\"wp-caption aligncenter\"><a href=\"https:\/\/www.foment.com\/wp-content\/uploads\/2020\/04\/greafico-3.png\"><img aria-describedby=\"caption-attachment-87869\" loading=\"lazy\" class=\"size-full wp-image-87869\" src=\"https:\/\/www.foment.com\/wp-content\/uploads\/2020\/04\/greafico-3.png\" alt=\"\" width=\"633\" height=\"295\" \/><\/a><p id=\"caption-attachment-87869\" class=\"wp-caption-text\">Fuente: Elaboraci\u00f3n propia a partir de los datos de la EPA<\/p><\/div>\n<p>&nbsp;<\/p>\n<p>A nivel estatal, los datos expuestos por la Encuesta de Poblaci\u00f3n Activa, suponen un incremento del n\u00famero de parados de 121.000 personas respecto del trimestre anterior (un 3,79%), y en relaci\u00f3n con el mismo trimestre del a\u00f1o 2019, hay 41.300 parados menos \u00a0(-1,23% de variaci\u00f3n interanual). La poblaci\u00f3n inactiva se ha incrementado en 257.500 personas.<\/p>\n<p>&nbsp;<\/p>\n<p style=\"text-align: center;\"><strong>Espa\u00f1a: Evoluci\u00f3n del n\u00famero de desempleados 2007-2020<\/strong><\/p>\n<div id=\"attachment_87873\" style=\"width: 676px\" class=\"wp-caption aligncenter\"><a href=\"https:\/\/www.foment.com\/wp-content\/uploads\/2020\/04\/greafico4.png\"><img aria-describedby=\"caption-attachment-87873\" loading=\"lazy\" class=\"size-full wp-image-87873\" src=\"https:\/\/www.foment.com\/wp-content\/uploads\/2020\/04\/greafico4.png\" alt=\"\" width=\"666\" height=\"329\" \/><\/a><p id=\"caption-attachment-87873\" class=\"wp-caption-text\">Fuente: Elaboraci\u00f3n propia a partir de los datos de la EPA<\/p><\/div>\n<p>&nbsp;<\/p>\n<p style=\"text-align: center;\"><strong>ANEXO: tablas<a href=\"#_ftn1\" name=\"_ftnref1\">[1]<\/a><\/strong><\/p>\n<p style=\"text-align: center;\"><strong>Evoluci\u00f3n tasa de desempleo 2007-2020:<br \/>\n<\/strong><\/p>\n<p><a href=\"https:\/\/www.foment.com\/wp-content\/uploads\/2020\/04\/tabla-1.png\"><img loading=\"lazy\" class=\"size-full wp-image-87876 aligncenter\" src=\"https:\/\/www.foment.com\/wp-content\/uploads\/2020\/04\/tabla-1.png\" alt=\"\" width=\"379\" height=\"474\" \/><\/a><\/p>\n<p>&nbsp;<\/p>\n<p style=\"text-align: center;\"><strong>Evoluci\u00f3n n\u00famero de personas desempleadas 2007-2020:<\/strong><a href=\"https:\/\/www.foment.com\/wp-content\/uploads\/2020\/04\/tabla-2.png\"><img loading=\"lazy\" class=\"size-full wp-image-87879 aligncenter\" src=\"https:\/\/www.foment.com\/wp-content\/uploads\/2020\/04\/tabla-2.png\" alt=\"\" width=\"367\" height=\"449\" \/><\/a><\/p>\n<p><a href=\"#_ftnref1\" name=\"_ftn1\">[1]<\/a> Datos actualizados seg\u00fan base poblacional 2011<\/p>\n","protected":false},"excerpt":{"rendered":"<p>En el primer trimestre de 2020, como consecuencia de la declaraci\u00f3n del estado de alarma (Reales Decretos 463\/2020 y 487\/2020) motivado por la pandemia del COVID-19, el tama\u00f1o muestral de las primeras entrevistas de EPA en las semanas 11 a 13 ha sido inferior al de otros trimestres, por lo que los coeficientes de variaci\u00f3n de las estimaciones m\u00e1s desagregadas pueden ser superiores a lo habitual. La consideraci\u00f3n de los trabajadores afectados por ERTE en la EPA es acorde con las recomendaciones de la Organizaci\u00f3n Internacional del Trabajo (OIT) y de la Oficina Estad\u00edstica de la Uni\u00f3n Europea (EUROSTAT). En concreto, los afectados con suspensi\u00f3n de empleo se clasifican como ocupados cuando dicha suspensi\u00f3n sea inferior a tres meses. Si es superior o igual a ese periodo y el trabajador contin\u00faa percibiendo al menos el 50% del salario, tambi\u00e9n sigue consider\u00e1ndose ocupado en la encuesta. En el caso que nos ocupa la suspensi\u00f3n se prolonga hasta el final del estado de alarma, por lo que su duraci\u00f3n, para todos los ERTE iniciados hasta el 31 de marzo, es inferior a tres meses. Por tanto, los trabajadores afectados por un ERTE por causa del COVID-19 con suspensi\u00f3n de empleo se consideran [&hellip;]<\/p>\n","protected":false},"author":7,"featured_media":87899,"comment_status":"closed","ping_status":"closed","sticky":false,"template":"","format":"standard","meta":{"_links_to":"","_links_to_target":""},"categories":[2735,114,73],"tags":[306,3054,3055,299,3053,2849,1556],"acf":[],"wps_subtitle":"Es imprescindible que se adopten temporalmente medidas como las pr\u00f3rrogas de los ERTE, medidas fiscales y respecto a las cotizaciones sociales que aporten ox\u00edgeno a las empresas, as\u00ed como mecanismos de flexibilizaci\u00f3n de las condiciones laborales","_links":{"self":[{"href":"https:\/\/www.foment.com\/es\/wp-json\/wp\/v2\/posts\/87858"}],"collection":[{"href":"https:\/\/www.foment.com\/es\/wp-json\/wp\/v2\/posts"}],"about":[{"href":"https:\/\/www.foment.com\/es\/wp-json\/wp\/v2\/types\/post"}],"author":[{"embeddable":true,"href":"https:\/\/www.foment.com\/es\/wp-json\/wp\/v2\/users\/7"}],"replies":[{"embeddable":true,"href":"https:\/\/www.foment.com\/es\/wp-json\/wp\/v2\/comments?post=87858"}],"version-history":[{"count":0,"href":"https:\/\/www.foment.com\/es\/wp-json\/wp\/v2\/posts\/87858\/revisions"}],"wp:featuredmedia":[{"embeddable":true,"href":"https:\/\/www.foment.com\/es\/wp-json\/wp\/v2\/media\/87899"}],"wp:attachment":[{"href":"https:\/\/www.foment.com\/es\/wp-json\/wp\/v2\/media?parent=87858"}],"wp:term":[{"taxonomy":"category","embeddable":true,"href":"https:\/\/www.foment.com\/es\/wp-json\/wp\/v2\/categories?post=87858"},{"taxonomy":"post_tag","embeddable":true,"href":"https:\/\/www.foment.com\/es\/wp-json\/wp\/v2\/tags?post=87858"}],"curies":[{"name":"wp","href":"https:\/\/api.w.org\/{rel}","templated":true}]}}