{"id":88093,"date":"2020-04-29T12:59:38","date_gmt":"2020-04-29T10:59:38","guid":{"rendered":"https:\/\/www.foment.com\/foment-proposa-la-collaboracio-publico-privada-per-una-barcelona-referent-mundial-de-la-salut-i-de-la-innovacio-a-la-gestio-de-laigua\/"},"modified":"2020-04-29T14:41:37","modified_gmt":"2020-04-29T12:41:37","slug":"foment-propone-la-colaboracion-publico-privada-por-una-barcelona-referente-mundial-de-la-salud-y-de-la-innovacion-en-la-gestion-del-agua","status":"publish","type":"post","link":"https:\/\/www.foment.com\/es\/foment-propone-la-colaboracion-publico-privada-por-una-barcelona-referente-mundial-de-la-salud-y-de-la-innovacion-en-la-gestion-del-agua\/","title":{"rendered":"Foment propone la colaboraci\u00f3n p\u00fablicoprivada por una Barcelona referente mundial de la salud y de la innovaci\u00f3n en la gesti\u00f3n del agua"},"content":{"rendered":"<ul>\n<li><strong>S\u00e1nchez Llibre prioriza a corto plazo recuperar la actividad econ\u00f3mica y empresarial y avanzar hacia una ciudad segura y atractiva para el turismo internacional de calidad.<\/strong><\/li>\n<\/ul>\n<p>El presidente de Foment del Treball,<strong> Josep S\u00e1nchez Llibre<\/strong>, defendi\u00f3 ayer, en la primera reuni\u00f3n del Pacto por Barcelona convocada por el Ayuntamiento para afrontar la crisis ante el Covid 19, que es esencial impulsar la actividad econ\u00f3mica del comercio, la restauraci\u00f3n, la hosteler\u00eda, la cultura y los deportes lo antes posible\u00a0 y siempre con el estricto cumplimiento de las medidas de protecci\u00f3n y sanitarias. <b>Durante su intervenci\u00f3n en el encuentro telem\u00e1tico del Pacto por Barcelona el presidente de Foment ha explicado que, una vez se haya superado la pandemia, es imprescindible trabajar con objetivos a largo plazo, objetivos que requieren la colaboraci\u00f3n p\u00fablicoprivada. Los dos retos que Barcelona tiene posibilidad de ganar son, consolidar la ciudad para la investigaci\u00f3n y la innovaci\u00f3n y proyectar la como referente mundial de la sanidad, por un lado, y de la innovaci\u00f3n en la gesti\u00f3n del agua, por el otro.<\/b><\/p>\n<p>Recuperar la ocupaci\u00f3n, volver al trabajo y el cumplimiento de las medidas de seguridad son los retos m\u00e1s inmediatos de la ciudad y por los que tienen que trabajar todos los agentes econ\u00f3micos, institucionales y culturales de la ciudad con el apoyo activo y la total complicidad del Ayuntamiento de Barcelona.<\/p>\n<p><strong><span style=\"color: #c1002b;\">Fiscalidad, medidas a corto plazo<\/span><\/strong><\/p>\n<p>La exoneraci\u00f3n y\/o el aplazamiento de todas las tasas fiscales es la primera de todas las medidas extraordinarias que hay que implementar, para lograr el objetivo de recuperar lo antes posible la actividad econ\u00f3mica y la ocupaci\u00f3n, en un contexto de concertaci\u00f3n social entre empresarios y trabajadores, entre patronales y sindicatos.<\/p>\n<p>Adem\u00e1s de garantizar los servicios sociales con el nivel que se ha logrado durante las \u00faltimas d\u00e9cadas para el bienestar de la ciudadan\u00eda, es un objetivo importante la promoci\u00f3n internacional de Barcelona como destino tur\u00edstico de calidad. La pol\u00edtica fiscal que se marque en este sentido ser\u00e1 fundamental y decidir\u00e1 el futuro del sector tur\u00edstico muy castigado por la crisis del coronavirus.<\/p>\n<p><strong><span style=\"color: #c1002b;\">Colaboraci\u00f3n p\u00fablicoprivada<\/span><\/strong><br \/>\nA partir de la recuperaci\u00f3n de la actividad y la \u201dnueva normalidad\u201d es fundamental reforzar la colaboraci\u00f3n publicoprivada para conseguir que Barcelona sea la ciudad de referencia mundial en el \u00e1mbito sanitario, para la innovaci\u00f3n de la investigaci\u00f3n cient\u00edfica y la estrecha colaboraci\u00f3n de la investigaci\u00f3n, la empresa y la universidad.<\/p>\n<p><strong><span style=\"color: #c1002b;\">Capital internacional del agua<\/span><\/strong><br \/>\nPor \u00faltimo, el presidente de Foment, Josep S\u00e1nchez Llibre, ha defendido tambi\u00e9n que Barcelona sea la capital internacional de la agua y reconocida por la innovaci\u00f3n de la gesti\u00f3n y con la colaboraci\u00f3n p\u00fablicoprivada con Aig\u00fces de Barcelona<\/p>\n","protected":false},"excerpt":{"rendered":"<p>S\u00e1nchez Llibre prioriza a corto plazo recuperar la actividad econ\u00f3mica y empresarial y avanzar hacia una ciudad segura y atractiva para el turismo internacional de calidad. El presidente de Foment del Treball, Josep S\u00e1nchez Llibre, defendi\u00f3 ayer, en la primera reuni\u00f3n del Pacto por Barcelona convocada por el Ayuntamiento para afrontar la crisis ante el Covid 19, que es esencial impulsar la actividad econ\u00f3mica del comercio, la restauraci\u00f3n, la hosteler\u00eda, la cultura y los deportes lo antes posible\u00a0 y siempre con el estricto cumplimiento de las medidas de protecci\u00f3n y sanitarias. Durante su intervenci\u00f3n en el encuentro telem\u00e1tico del Pacto por Barcelona el presidente de Foment ha explicado que, una vez se haya superado la pandemia, es imprescindible trabajar con objetivos a largo plazo, objetivos que requieren la colaboraci\u00f3n p\u00fablicoprivada. Los dos retos que Barcelona tiene posibilidad de ganar son, consolidar la ciudad para la investigaci\u00f3n y la innovaci\u00f3n y proyectar la como referente mundial de la sanidad, por un lado, y de la innovaci\u00f3n en la gesti\u00f3n del agua, por el otro. Recuperar la ocupaci\u00f3n, volver al trabajo y el cumplimiento de las medidas de seguridad son los retos m\u00e1s inmediatos de la ciudad y por los que tienen [&hellip;]<\/p>\n","protected":false},"author":7,"featured_media":88719,"comment_status":"closed","ping_status":"closed","sticky":false,"template":"","format":"standard","meta":{"_links_to":"","_links_to_target":""},"categories":[2735,114,68],"tags":[3071,3076,499,3073,3074,3075,626],"acf":[],"wps_subtitle":"En la reuni\u00f3n del Pacto por Barcelona convocada por el Ayuntamiento de la ciudad","_links":{"self":[{"href":"https:\/\/www.foment.com\/es\/wp-json\/wp\/v2\/posts\/88093"}],"collection":[{"href":"https:\/\/www.foment.com\/es\/wp-json\/wp\/v2\/posts"}],"about":[{"href":"https:\/\/www.foment.com\/es\/wp-json\/wp\/v2\/types\/post"}],"author":[{"embeddable":true,"href":"https:\/\/www.foment.com\/es\/wp-json\/wp\/v2\/users\/7"}],"replies":[{"embeddable":true,"href":"https:\/\/www.foment.com\/es\/wp-json\/wp\/v2\/comments?post=88093"}],"version-history":[{"count":0,"href":"https:\/\/www.foment.com\/es\/wp-json\/wp\/v2\/posts\/88093\/revisions"}],"wp:featuredmedia":[{"embeddable":true,"href":"https:\/\/www.foment.com\/es\/wp-json\/wp\/v2\/media\/88719"}],"wp:attachment":[{"href":"https:\/\/www.foment.com\/es\/wp-json\/wp\/v2\/media?parent=88093"}],"wp:term":[{"taxonomy":"category","embeddable":true,"href":"https:\/\/www.foment.com\/es\/wp-json\/wp\/v2\/categories?post=88093"},{"taxonomy":"post_tag","embeddable":true,"href":"https:\/\/www.foment.com\/es\/wp-json\/wp\/v2\/tags?post=88093"}],"curies":[{"name":"wp","href":"https:\/\/api.w.org\/{rel}","templated":true}]}}