{"id":88411,"date":"2020-04-30T16:18:43","date_gmt":"2020-04-30T14:18:43","guid":{"rendered":"https:\/\/www.foment.com\/sanchez-llibre-demana-transferencies-de-lestat-per-atendre-despeses-sanitaries-i-reactivar-leconomia\/"},"modified":"2020-04-30T16:57:24","modified_gmt":"2020-04-30T14:57:24","slug":"sanchez-llibre-pide-transferencias-del-estado-para-reactivar-economia","status":"publish","type":"post","link":"https:\/\/www.foment.com\/es\/sanchez-llibre-pide-transferencias-del-estado-para-reactivar-economia\/","title":{"rendered":"S\u00e1nchez Llibre pide transferencias del Estado para atender gastos sanitarios y reactivar la econom\u00eda"},"content":{"rendered":"<section class=\"wpb-content-wrapper\"><p>[vc_row][vc_column width=\u00bb1\/1&#8243;][vc_column_text]<\/p>\n<ul>\n<li>Las administraciones p\u00fablicas tienen que acelerar el gasto ante la ca\u00edda del PIB<\/li>\n<li>Es muy importante desarrollar un plan de choque potente y eficiente para poder mitigar los efectos de la crisis sanitaria en el \u00e1mbito econ\u00f3mico y dar un impulso general a la econom\u00eda<\/li>\n<li>De acuerdo con las estimaciones de la Generalitat de Catalu\u00f1a, el PIB de la econom\u00eda catalana podr\u00eda disminuir en 2020 entre un -7,6% y un -8,8%.<\/li>\n<\/ul>\n<p>[\/vc_column_text]<div class=\"spacer\" style=\"height: 40px;\"><\/div>[\/vc_column][\/vc_row][vc_row][vc_column width=\u00bb1\/3&#8243;][vc_column_text][\/vc_column_text][\/vc_column][vc_column width=\u00bb1\/3&#8243;]<a href=\"https:\/\/www.foment.com\/wp-content\/uploads\/2020\/04\/2020.04.30_Nota-d-Economia-Evolucio-economia-i-previsions-30-abril-2020-1.pdf\" target=\"_blank\" class=\"button color-3 small \" style=\"border-radius: 2px;\">Descarregar Informe <\/a><div class=\"spacer\" style=\"height: 40px;\"><\/div>[\/vc_column][vc_column width=\u00bb1\/3&#8243;][\/vc_column][\/vc_row][vc_row][vc_column width=\u00bb1\/1&#8243;][vc_column_text]Ante la ca\u00edda del PIB es necesaria una respuesta de pol\u00edtica econ\u00f3mica contundente que se refleje en una aceleraci\u00f3n del gasto en consumo de las administraciones p\u00fablicas. El presidente de Fomento del Trabajo, Josep S\u00e1nchez Llibre, ha apoyado la propuesta del vicepresidente de Econom\u00eda de la Generalitat de Catalunya, Pere Aragon\u00e9s, para crear el Fondo Covid-19. Es prioritario mutualizar, a trav\u00e9s de las finanzas del Estado, la solidaridad y las acciones con las CCAA y hacer frente a los gastos sanitarios, por un lado, y las espec\u00edficas de pol\u00edtica econ\u00f3mica, por el otro, v\u00eda transferencias a las CCAA desde el Estado, y no mediante cr\u00e9ditos.<\/p>\n<p>Foment del Treball ha publicado hoy \u00a0el informe econ\u00f3mico del 1er trimestre de 2020. El PIB de Espa\u00f1a se contrajo fuertemente. En t\u00e9rminos intertrimestrales, la tasa de variaci\u00f3n del PIB ha pasado del 0,4%, en el cuarto trimestre de 2019, hasta el -5,2% en el primer trimestre de 2020. En tasa interanual, la ca\u00edda fue del 4,1% ante el aumento del 1,8% del trimestre anterior. Esto implica una contracci\u00f3n de la econom\u00eda de pr\u00e1cticamente 6 puntos porcentuales. Respecto a Catalunya, el PIB de la econom\u00eda catalana podr\u00eda disminuir, 2020, entre un -7,6% y un -8,8%. Es decir, que la ca\u00edda del PIB ser\u00eda de aproximadamente de entre 19.000 y 22.500 millones de euros.<\/p>\n<p>El informe de econom\u00eda de Foment del Treball, apunta que las previsiones consideran tres escenarios: el escenario de referencia antes del estallido de la pandemia (E0), y dos escenarios que incorporan el deterioro de la actividad econ\u00f3mica derivado de la crisis sanitaria. En un escenario (E1) se asume una respuesta de pol\u00edtica econ\u00f3mica contundente que se refleja en una aceleraci\u00f3n del gasto en consumo de las administraciones p\u00fablicas. Y en el otro escenario m\u00e1s pesimista (E2), se asume una respuesta menos contundente de las autoridades fiscales, la que se traduce en efectos m\u00e1s permanentes de la crisis sobre el empleo y el tejido empresarial.<\/p>\n<p><strong>Ante este escenario, es muy importante desarrollar un plan de choque potente y eficiente para poder mitigar los efectos de la crisis sanitaria en el \u00e1mbito econ\u00f3mico y dar un impulso general a la econom\u00eda, considerando las medidas m\u00e1s id\u00f3neas para cada \u00e1mbito de actividad parcial. Sin embargo no ser\u00e1 posible volver a la velocidad crucero que ten\u00eda nuestra econom\u00eda antes de este shock, tal y como apunta el informe de Econom\u00eda del 1er trimestre de Foment del Treball.\u00a0<\/strong><\/p>\n<p><span style=\"color: #c1002b;\"><strong><a href=\"https:\/\/www.foment.com\/wp-content\/uploads\/2020\/04\/grafico-1.jpg\"><img loading=\"lazy\" class=\"aligncenter size-full wp-image-88391\" src=\"https:\/\/www.foment.com\/wp-content\/uploads\/2020\/04\/grafico-1.jpg\" alt=\"\" width=\"611\" height=\"262\" \/><\/a><\/strong><\/span><\/p>\n<p><span style=\"color: #c1002b;\"><strong>PIB en Espa\u00f1a<\/strong><\/span><\/p>\n<p>En relaci\u00f3n al empleo, en t\u00e9rminos de horas trabajadas, se observ\u00f3 una reducci\u00f3n del 5,0% respecto al \u00faltimo trimestre de 2019, y en tasa interanual la contracci\u00f3n fue del 4,2%.<\/p>\n<p>Desde la perspectiva de la demanda, la contribuci\u00f3n de la demanda nacional a la variaci\u00f3n del PIB fue de -4,3 puntos y, por otra parte, la demanda externa contribuy\u00f3 con 0,2 puntos ya que las importaciones cayeron m\u00e1s que las exportaciones. Concretamente, se redujeron tanto las exportaciones de bienes (del 2,0 al \u25004,7%) como de servicios (del 6,0% al \u25009,6%), y dentro de \u00e9stas, el gasto de no residentes en el territorio econ\u00f3mico baja 20,4 puntos (del 1,2% al \u250019,2%). Cabe destacar, adem\u00e1s, la fuerte ca\u00edda del consumo privado y de la inversi\u00f3n, y la aceleraci\u00f3n del gasto p\u00fablico.<\/p>\n<p>Desde la perspectiva de la oferta, todos los sectores se contrajeron. La construcci\u00f3n cay\u00f3 intensamente y el sector servicios se ve especialmente afectado con un gran descenso de su actividad.<\/p>\n<p><a href=\"https:\/\/www.foment.com\/wp-content\/uploads\/2020\/04\/grafico2.jpg\"><img loading=\"lazy\" class=\"aligncenter size-full wp-image-88388\" src=\"https:\/\/www.foment.com\/wp-content\/uploads\/2020\/04\/grafico2.jpg\" alt=\"\" width=\"639\" height=\"341\" \/><\/a><\/p>\n<p>Pel que fa als preus, al mes de mar\u00e7, la inflaci\u00f3 va ser del 0% i al mes d\u2019abril la taxa de variaci\u00f3 dels preus va ser negativa; del -0,7%. Aix\u00f2 s\u2019explica, principalment, per la caiguda dels preus dels carburants i combustibles.<\/p>\n<p>Cal destacar, que l\u2019INE ha creat un grup especial de bens COVID-1 (alimentaci\u00f3, begudes, tabac, neteja de la llar, menjar per a animals i cura personal). Els preus d\u2019aquest grup van pujar un 3,2% al mes de abril, es a dir, m\u00e9s d\u2019un punt respecte al mes de mar\u00e7. D\u2019altra banda, la variaci\u00f3 anual del grup especial serveis COVID-19 (serveis de lloguer d&#8217;habitatge i garatge, la distribuci\u00f3 d&#8217;aigua, clavegueram, recollida d&#8217;escombraries, despeses comunit\u00e0ries, electricitat, gas, gasoil per a calefacci\u00f3, serveis de telefonia, m\u00fasica i televisi\u00f3 en streaming, assegurances, comissions banc\u00e0ries i serveis funeraris) se situa a l&#8217;abril en el \u20134,3%, m\u00e9s d&#8217;un punt per sota de la registrada al mar\u00e7.<\/p>\n<p>&nbsp;<\/p>\n<p><span style=\"color: #c1002b;\"><strong>IPC<\/strong><\/span><\/p>\n<p>En cuanto a los precios, en el mes de marzo, la inflaci\u00f3n fue del 0% y el mes de abril la tasa de variaci\u00f3n de los precios fue negativa; del -0,7%. Esto se explica, principalmente, por la ca\u00edda de los precios de los carburantes y combustibles.<\/p>\n<p>Cabe destacar, que el INE ha creado un grupo especial de bienes Covidien-1 (alimentaci\u00f3n, bebidas, tabaco, limpieza del hogar, comida para animales y cuidado personal). Los precios de este grupo subieron un 3,2% en el mes de abril, es decir, m\u00e1s de un punto respecto al mes de marzo. Por otra parte, la variaci\u00f3n anual del grupo especial servicios Covidien-19 (servicios de alquiler de vivienda y garaje, la distribuci\u00f3n de agua, alcantarillado, recogida de basuras, gastos comunitarios, electricidad, gas, gas\u00f3leo para calefacci\u00f3n, servicios de telefon\u00eda, m\u00fasica y televisi\u00f3n en streaming, seguros, comisiones bancarias y servicios funerarios) se sit\u00faa en abril en el -4,3%, m\u00e1s de un punto por debajo de la registrada en marzo.<\/p>\n<p><a href=\"https:\/\/www.foment.com\/wp-content\/uploads\/2020\/04\/grafico-3.jpg\"><img loading=\"lazy\" class=\"aligncenter size-full wp-image-88385\" src=\"https:\/\/www.foment.com\/wp-content\/uploads\/2020\/04\/grafico-3.jpg\" alt=\"\" width=\"465\" height=\"284\" \/><\/a>[\/vc_column_text][\/vc_column][\/vc_row]<\/p>\n<\/section>","protected":false},"excerpt":{"rendered":"<p>[vc_row][vc_column width=\u00bb1\/1&#8243;][vc_column_text] Las administraciones p\u00fablicas tienen que acelerar el gasto ante la ca\u00edda del PIB Es muy importante desarrollar un plan de choque potente y eficiente para poder mitigar los efectos de la crisis sanitaria en el \u00e1mbito econ\u00f3mico y dar un impulso general a la econom\u00eda De acuerdo con las estimaciones de la Generalitat de Catalu\u00f1a, el PIB de la econom\u00eda catalana podr\u00eda disminuir en 2020 entre un -7,6% y un -8,8%. [\/vc_column_text][\/vc_column][\/vc_row][vc_row][vc_column width=\u00bb1\/3&#8243;][vc_column_text][\/vc_column_text][\/vc_column][vc_column width=\u00bb1\/3&#8243;][\/vc_column][vc_column width=\u00bb1\/3&#8243;][\/vc_column][\/vc_row][vc_row][vc_column width=\u00bb1\/1&#8243;][vc_column_text]Ante la ca\u00edda del PIB es necesaria una respuesta de pol\u00edtica econ\u00f3mica contundente que se refleje en una aceleraci\u00f3n del gasto en consumo de las administraciones p\u00fablicas. El presidente de Fomento del Trabajo, Josep S\u00e1nchez Llibre, ha apoyado la propuesta del vicepresidente de Econom\u00eda de la Generalitat de Catalunya, Pere Aragon\u00e9s, para crear el Fondo Covid-19. Es prioritario mutualizar, a trav\u00e9s de las finanzas del Estado, la solidaridad y las acciones con las CCAA y hacer frente a los gastos sanitarios, por un lado, y las espec\u00edficas de pol\u00edtica econ\u00f3mica, por el otro, v\u00eda transferencias a las CCAA desde el Estado, y no mediante cr\u00e9ditos. Foment del Treball ha publicado hoy \u00a0el informe econ\u00f3mico del 1er trimestre de 2020. El PIB de Espa\u00f1a [&hellip;]<\/p>\n","protected":false},"author":7,"featured_media":88404,"comment_status":"closed","ping_status":"closed","sticky":false,"template":"","format":"standard","meta":{"_links_to":"","_links_to_target":""},"categories":[2735,114,69],"tags":[769,2183,3027],"acf":[],"wps_subtitle":"Da apoyo a la propuesta  del  Vicepresidente de la Generalitat, Pere Aragon\u00e8s, para crear el Fondo COVID 19","_links":{"self":[{"href":"https:\/\/www.foment.com\/es\/wp-json\/wp\/v2\/posts\/88411"}],"collection":[{"href":"https:\/\/www.foment.com\/es\/wp-json\/wp\/v2\/posts"}],"about":[{"href":"https:\/\/www.foment.com\/es\/wp-json\/wp\/v2\/types\/post"}],"author":[{"embeddable":true,"href":"https:\/\/www.foment.com\/es\/wp-json\/wp\/v2\/users\/7"}],"replies":[{"embeddable":true,"href":"https:\/\/www.foment.com\/es\/wp-json\/wp\/v2\/comments?post=88411"}],"version-history":[{"count":0,"href":"https:\/\/www.foment.com\/es\/wp-json\/wp\/v2\/posts\/88411\/revisions"}],"wp:featuredmedia":[{"embeddable":true,"href":"https:\/\/www.foment.com\/es\/wp-json\/wp\/v2\/media\/88404"}],"wp:attachment":[{"href":"https:\/\/www.foment.com\/es\/wp-json\/wp\/v2\/media?parent=88411"}],"wp:term":[{"taxonomy":"category","embeddable":true,"href":"https:\/\/www.foment.com\/es\/wp-json\/wp\/v2\/categories?post=88411"},{"taxonomy":"post_tag","embeddable":true,"href":"https:\/\/www.foment.com\/es\/wp-json\/wp\/v2\/tags?post=88411"}],"curies":[{"name":"wp","href":"https:\/\/api.w.org\/{rel}","templated":true}]}}