{"id":89181,"date":"2020-05-05T15:48:49","date_gmt":"2020-05-05T13:48:49","guid":{"rendered":"https:\/\/www.foment.com\/prorroga-mesures-extraordinaries-laborals-fiscals-moderar-increment-atur-inici-desescalada\/"},"modified":"2020-05-05T17:40:26","modified_gmt":"2020-05-05T15:40:26","slug":"prorroga-medidas-extraordinarias-laborales-fiscales-moderar-incremento-paro-inicio-desescalada","status":"publish","type":"post","link":"https:\/\/www.foment.com\/es\/prorroga-medidas-extraordinarias-laborales-fiscales-moderar-incremento-paro-inicio-desescalada\/","title":{"rendered":"S\u00f3lo la pr\u00f3rroga de las medidas extraordinarias laborales y fiscales puede moderar el incremento del paro en el inicio de la desescalada"},"content":{"rendered":"<section class=\"wpb-content-wrapper\"><p>[vc_row][vc_column][vc_column_text]<\/p>\n<ul>\n<li><strong>Se debe facilitar la reanudaci\u00f3n de la actividad de aut\u00f3nomos y empresas en el proceso de desescalada teniendo en consideraci\u00f3n las aportaciones de los diferentes sectores implicados. <\/strong><\/li>\n<li><strong>El Gobierno y los grupos parlamentarios deben aprobar de forma urgente la pr\u00f3rroga, de lo contrario se multiplicar\u00e1n los despidos, ERE y concursos de acreedores.<\/strong><\/li>\n<\/ul>\n<p>El n\u00famero de desempleados en Catalu\u00f1a se ha incrementado este mes de abril en 50.763 personas (12,17%) respecto al mes anterior. En t\u00e9rminos interanuales, el paro registrado se ha incrementado en 86.212 personas (22,59%). Catalu\u00f1a es la segunda Comunidad Aut\u00f3noma, despu\u00e9s de Baleares (15,57%), en la que en t\u00e9rminos relativos a nivel mensual m\u00e1s se ha incrementado el n\u00famero de desempleados. A nivel interanual la variaci\u00f3n de este mes de abril es la peor\u00a0 desde febrero de 2010. De esta forma, el n\u00famero de desempleados en Catalu\u00f1a es de 467.810 personas. Respecto a la contrataci\u00f3n, se han efectuado menos contratos que el mes anterior (87.093 contratos menos), y se mantiene la dualidad entre los contratos temporales que representan el 87,50%, y los indefinidos que representan el 12,50% del total de contratos realizados en este mes.<\/p>\n<p>Este mes, y como novedad, se han incluido en los datos de afiliaci\u00f3n los relativos a trabajadores afectados por ERTES, siendo <strong>Catalu\u00f1a la Comunidad Aut\u00f3noma con m\u00e1s trabajadores afectados con un total de 678.684 personas (604.305 trabajadores por ERTES de fuerza mayor, y el resto, es decir, 74.379 por ERTES vinculados a causas econ\u00f3micas, organizativas, t\u00e9cnicas o de producci\u00f3n).<\/strong><\/p>\n<p><strong>Foment del Treball\u00a0 <\/strong>valora negativamente los datos de paro registrado correspondientes al mes de abril. Tanto los datos de paro, como de contratos y de afiliaci\u00f3n, eran esperados pero no por ello dejan de ser muy negativos y preocupantes.<\/p>\n<p>Desde Foment del Treball\u00a0 se insiste en la <strong>exigencia de responsabilidad al Gobierno y a la totalidad de los grupos parlamentarios para que se adopten medidas como las pr\u00f3rrogas de los ERTE en los t\u00e9rminos actuales m\u00e1s all\u00e1 de la finalizaci\u00f3n del estado de alarma mientras las empresas se encuentren en una situaci\u00f3n en la que persista la suspensi\u00f3n o cancelaci\u00f3n de actividades, o una afectaci\u00f3n en su nivel de actividad o una p\u00e9rdida de facturaci\u00f3n, as\u00ed como la adopci\u00f3n de medidas fiscales y respecto a las cotizaciones sociales. <\/strong><\/p>\n<p><strong>Tambi\u00e9n es clave que se introduzcan mecanismos de flexibilizaci\u00f3n de las condiciones laborales para adaptar los recursos humanos a las nuevas situaciones del mercado <\/strong>con las que se van a encontrar las empresas y que se facilite la reanudaci\u00f3n de la actividad de aut\u00f3nomos y empresas en el proceso de desescalada teniendo en consideraci\u00f3n las aportaciones de los diferentes sectores implicados.<\/p>\n<p><strong>Para salvaguardar el mayor n\u00famero de empresas y empleos es imprescindible que el Gobierno y los grupos parlamentarios aprueben de forma urgente las medidas expuestas, de lo contrario se multiplicar\u00e1n los despidos, ERE y concursos de acreedores.<\/strong>[\/vc_column_text]<div class=\"single_image wpb_content_element align-left    \" data-animation=\"none\" data-delay=\"0\"><img width=\"868\" height=\"428\" src=\"https:\/\/www.foment.com\/wp-content\/uploads\/2020\/05\/Grafic_1.jpg\" class=\"attachment-full\" alt=\"\" loading=\"lazy\" title=\"Grafic_1\" \/><\/div>[vc_column_text]La cifra del paro registrado en Catalu\u00f1a se sit\u00faa en 467.810 personas desempleadas.<\/p>\n<p>En t\u00e9rminos interanuales, del paro registrado del 22,59%, supone un incremento de 86.212 personas desempleadas m\u00e1s respecto del mismo mes del a\u00f1o anterior.[\/vc_column_text]<div class=\"single_image wpb_content_element align-left    \" data-animation=\"none\" data-delay=\"0\"><img width=\"840\" height=\"433\" src=\"https:\/\/www.foment.com\/wp-content\/uploads\/2020\/05\/Grafic_2.jpg\" class=\"attachment-full\" alt=\"\" loading=\"lazy\" title=\"Grafic_2\" \/><\/div>[vc_column_text]Respecto a la variaci\u00f3n mensual, en Catalu\u00f1a, en este mes de abril de 2020 el paro ha registrado un incremento de 50.763 personas desempleadas m\u00e1s respecto al mes anterior (un aumento del 12,17% en t\u00e9rminos relativos).[\/vc_column_text]<div class=\"single_image wpb_content_element align-left    \" data-animation=\"none\" data-delay=\"0\"><img width=\"877\" height=\"434\" src=\"https:\/\/www.foment.com\/wp-content\/uploads\/2020\/05\/Grafic_3.jpg\" class=\"attachment-full\" alt=\"\" loading=\"lazy\" title=\"Grafic_3\" \/><\/div>[vc_column_text]<strong>Por sectores<\/strong>, el incremento del\u00a0 paro registrado se concentra en el sector servicios (39.012), construcci\u00f3n (6.416), industria (4.847), personas sin empleo anterior (362) y agricultura (126).<\/p>\n<p><strong>Por provincias<\/strong>, el paro registrado se ha incrementado este mes de abril en todas las provincias. En\u00a0 Barcelona se ha incrementado en 36.550 personas, en Girona en 6.378 personas, en Lleida en 1.663 personas y en Tarragona en 6.172 personas. En t\u00e9rminos interanuales, el paro se incrementa en un 21,21% en Barcelona, un 30,04% en Girona, un 14,59% en Lleida y en un 29,11% en Tarragona.<\/p>\n<p>El paro registrado en cada provincia se sit\u00faa este mes de abril en 340.989 en Barcelona, 45.657 en Girona, 23.479 en Lleida y 57.685 en Tarragona.<\/p>\n<p><strong>Contrataci\u00f3n<\/strong>. Respecto al n\u00famero de contratos registrados durante el mes de abril en Catalu\u00f1a, el n\u00famero de contratos se sit\u00faa en 94.855 contratos, de los cuales 12,50% (11.853 contratos) lo han sido de car\u00e1cter indefinido, y el resto (87,50%, es decir, 83.002 contratos) han sido temporales. El n\u00famero de contratos registrados en Catalu\u00f1a ha disminuido en un 47,87% respecto al mes anterior (87.093 contratos menos) y un 64,72% menos respecto al mes de abril de 2019 (174.012 contratos menos).<\/p>\n<p>A nivel estatal el paro registrado se ha incrementado en 282.891 personas en relaci\u00f3n al mes anterior (7,97%). La cifra de paro a nivel estatal se sit\u00faa en el mes de abril de 2020 en 3.831.203\u00a0 personas\u00a0 (21,10% en t\u00e9rminos anuales).<\/p>\n<p><strong>Afiliaci\u00f3n.<\/strong><u> En Catalu\u00f1a<\/u>, el n\u00famero de afiliados a la Seguridad Social se ha situado en el mes de abril de 2020 en\u00a0 3.309.946 ocupados, lo que supone 89.846 ocupados menos respecto el mes de marzo de 2020 (-2,64%), y 133.968 ocupados menos respecto al mismo mes del a\u00f1o anterior (-3,89%).[\/vc_column_text]<div class=\"single_image wpb_content_element align-left    \" data-animation=\"none\" data-delay=\"0\"><img width=\"839\" height=\"456\" src=\"https:\/\/www.foment.com\/wp-content\/uploads\/2020\/05\/Grafic_4.jpg\" class=\"attachment-full\" alt=\"\" loading=\"lazy\" title=\"Grafic_4\" \/><\/div>[vc_column_text]<u>En \u00e1mbito estatal<\/u> el n\u00famero de afiliados a la Seguridad Social se ha situado en el mes de abril en 18.458.667 ocupados, lo que supone un descenso de 548.093 personas afiliadas respecto al mes anterior\u00a0 (-2,88%), y en t\u00e9rminos interanuales la afiliaci\u00f3n registr\u00f3 un descenso de 771.695 afiliados (-4,01%).[\/vc_column_text][\/vc_column][\/vc_row]<\/p>\n<\/section>","protected":false},"excerpt":{"rendered":"<p>[vc_row][vc_column][vc_column_text] Se debe facilitar la reanudaci\u00f3n de la actividad de aut\u00f3nomos y empresas en el proceso de desescalada teniendo en consideraci\u00f3n las aportaciones de los diferentes sectores implicados. El Gobierno y los grupos parlamentarios deben aprobar de forma urgente la pr\u00f3rroga, de lo contrario se multiplicar\u00e1n los despidos, ERE y concursos de acreedores. El n\u00famero de desempleados en Catalu\u00f1a se ha incrementado este mes de abril en 50.763 personas (12,17%) respecto al mes anterior. En t\u00e9rminos interanuales, el paro registrado se ha incrementado en 86.212 personas (22,59%). Catalu\u00f1a es la segunda Comunidad Aut\u00f3noma, despu\u00e9s de Baleares (15,57%), en la que en t\u00e9rminos relativos a nivel mensual m\u00e1s se ha incrementado el n\u00famero de desempleados. A nivel interanual la variaci\u00f3n de este mes de abril es la peor\u00a0 desde febrero de 2010. De esta forma, el n\u00famero de desempleados en Catalu\u00f1a es de 467.810 personas. Respecto a la contrataci\u00f3n, se han efectuado menos contratos que el mes anterior (87.093 contratos menos), y se mantiene la dualidad entre los contratos temporales que representan el 87,50%, y los indefinidos que representan el 12,50% del total de contratos realizados en este mes. Este mes, y como novedad, se han incluido en los datos de [&hellip;]<\/p>\n","protected":false},"author":10,"featured_media":89184,"comment_status":"closed","ping_status":"closed","sticky":false,"template":"","format":"standard","meta":{"_links_to":"","_links_to_target":""},"categories":[2735,114,73],"tags":[2589,3124,3101,1730,229,3125,228],"acf":[],"wps_subtitle":"Catalunya, la comunidad aut\u00f3noma m\u00e1s afectada por los ERTE de fuerza mayor o causas econ\u00f3micas y la segunda con m\u00e1s incremento del paro (22,59%) respecto al mes de abril del a\u00f1o anterior","_links":{"self":[{"href":"https:\/\/www.foment.com\/es\/wp-json\/wp\/v2\/posts\/89181"}],"collection":[{"href":"https:\/\/www.foment.com\/es\/wp-json\/wp\/v2\/posts"}],"about":[{"href":"https:\/\/www.foment.com\/es\/wp-json\/wp\/v2\/types\/post"}],"author":[{"embeddable":true,"href":"https:\/\/www.foment.com\/es\/wp-json\/wp\/v2\/users\/10"}],"replies":[{"embeddable":true,"href":"https:\/\/www.foment.com\/es\/wp-json\/wp\/v2\/comments?post=89181"}],"version-history":[{"count":0,"href":"https:\/\/www.foment.com\/es\/wp-json\/wp\/v2\/posts\/89181\/revisions"}],"wp:featuredmedia":[{"embeddable":true,"href":"https:\/\/www.foment.com\/es\/wp-json\/wp\/v2\/media\/89184"}],"wp:attachment":[{"href":"https:\/\/www.foment.com\/es\/wp-json\/wp\/v2\/media?parent=89181"}],"wp:term":[{"taxonomy":"category","embeddable":true,"href":"https:\/\/www.foment.com\/es\/wp-json\/wp\/v2\/categories?post=89181"},{"taxonomy":"post_tag","embeddable":true,"href":"https:\/\/www.foment.com\/es\/wp-json\/wp\/v2\/tags?post=89181"}],"curies":[{"name":"wp","href":"https:\/\/api.w.org\/{rel}","templated":true}]}}