{"id":89307,"date":"2020-05-06T21:54:07","date_gmt":"2020-05-06T19:54:07","guid":{"rendered":"https:\/\/www.foment.com\/arrencar-activitat-economica-tan-prioritari-com-rigor-proteccio-seguretat\/"},"modified":"2020-05-06T22:12:08","modified_gmt":"2020-05-06T20:12:08","slug":"arrencar-actividad-economica-tan-prioritario-como-rigor-proteccion-seguridad","status":"publish","type":"post","link":"https:\/\/www.foment.com\/es\/arrencar-actividad-economica-tan-prioritario-como-rigor-proteccion-seguridad\/","title":{"rendered":"Arrancar la actividad econ\u00f3mica es tan prioritario como el rigor en la protecci\u00f3n y la seguridad"},"content":{"rendered":"<ul>\n<li><strong>\u00a0<\/strong><strong>El cumplimiento estricto de los requisitos para superar cada fase ser\u00e1 letal para la economia en las grandes ciudades y por lo tanto, para todo el pa\u00eds.<\/strong><\/li>\n<li><strong>Aspirar a la protecci\u00f3n y seguridad, sin apenas riesgo, no es realista.<\/strong><\/li>\n<\/ul>\n<p>El cumplimiento estricto de cada uno de los requisitos para la superaci\u00f3n gradual de cada una de las fases del fin de confinamiento har\u00e1 pr\u00e1cticamente imposible arrancar la actividad econ\u00f3mica en las pr\u00f3ximas dos semanas en las principales ciudades y esto ser\u00e1 letal para la econom\u00eda, el conjunto del tejido empresarial y los sectores, en general, m\u00e1s productivos del pa\u00eds.<\/p>\n<p>Foment del Treball entiende que para ser muy estricto y riguroso en el cumplimiento de las condiciones y los indicadores que autorizan la superaci\u00f3n de cada fase es importante apelar a la responsabilidad de todos los ciudadanos, informar con realismo sobre la cr\u00edtica situaci\u00f3n econ\u00f3mica y no descargar toda la soluci\u00f3n del problema en la par\u00e1lisis casi absoluta de la econom\u00eda. Debemos enfocar el esfuerzo en c\u00f3mo arrancar la econom\u00eda con seguridad, y no en c\u00f3mo pararla.\u00a0 Para\u00a0 ello, es necesaria la informaci\u00f3n lo que implica trabajar con tests masivos, pero fiables.<\/p>\n<p>Por esta raz\u00f3n Foment del Treball, atendiendo y haciendo suyas todas las inquietudes del conjunto de sectores econ\u00f3micos de Catalunya, y con independencia de posicionamientos pol\u00edticos, quiere manifestar:<\/p>\n<ol>\n<li style=\"list-style-type: none;\">\n<ol>\n<li>Es necesario arrancar la econom\u00eda y regresar, con toda la precauci\u00f3n y responsabilidad, a la vida laboral.<\/li>\n<li>El impacto econ\u00f3mico y social ser\u00e1 muy dif\u00edcil de asumir y soportar seg\u00fan avancen las semanas. Cerrar\u00e1n cada d\u00eda m\u00e1s empresas y crecer\u00e1 a\u00fan m\u00e1s r\u00e1pidamente el paro.<\/li>\n<li>La capacidad de muchas familias y empresas\u00a0 para asumir los gastos corrientes se agotar\u00e1 en las pr\u00f3ximas semanas.<\/li>\n<li>Facilitar tests masivos y fiables para todoas las empresas y que \u00e9stas puedan tomar decisiones que valoren por igual la productividad y la salud de sus empleados, proveedores y clientes.<\/li>\n<\/ol>\n<\/li>\n<\/ol>\n","protected":false},"excerpt":{"rendered":"<p>\u00a0El cumplimiento estricto de los requisitos para superar cada fase ser\u00e1 letal para la economia en las grandes ciudades y por lo tanto, para todo el pa\u00eds. Aspirar a la protecci\u00f3n y seguridad, sin apenas riesgo, no es realista. El cumplimiento estricto de cada uno de los requisitos para la superaci\u00f3n gradual de cada una de las fases del fin de confinamiento har\u00e1 pr\u00e1cticamente imposible arrancar la actividad econ\u00f3mica en las pr\u00f3ximas dos semanas en las principales ciudades y esto ser\u00e1 letal para la econom\u00eda, el conjunto del tejido empresarial y los sectores, en general, m\u00e1s productivos del pa\u00eds. Foment del Treball entiende que para ser muy estricto y riguroso en el cumplimiento de las condiciones y los indicadores que autorizan la superaci\u00f3n de cada fase es importante apelar a la responsabilidad de todos los ciudadanos, informar con realismo sobre la cr\u00edtica situaci\u00f3n econ\u00f3mica y no descargar toda la soluci\u00f3n del problema en la par\u00e1lisis casi absoluta de la econom\u00eda. Debemos enfocar el esfuerzo en c\u00f3mo arrancar la econom\u00eda con seguridad, y no en c\u00f3mo pararla.\u00a0 Para\u00a0 ello, es necesaria la informaci\u00f3n lo que implica trabajar con tests masivos, pero fiables. Por esta raz\u00f3n Foment del Treball, atendiendo y haciendo [&hellip;]<\/p>\n","protected":false},"author":10,"featured_media":89305,"comment_status":"closed","ping_status":"closed","sticky":false,"template":"","format":"standard","meta":{"_links_to":"","_links_to_target":""},"categories":[2735,114,68],"tags":[3131,3130,2589],"acf":[],"wps_subtitle":"Es necesario apelar a la responsabilidad de cada  ciudadano e informar con realismo del calado de la crisis econ\u00f3mica que sufrir\u00e1n las familias","_links":{"self":[{"href":"https:\/\/www.foment.com\/es\/wp-json\/wp\/v2\/posts\/89307"}],"collection":[{"href":"https:\/\/www.foment.com\/es\/wp-json\/wp\/v2\/posts"}],"about":[{"href":"https:\/\/www.foment.com\/es\/wp-json\/wp\/v2\/types\/post"}],"author":[{"embeddable":true,"href":"https:\/\/www.foment.com\/es\/wp-json\/wp\/v2\/users\/10"}],"replies":[{"embeddable":true,"href":"https:\/\/www.foment.com\/es\/wp-json\/wp\/v2\/comments?post=89307"}],"version-history":[{"count":0,"href":"https:\/\/www.foment.com\/es\/wp-json\/wp\/v2\/posts\/89307\/revisions"}],"wp:featuredmedia":[{"embeddable":true,"href":"https:\/\/www.foment.com\/es\/wp-json\/wp\/v2\/media\/89305"}],"wp:attachment":[{"href":"https:\/\/www.foment.com\/es\/wp-json\/wp\/v2\/media?parent=89307"}],"wp:term":[{"taxonomy":"category","embeddable":true,"href":"https:\/\/www.foment.com\/es\/wp-json\/wp\/v2\/categories?post=89307"},{"taxonomy":"post_tag","embeddable":true,"href":"https:\/\/www.foment.com\/es\/wp-json\/wp\/v2\/tags?post=89307"}],"curies":[{"name":"wp","href":"https:\/\/api.w.org\/{rel}","templated":true}]}}