{"id":90270,"date":"2020-05-14T09:33:53","date_gmt":"2020-05-14T07:33:53","guid":{"rendered":"https:\/\/www.foment.com\/?p=90270"},"modified":"2020-05-14T14:12:39","modified_gmt":"2020-05-14T12:12:39","slug":"patronales-sector-comercial-cataluna-exigen-gobierno-seguridad-juridica-y-unidad-criterio","status":"publish","type":"post","link":"https:\/\/www.foment.com\/es\/patronales-sector-comercial-cataluna-exigen-gobierno-seguridad-juridica-y-unidad-criterio\/","title":{"rendered":"Las patronales del sector comercial de Catalunya, PIMEComer\u00e7 y Foment Comer\u00e7, exigen al Gobierno del estado seguridad jur\u00eddica y unidad de criterio"},"content":{"rendered":"<section class=\"wpb-content-wrapper\"><p>[vc_row][vc_column][vc_column_text]Tras las declaraciones de esta tarde del Ministro de Sanidad, Salvador Illa, <strong>PIMEComer\u00e7 y Foment Comer\u00e7 exigen que se publique por escrito el criterio interpretativo pertinente para dotar de la seguridad jur\u00eddica necesaria, con la cual, el sector del comercio deje de estar en falso ante la posibilidad de realizar rebajas, ofertas y promociones.<\/strong><\/p>\n<p><strong>Dichas declaraciones<\/strong>, las cuales proh\u00edben la posibilidad de realizar rebajas en los establecimientos f\u00edsicos, <strong>entran en profunda contradicci\u00f3n con la interpretaci\u00f3n<\/strong> de la Disposici\u00f3n Adicional Segunda de la Orden SND\/399\/2020 <strong>facilitada por el Ministerio de Industria, Comercio y Turismo ayer<\/strong>, d\u00eda 12 de mayo, tanto al sector del comercio catal\u00e1n, como a la Direcci\u00f3n General de Comercio de la Generalitat de Catalunya.<\/p>\n<p>La premisa interpretativa era clara: \u201cS\u00ed es posible llevar a cabo rebajas y promociones en los establecimientos f\u00edsicos siempre que \u00e9stos est\u00e9n en condiciones de adoptar todas las medidas que sean necesarias con el fin de evitar que se produzcan aglomeraciones a consecuencia de dichas rebajas o promociones. En el interior de los establecimientos y locales comerciales en todo caso es preciso cumplir con las medidas establecidas en la Orden SND\/399\/2020, de 9 de mayo, cuyo art\u00edculo 10 regula la reapertura de los establecimientos comerciales imponiendo un requisito de aforo, as\u00ed como las distancias de seguridad que se prev\u00e9n entre vendedor y clientes o entre clientes entre s\u00ed.\u201d<\/p>\n<p>Esta situaci\u00f3n no solo pone de relieve la falta de unidad de criterio entre sendos Ministerios, sino que, a la vez, <strong>pone de manifiesto el nulo di\u00e1logo practicado por parte del Ministerio de Sanidad con un sector tan importante para este pa\u00eds, al cual, para rematar, se le deja en clara desventaja respecto a la venta online.<\/strong> Es extremadamente preocupante que se generen asimetr\u00edas entre canales comerciales. <strong>Todos deben poder realizar rebajas si se garantizan los protocolos de seguridad sanitaria en la compra.<\/strong><\/p>\n<p>El principal cometido del comercio es justamente cuidar de sus clientes y de sus trabajadores, y para ello, es indudable que deben aplicarse todas las medidas sanitarias que garanticen la seguridad suficiente para evitar el propago de la pandemia. Pero a la vez, precisamente el comercio, uno de los sectores que est\u00e1 padeciendo las m\u00e1s profundas consecuencias de esta crisis del COVID-19, necesita apoyo y facilidad para retomar cuanto antes su dinamismo comercial.<\/p>\n<p><strong>Se trata de reconstruir el pa\u00eds, no de recortar oportunidades. <\/strong><\/p>\n<p><span style=\"color: #c1002b;\"><strong>Declaraciones del presidente de Foment Comer\u00e7, Roger Gaspa:<\/strong><\/span>[\/vc_column_text]<div class=\"spacer\" style=\"height: 10px;\"><\/div>[\/vc_column][\/vc_row][vc_row][vc_column width=\u00bb1\/4&#8243;][\/vc_column][vc_column width=\u00bb1\/2&#8243;]<div class=\"video-embed  wpb_content_element\"><iframe title=\"President de Foment Comer\u00e7 demana seguretat jur\u00eddica i unitat de criteri\" width=\"1161\" height=\"653\" src=\"https:\/\/www.youtube.com\/embed\/eYCTpq3xAJw?feature=oembed\" frameborder=\"0\" allow=\"accelerometer; autoplay; clipboard-write; encrypted-media; gyroscope; picture-in-picture; web-share\" referrerpolicy=\"strict-origin-when-cross-origin\" allowfullscreen><\/iframe><\/div>[\/vc_column][vc_column width=\u00bb1\/4&#8243;][\/vc_column][\/vc_row]<\/p>\n<\/section>","protected":false},"excerpt":{"rendered":"<p>[vc_row][vc_column][vc_column_text]Tras las declaraciones de esta tarde del Ministro de Sanidad, Salvador Illa, PIMEComer\u00e7 y Foment Comer\u00e7 exigen que se publique por escrito el criterio interpretativo pertinente para dotar de la seguridad jur\u00eddica necesaria, con la cual, el sector del comercio deje de estar en falso ante la posibilidad de realizar rebajas, ofertas y promociones. Dichas declaraciones, las cuales proh\u00edben la posibilidad de realizar rebajas en los establecimientos f\u00edsicos, entran en profunda contradicci\u00f3n con la interpretaci\u00f3n de la Disposici\u00f3n Adicional Segunda de la Orden SND\/399\/2020 facilitada por el Ministerio de Industria, Comercio y Turismo ayer, d\u00eda 12 de mayo, tanto al sector del comercio catal\u00e1n, como a la Direcci\u00f3n General de Comercio de la Generalitat de Catalunya. La premisa interpretativa era clara: \u201cS\u00ed es posible llevar a cabo rebajas y promociones en los establecimientos f\u00edsicos siempre que \u00e9stos est\u00e9n en condiciones de adoptar todas las medidas que sean necesarias con el fin de evitar que se produzcan aglomeraciones a consecuencia de dichas rebajas o promociones. En el interior de los establecimientos y locales comerciales en todo caso es preciso cumplir con las medidas establecidas en la Orden SND\/399\/2020, de 9 de mayo, cuyo art\u00edculo 10 regula la reapertura de los establecimientos [&hellip;]<\/p>\n","protected":false},"author":10,"featured_media":90271,"comment_status":"closed","ping_status":"closed","sticky":false,"template":"","format":"standard","meta":{"_links_to":"","_links_to_target":""},"categories":[2735,114,68],"tags":[3252,2589,3245,3246,3253,277,3254],"acf":[],"wps_subtitle":"Los comercios deben poder realizar rebajas si se garantizan los protocolos de seguridad sanitaria en la compra","_links":{"self":[{"href":"https:\/\/www.foment.com\/es\/wp-json\/wp\/v2\/posts\/90270"}],"collection":[{"href":"https:\/\/www.foment.com\/es\/wp-json\/wp\/v2\/posts"}],"about":[{"href":"https:\/\/www.foment.com\/es\/wp-json\/wp\/v2\/types\/post"}],"author":[{"embeddable":true,"href":"https:\/\/www.foment.com\/es\/wp-json\/wp\/v2\/users\/10"}],"replies":[{"embeddable":true,"href":"https:\/\/www.foment.com\/es\/wp-json\/wp\/v2\/comments?post=90270"}],"version-history":[{"count":4,"href":"https:\/\/www.foment.com\/es\/wp-json\/wp\/v2\/posts\/90270\/revisions"}],"predecessor-version":[{"id":90291,"href":"https:\/\/www.foment.com\/es\/wp-json\/wp\/v2\/posts\/90270\/revisions\/90291"}],"wp:featuredmedia":[{"embeddable":true,"href":"https:\/\/www.foment.com\/es\/wp-json\/wp\/v2\/media\/90271"}],"wp:attachment":[{"href":"https:\/\/www.foment.com\/es\/wp-json\/wp\/v2\/media?parent=90270"}],"wp:term":[{"taxonomy":"category","embeddable":true,"href":"https:\/\/www.foment.com\/es\/wp-json\/wp\/v2\/categories?post=90270"},{"taxonomy":"post_tag","embeddable":true,"href":"https:\/\/www.foment.com\/es\/wp-json\/wp\/v2\/tags?post=90270"}],"curies":[{"name":"wp","href":"https:\/\/api.w.org\/{rel}","templated":true}]}}