{"id":90351,"date":"2020-05-14T19:03:57","date_gmt":"2020-05-14T17:03:57","guid":{"rendered":"https:\/\/www.foment.com\/foment-pimec-ccoo-ugt-carta-generalitat-convocatoria-urgent-comissio-seguiment-dialeg-social\/"},"modified":"2020-05-14T20:31:56","modified_gmt":"2020-05-14T18:31:56","slug":"foment-pimec-ccoo-ugt-carta-generalitat-convocatoria-urgente-comision-seguimiento-dialogo-social","status":"publish","type":"post","link":"https:\/\/www.foment.com\/es\/foment-pimec-ccoo-ugt-carta-generalitat-convocatoria-urgente-comision-seguimiento-dialogo-social\/","title":{"rendered":"Foment, PIMEC, CCOO de Catalu\u00f1a y UGT de Catalu\u00f1a dirigen una carta en el Gobierno de Catalu\u00f1a donde solicitan la convocatoria urgente de la comisi\u00f3n de seguimiento del Di\u00e1logo Social"},"content":{"rendered":"<section class=\"wpb-content-wrapper\"><p>[vc_row][vc_column][vc_column_text]Los agentes sociales y econ\u00f3micos m\u00e1s representativos de Catalu\u00f1a,\u00a0 Foment del Treball, PIMEC, CCOO de Catalu\u00f1a y UGT de Catalu\u00f1a, miembros del Consejo del Di\u00e1logo Social que se constituy\u00f3 el pasado 30 de abril, <a href=\"https:\/\/www.foment.com\/wp-content\/uploads\/2020\/05\/2020.05.14_Carta-agents-socials-peticio-DS.pdf\">han dirigido una carta<\/a> al presidente de la Generalitat, Quim Torra, al vicepresidente, Pere Aragon\u00e8s, y al consejero de Trabajo Asuntos sociales y Familias, Chakir Lo Homrani, para\u00a0 solicitar la convocatoria de manera urgente de la comisi\u00f3n de seguimiento del Di\u00e1logo Social. Esta demanda se produce una vez convalidada el decreto ley de Participaci\u00f3n y del Di\u00e1logo Social de Catalu\u00f1a por el Parlamento de Catalu\u00f1a.<\/p>\n<p>La carta incide en la necesidad de una actuaci\u00f3n \u00e1gil, potente y consensuada ante la situaci\u00f3n de urgencia que el pa\u00eds afronta desde la vertiente sanitaria, econ\u00f3mica y social, una diagnosis en la que coincidieron todos en la reuni\u00f3n de constituci\u00f3n del Consejo del Di\u00e1logo Social.<\/p>\n<p>La carta destaca que es primordial para el pa\u00eds, que en este momento est\u00e1 sufriendo la parada de miles de empresas y la p\u00e9rdida de miles de puestos de trabajo, que nos pongamos a dise\u00f1ar un plan integral de reconstrucci\u00f3n econ\u00f3mica y social entre todos los agentes que tenemos la responsabilidad de encontrar soluciones a los efectos de la pandemia. Siempre teniendo la salud de las personas como una prioridad ineludible, pero tambi\u00e9n encontrando soluciones para conciliar la actividad econ\u00f3mica y laboral que tanta falta le hace a millones de personas.<\/p>\n<p>El objetivo de la convocatoria urgente de la comisi\u00f3n de seguimiento del Di\u00e1logo Social es poder definir la agenda de trabajo y desarrollar un proceso de concertaci\u00f3n social efectiva que d\u00e9 las mejores soluciones posibles a la gesti\u00f3n de la crisis actual.[\/vc_column_text]<div class=\"spacer\" style=\"height: 10px;\"><\/div>[\/vc_column][\/vc_row][vc_row][vc_column width=\u00bb1\/4&#8243;][\/vc_column][vc_column width=\u00bb1\/2&#8243;]<a href=\"https:\/\/www.foment.com\/wp-content\/uploads\/2020\/05\/2020.05.14_Carta-agents-socials-peticio-DS.pdf\" target=\"_self\" class=\"button color-3 medium \" style=\"border-radius: 8px;\">CARTA DE LOS AGENTES SOCIALES AL GOBIERNO DE CATALU\u00d1A<\/a>[\/vc_column][vc_column width=\u00bb1\/4&#8243;][\/vc_column][\/vc_row]<\/p>\n<\/section>","protected":false},"excerpt":{"rendered":"<p>[vc_row][vc_column][vc_column_text]Los agentes sociales y econ\u00f3micos m\u00e1s representativos de Catalu\u00f1a,\u00a0 Foment del Treball, PIMEC, CCOO de Catalu\u00f1a y UGT de Catalu\u00f1a, miembros del Consejo del Di\u00e1logo Social que se constituy\u00f3 el pasado 30 de abril, han dirigido una carta al presidente de la Generalitat, Quim Torra, al vicepresidente, Pere Aragon\u00e8s, y al consejero de Trabajo Asuntos sociales y Familias, Chakir Lo Homrani, para\u00a0 solicitar la convocatoria de manera urgente de la comisi\u00f3n de seguimiento del Di\u00e1logo Social. Esta demanda se produce una vez convalidada el decreto ley de Participaci\u00f3n y del Di\u00e1logo Social de Catalu\u00f1a por el Parlamento de Catalu\u00f1a. La carta incide en la necesidad de una actuaci\u00f3n \u00e1gil, potente y consensuada ante la situaci\u00f3n de urgencia que el pa\u00eds afronta desde la vertiente sanitaria, econ\u00f3mica y social, una diagnosis en la que coincidieron todos en la reuni\u00f3n de constituci\u00f3n del Consejo del Di\u00e1logo Social. La carta destaca que es primordial para el pa\u00eds, que en este momento est\u00e1 sufriendo la parada de miles de empresas y la p\u00e9rdida de miles de puestos de trabajo, que nos pongamos a dise\u00f1ar un plan integral de reconstrucci\u00f3n econ\u00f3mica y social entre todos los agentes que tenemos la responsabilidad de encontrar soluciones a [&hellip;]<\/p>\n","protected":false},"author":10,"featured_media":90349,"comment_status":"closed","ping_status":"closed","sticky":false,"template":"","format":"standard","meta":{"_links_to":"","_links_to_target":""},"categories":[2735,114,68],"tags":[2264,3270,3257,3258],"acf":[],"wps_subtitle":"Esta demanda se produce una vez convalidado el decreto ley de Participaci\u00f3n y del Di\u00e1logo Social de Catalu\u00f1a por el Parlamento de Catalu\u00f1a","_links":{"self":[{"href":"https:\/\/www.foment.com\/es\/wp-json\/wp\/v2\/posts\/90351"}],"collection":[{"href":"https:\/\/www.foment.com\/es\/wp-json\/wp\/v2\/posts"}],"about":[{"href":"https:\/\/www.foment.com\/es\/wp-json\/wp\/v2\/types\/post"}],"author":[{"embeddable":true,"href":"https:\/\/www.foment.com\/es\/wp-json\/wp\/v2\/users\/10"}],"replies":[{"embeddable":true,"href":"https:\/\/www.foment.com\/es\/wp-json\/wp\/v2\/comments?post=90351"}],"version-history":[{"count":4,"href":"https:\/\/www.foment.com\/es\/wp-json\/wp\/v2\/posts\/90351\/revisions"}],"predecessor-version":[{"id":90377,"href":"https:\/\/www.foment.com\/es\/wp-json\/wp\/v2\/posts\/90351\/revisions\/90377"}],"wp:featuredmedia":[{"embeddable":true,"href":"https:\/\/www.foment.com\/es\/wp-json\/wp\/v2\/media\/90349"}],"wp:attachment":[{"href":"https:\/\/www.foment.com\/es\/wp-json\/wp\/v2\/media?parent=90351"}],"wp:term":[{"taxonomy":"category","embeddable":true,"href":"https:\/\/www.foment.com\/es\/wp-json\/wp\/v2\/categories?post=90351"},{"taxonomy":"post_tag","embeddable":true,"href":"https:\/\/www.foment.com\/es\/wp-json\/wp\/v2\/tags?post=90351"}],"curies":[{"name":"wp","href":"https:\/\/api.w.org\/{rel}","templated":true}]}}