{"id":90607,"date":"2020-05-16T12:10:37","date_gmt":"2020-05-16T10:10:37","guid":{"rendered":"https:\/\/www.foment.com\/foment-demana-fer-us-romanents-administracions-locals-per-crisi-covid-19\/"},"modified":"2020-05-16T13:26:02","modified_gmt":"2020-05-16T11:26:02","slug":"foment-pide-hacer-uso-remanentes-administraciones-locales-para-crisi-covid-19","status":"publish","type":"post","link":"https:\/\/www.foment.com\/es\/foment-pide-hacer-uso-remanentes-administraciones-locales-para-crisi-covid-19\/","title":{"rendered":"Foment pide hacer uso de los remanentes de las administraciones locales para atender la crisis de la COVID-19"},"content":{"rendered":"<ul>\n<li><strong>Con car\u00e1cter excepcional y siguiendo el camino de la Comisi\u00f3n Europea por no aplicar el Pacto de Estabilidad y Crecimiento.<\/strong><\/li>\n<li><strong>Los ayuntamientos y el resto de administraciones locales, no tendr\u00edan que endeudarse, puesto que el que har\u00edan es gastar (o ingresar menos) el que han ahorrado estos \u00faltimos a\u00f1os, para atender las nuevas necesidades derivadas de las secuelas del COVID-19 en sus municipios.<\/strong><\/li>\n<\/ul>\n<p>Foment del Treball pide que, ante la crisis econ\u00f3mica que comporta la crisis sanitaria de la COVID-19, se hagan uso de los recursos disponibles y aparcados econ\u00f3micamente en los remanentes de las administraciones locales. Se trata de aceptar una medida excepcional en el mismo sentido que lo ha hecho la Comisi\u00f3n Europea de forma que se \u00a0puedan destinar, sin restricci\u00f3n, todos los recursos disponibles\u00a0 a la pol\u00edtica de reconstrucci\u00f3n a la cual tambi\u00e9n est\u00e0n gritadas a participar las administraciones locals.<\/p>\n<p>No se entender\u00eda que, atendida las circumstancies\u00a0 y la magnitud de la crisis econ\u00f3mica, estuvieran aparcados unos recursos p\u00fablicos, resultado de super\u00e1vits otros a\u00f1os, mientras nuestro pa\u00eds sufre tan intensamente una situaci\u00f3n. Es por este motivo que es necesario que se apruebe con urgencia la eliminaci\u00f3n de las actuales restricciones por el uso de los remanentes de las administraciones locales a gastos (o menos ingresos) y orientados a la pol\u00edtica de reconstrucci\u00f3n ante el COVID-19.<\/p>\n<p><span style=\"color: #c1002b;\"><strong>Excepcionalidad<\/strong><\/span><\/p>\n<p>La aplicaci\u00f3n de la ley de estabilidad presupuestaria a las administraciones locales, tal como esta actualmente definida, provoca que estas administraciones tengan de forma recurrente super\u00e1vits, los cuales se van acumulando a\u00f1o tras a\u00f1o, aumentando progresivamente los recursos aparcados en los romanents.<\/p>\n<p>Si inicialmente, con la gran crisis, hab\u00eda que enderezar las finanzas municipales, este hito ya se logr\u00f3 hace a\u00f1os, y <strong>ahora se dispone de vol\u00famenes crecientes de recursos p\u00fablicos a manos de los ayuntamientos, diputaciones y otros entes locales, que se encuentran aparcados,\u00a0 puesto que la normativa es excesivamente restrictiva con el uso que se puede hacer del remanente de los ejercieras anteriores.<\/strong><\/p>\n<p>Actualmente la Comisi\u00f3n Europea ha entendido que se daba una circunstancia excepcional con el COVID-19, cosa que permitir\u00eda el uso de la salvaguardia por no aplicar el Pacto de Estabilidad y Crecimiento,\u00a0 siempre que el mayor gasto o menor ingreso est\u00e9 ligado al Covid-19. Este gasto puede ser gasto directo o con ayudas econ\u00f3micas y sociales, entre otros. Por lo tanto, parece que este mismo criterio habr\u00eda que dar a las finanzas municipales, en nuestro pa\u00eds, y permitir esta excepcionalidad a la norma de estabilidad interna, la espa\u00f1ola, para hacer el que Europa hace con los Estados.<\/p>\n<p>Adicionalmente, hay que se\u00f1alar que, a diferencia de los Estados, los Ayuntamientos y el resto de administraciones locales, no tendr\u00edan que endeudarse, puesto que el que har\u00edan es gastar (o ingresar menos) para atender las nuevas necesidades derivadas de las secuelas del COVID-19 en sus municipios con el que han ahorrado estos \u00faltimos a\u00f1os, y as\u00ed estimular la econom\u00eda al conjunto del territorio nacional, puesto que la suya de gasto se her\u00eda en todos el municipios en funci\u00f3n del que hubieran ahorrado EN Los \u00faltimos a\u00f1os, siente lluvia fina en todo el pa\u00eds.<\/p>\n","protected":false},"excerpt":{"rendered":"<p>Con car\u00e1cter excepcional y siguiendo el camino de la Comisi\u00f3n Europea por no aplicar el Pacto de Estabilidad y Crecimiento. Los ayuntamientos y el resto de administraciones locales, no tendr\u00edan que endeudarse, puesto que el que har\u00edan es gastar (o ingresar menos) el que han ahorrado estos \u00faltimos a\u00f1os, para atender las nuevas necesidades derivadas de las secuelas del COVID-19 en sus municipios. Foment del Treball pide que, ante la crisis econ\u00f3mica que comporta la crisis sanitaria de la COVID-19, se hagan uso de los recursos disponibles y aparcados econ\u00f3micamente en los remanentes de las administraciones locales. Se trata de aceptar una medida excepcional en el mismo sentido que lo ha hecho la Comisi\u00f3n Europea de forma que se \u00a0puedan destinar, sin restricci\u00f3n, todos los recursos disponibles\u00a0 a la pol\u00edtica de reconstrucci\u00f3n a la cual tambi\u00e9n est\u00e0n gritadas a participar las administraciones locals. No se entender\u00eda que, atendida las circumstancies\u00a0 y la magnitud de la crisis econ\u00f3mica, estuvieran aparcados unos recursos p\u00fablicos, resultado de super\u00e1vits otros a\u00f1os, mientras nuestro pa\u00eds sufre tan intensamente una situaci\u00f3n. Es por este motivo que es necesario que se apruebe con urgencia la eliminaci\u00f3n de las actuales restricciones por el uso de los remanentes de [&hellip;]<\/p>\n","protected":false},"author":10,"featured_media":90605,"comment_status":"closed","ping_status":"closed","sticky":false,"template":"","format":"standard","meta":{"_links_to":"","_links_to_target":""},"categories":[2735,114,68],"tags":[3321,3322,3323,3320],"acf":[],"wps_subtitle":"Es necesario que se apruebe con urgencia la eliminaci\u00f3n de las actuales restricciones por el uso de los remanentes de las administraciones locales a gastos","_links":{"self":[{"href":"https:\/\/www.foment.com\/es\/wp-json\/wp\/v2\/posts\/90607"}],"collection":[{"href":"https:\/\/www.foment.com\/es\/wp-json\/wp\/v2\/posts"}],"about":[{"href":"https:\/\/www.foment.com\/es\/wp-json\/wp\/v2\/types\/post"}],"author":[{"embeddable":true,"href":"https:\/\/www.foment.com\/es\/wp-json\/wp\/v2\/users\/10"}],"replies":[{"embeddable":true,"href":"https:\/\/www.foment.com\/es\/wp-json\/wp\/v2\/comments?post=90607"}],"version-history":[{"count":5,"href":"https:\/\/www.foment.com\/es\/wp-json\/wp\/v2\/posts\/90607\/revisions"}],"predecessor-version":[{"id":90613,"href":"https:\/\/www.foment.com\/es\/wp-json\/wp\/v2\/posts\/90607\/revisions\/90613"}],"wp:featuredmedia":[{"embeddable":true,"href":"https:\/\/www.foment.com\/es\/wp-json\/wp\/v2\/media\/90605"}],"wp:attachment":[{"href":"https:\/\/www.foment.com\/es\/wp-json\/wp\/v2\/media?parent=90607"}],"wp:term":[{"taxonomy":"category","embeddable":true,"href":"https:\/\/www.foment.com\/es\/wp-json\/wp\/v2\/categories?post=90607"},{"taxonomy":"post_tag","embeddable":true,"href":"https:\/\/www.foment.com\/es\/wp-json\/wp\/v2\/tags?post=90607"}],"curies":[{"name":"wp","href":"https:\/\/api.w.org\/{rel}","templated":true}]}}