{"id":91360,"date":"2020-05-22T10:49:20","date_gmt":"2020-05-22T08:49:20","guid":{"rendered":"https:\/\/www.foment.com\/empreses-demanen-participar-planificacio-calendari-obertura-total-centres-educatius\/"},"modified":"2020-05-22T13:37:14","modified_gmt":"2020-05-22T11:37:14","slug":"empresas-piden-participar-planificacion-calendario-apertura-total-centros-educativos","status":"publish","type":"post","link":"https:\/\/www.foment.com\/es\/empresas-piden-participar-planificacion-calendario-apertura-total-centros-educativos\/","title":{"rendered":"Las empresas piden participar en la planificaci\u00f3n del calendario para la apertura total de los centros educativos"},"content":{"rendered":"<section class=\"wpb-content-wrapper\"><p>[vc_row][vc_column][vc_column_text]<\/p>\n<ul>\n<li><strong>Las empresas tienen que participar en las decisiones relativas a la vuelta de la actividad escolar por la incidencia que tiene para las empresas y para los trabajadores.<\/strong><\/li>\n<li><strong>Es de m\u00e1xima prioridad establecer un plazo para la apertura total: afecta la productividad, la conciliaci\u00f3n familiar, la estabilidad emocional y al conjunto de los sectores productivos como el transporte, la industria editorial y el textil.<\/strong><\/li>\n<\/ul>\n<p>[\/vc_column_text][\/vc_column][vc_column]<div class=\"spacer\" style=\"height: 10px;\"><\/div>[\/vc_column][\/vc_row][vc_row][vc_column width=\u00bb1\/4&#8243;][\/vc_column][vc_column width=\u00bb1\/2&#8243;]<a href=\"https:\/\/www.foment.com\/wp-content\/uploads\/2020\/05\/Obertura-centres-educatius-desclas-Joan-Roget.m4a\" target=\"_self\" class=\"button color-3 medium \" style=\"border-radius: 5px;\">DECLARACIONES DE JOAN ROGET VICEPRESIDENTE DE FOMENT<\/a><div class=\"spacer\" style=\"height: 10px;\"><\/div>[\/vc_column][vc_column width=\u00bb1\/4&#8243;][\/vc_column][\/vc_row][vc_row][vc_column][vc_column_text]La incertidumbre actual que est\u00e1 generando en el entorno productivo el plan de apertura de los centros educativos y sus consecuencias en el \u00e1mbito de la conciliaci\u00f3n familiar y el trabajo inciden de manera directa en la productividad de las empresas y en el mantenimiento de los puestos de trabajo.<\/p>\n<p><strong>Foment del Treball entiende que, dada la situaci\u00f3n y las consecuencias en la actividad econ\u00f3mica y laboral por la pandemia de la COVID 19, es necesario que las organizaciones empresariales participen, en el marco del di\u00e1logo social, en las decisiones para abrir de nuevo los centros educativos, apelando a la corresponsabilidad y con los principios de salud y de seguridad jur\u00eddica, que hoy, m\u00e1s que nunca tienen que estar presentes.<\/strong><\/p>\n<p><span style=\"color: #c1002b;\"><strong>Consecuencias socioecon\u00f3micas y emocionales<\/strong><\/span><\/p>\n<p>La situaci\u00f3n de emergencia sanitaria, a causa de la pandemia provocada por la COVID-19, ha generado unas consecuencias socioecon\u00f3micas y emocionales notables para las familias y para los trabajadores con muchas dificultades para la conciliaci\u00f3n laboral y familiar. El cierre de los centros educativos fue razonable y necesario, como medida de contenci\u00f3n, al inicio de la pandemia, pero, una vez hay m\u00e1s informaci\u00f3n, hace falta acotar mejor los riesgos y\u00a0 planificar un calendario para la apertura total del centros educativos.<\/p>\n<p>Los padres han acumulado la actividad laboral, el teletrabajo, con las responsabilidades docentes y educativas, -muchas veces dentro del horario laboral-,\u00a0 y el trabajo dom\u00e9stico,\u00a0 sin interrupci\u00f3n y sin la posibilidad de contar con la ayuda que, muy a menudo, ofrecen los abuelos. En definitiva, los niveles de ansiedad y de estr\u00e9s a las familias y de los trabajadores se han incrementado. Por eso, es necesario que los agentes sociales (patronales y sindicatos) puedan participar de las decisiones relevantes en un tema de m\u00e1xima prioridad desde todos los puntos de vista.<\/p>\n<p><strong>Desde Foment, queremos trasladar nuestro m\u00e1s sincero reconocimiento tanto a docentes como familias por el enorme esfuerzo realizado, en circunstancias tan adversas, que ha supuesto mantener la conciliaci\u00f3n en los \u00e1mbitos anteriormente mencionados.<\/strong><\/p>\n<p>El <a href=\"http:\/\/ensenyament.gencat.cat\/ca\/inici\/nota-premsa\/?id=385981\">Departamento de Ense\u00f1anza de la Generalitat de Catalu\u00f1a anuncio ayer<\/a> que la apertura de los centros educativos se har\u00e1 en todos los casos en la Fase 2 de la desescalada y de manera gradual en cada territorio.[\/vc_column_text][\/vc_column][\/vc_row]<\/p>\n<\/section>","protected":false},"excerpt":{"rendered":"<p>[vc_row][vc_column][vc_column_text] Las empresas tienen que participar en las decisiones relativas a la vuelta de la actividad escolar por la incidencia que tiene para las empresas y para los trabajadores. Es de m\u00e1xima prioridad establecer un plazo para la apertura total: afecta la productividad, la conciliaci\u00f3n familiar, la estabilidad emocional y al conjunto de los sectores productivos como el transporte, la industria editorial y el textil. [\/vc_column_text][\/vc_column][vc_column][\/vc_column][\/vc_row][vc_row][vc_column width=\u00bb1\/4&#8243;][\/vc_column][vc_column width=\u00bb1\/2&#8243;][\/vc_column][vc_column width=\u00bb1\/4&#8243;][\/vc_column][\/vc_row][vc_row][vc_column][vc_column_text]La incertidumbre actual que est\u00e1 generando en el entorno productivo el plan de apertura de los centros educativos y sus consecuencias en el \u00e1mbito de la conciliaci\u00f3n familiar y el trabajo inciden de manera directa en la productividad de las empresas y en el mantenimiento de los puestos de trabajo. Foment del Treball entiende que, dada la situaci\u00f3n y las consecuencias en la actividad econ\u00f3mica y laboral por la pandemia de la COVID 19, es necesario que las organizaciones empresariales participen, en el marco del di\u00e1logo social, en las decisiones para abrir de nuevo los centros educativos, apelando a la corresponsabilidad y con los principios de salud y de seguridad jur\u00eddica, que hoy, m\u00e1s que nunca tienen que estar presentes. Consecuencias socioecon\u00f3micas y emocionales La situaci\u00f3n de emergencia sanitaria, a causa de [&hellip;]<\/p>\n","protected":false},"author":10,"featured_media":91355,"comment_status":"closed","ping_status":"closed","sticky":false,"template":"","format":"standard","meta":{"_links_to":"","_links_to_target":""},"categories":[2735,114,113,68],"tags":[3410,3415,3416,3411,3412,3417],"acf":[],"wps_subtitle":"La incertidumbre y las limitaciones sobre la actividad en las escuelas tendr\u00e1n graves consecuencias econ\u00f3micas","_links":{"self":[{"href":"https:\/\/www.foment.com\/es\/wp-json\/wp\/v2\/posts\/91360"}],"collection":[{"href":"https:\/\/www.foment.com\/es\/wp-json\/wp\/v2\/posts"}],"about":[{"href":"https:\/\/www.foment.com\/es\/wp-json\/wp\/v2\/types\/post"}],"author":[{"embeddable":true,"href":"https:\/\/www.foment.com\/es\/wp-json\/wp\/v2\/users\/10"}],"replies":[{"embeddable":true,"href":"https:\/\/www.foment.com\/es\/wp-json\/wp\/v2\/comments?post=91360"}],"version-history":[{"count":6,"href":"https:\/\/www.foment.com\/es\/wp-json\/wp\/v2\/posts\/91360\/revisions"}],"predecessor-version":[{"id":91395,"href":"https:\/\/www.foment.com\/es\/wp-json\/wp\/v2\/posts\/91360\/revisions\/91395"}],"wp:featuredmedia":[{"embeddable":true,"href":"https:\/\/www.foment.com\/es\/wp-json\/wp\/v2\/media\/91355"}],"wp:attachment":[{"href":"https:\/\/www.foment.com\/es\/wp-json\/wp\/v2\/media?parent=91360"}],"wp:term":[{"taxonomy":"category","embeddable":true,"href":"https:\/\/www.foment.com\/es\/wp-json\/wp\/v2\/categories?post=91360"},{"taxonomy":"post_tag","embeddable":true,"href":"https:\/\/www.foment.com\/es\/wp-json\/wp\/v2\/tags?post=91360"}],"curies":[{"name":"wp","href":"https:\/\/api.w.org\/{rel}","templated":true}]}}