{"id":92327,"date":"2020-05-29T14:30:25","date_gmt":"2020-05-29T12:30:25","guid":{"rendered":"https:\/\/www.foment.com\/foment-i-linstitut-agricola-demanen-retirada-definitiva-agencia-patrimoni-natural\/"},"modified":"2020-05-29T15:35:20","modified_gmt":"2020-05-29T13:35:20","slug":"foment-y-instituto-agricola-piden-retirada-definitiva-agencia-patrimonio-natural","status":"publish","type":"post","link":"https:\/\/www.foment.com\/es\/foment-y-instituto-agricola-piden-retirada-definitiva-agencia-patrimonio-natural\/","title":{"rendered":"Foment y el Instituto Agr\u00edcola piden la retirada definitiva de la Agencia de Patrimonio Natural"},"content":{"rendered":"<ul>\n<li><strong>Las misivas han sido enviadas a los presidentes de la Generalitat, del Parlament, de la Diputaci\u00f3n de Barcelona y a los consejeros de Agricultura y Territorio.<\/strong><\/li>\n<li><strong>Ambas organizaciones empresariales se suman al clamor un\u00e1nime del sector agroalimentario y forestal contra una Agencia que dejar\u00e1 una gesti\u00f3n nefasta y err\u00e1tica.<\/strong><\/li>\n<\/ul>\n<p>Foment del Treball y el Instituto Agr\u00edcola Catal\u00e1n de San Isidro han enviado una carta a los presidentes de la Generalitat, del Parlament de Catalu\u00f1a, de la Diputaci\u00f3n de Barcelona, y a los consejeros de Territorio y Agricultura, pidiendo la retirada total y sin contemplaciones de la Proposici\u00f3n de ley de creaci\u00f3n de la Agencia de Patrimonio Natural, por todos los perjuicios que se causar\u00edan al sector agroalimentario y forestal catal\u00e1n\u201d.<\/p>\n<p>La Proposici\u00f3n de Ley ha levantado numerosas cr\u00edticas en el mundo agr\u00edcola y forestal posicion\u00e1ndose en contra la Diputaci\u00f3n de Lleida y el Consejo de Alcaldes del Pallars Juss\u00e0 y un numeroso n\u00famero de entidades agr\u00edcolas y forestales, ayuntamientos y organizaciones empresariales de los sectores afectados por \u201cla invasi\u00f3n en las competencias municipales respecto de la gesti\u00f3n del territorio y un incremento notable en la burocracia y \u00f3rganos decisorios de los usos y aprovechamientos de las fincas. Todo lo contrario de lo que ser\u00eda l\u00f3gico, como es unificar en un solo departamento las competencias relativas al medio ambiente, al medio natural y al mundo rural.<\/p>\n<p>En las misivas firmadas por <strong>Josep S\u00e1nchez Llibre<\/strong> y <strong>Baldiri Ros<\/strong>, ambas entidades consideran que \u201cla creaci\u00f3n de la Agencia supondr\u00e1 un incremento de gasto p\u00fablico, en unos tiempos en los que hace falta un ajustamiento econ\u00f3mico\u00bb, y que \u201cla actual gesti\u00f3n de los espacios naturales es nefasta y sigue criterios del todo err\u00e1ticos, sin ning\u00fan tipo de planteamiento econ\u00f3mico ni de viabilidad de las explotaciones forestales o agr\u00edcolas que forman parte. Hecho que afecta directamente al libre ejercicio de la empresa y del derecho de propiedad\u201d.<\/p>\n<p>El Instituto Agr\u00edcola y Foment del Treball tambi\u00e9n cargan contra \u201cla inusual forma de tramitaci\u00f3n parlamentaria \u2015proposici\u00f3n de Ley\u2015 por cuentas del procedimiento habitual, para reducir los tr\u00e1mites necesarios, un m\u00ednimo debate social y pol\u00edtico y hacer casi imposible la participaci\u00f3n de todos los sectores sociales y econ\u00f3micos afectados\u201d, que signific\u00f3 que fuera vetada la participaci\u00f3n del Instituto Agr\u00edcola en el tr\u00e1mite de audiencia en la Comisi\u00f3n parlamentaria. Esta situaci\u00f3n significa que \u201cla carencia de representaci\u00f3n, en grado adecuado, en los \u00f3rganos de gobierno, de los empresarios y propietarios agroalimentarios. Cuando los mismos forman parte de la titularidad mayoritaria de las fincas incluidas dentro de los espacios naturales protegidos\u201d.<\/p>\n","protected":false},"excerpt":{"rendered":"<p>Las misivas han sido enviadas a los presidentes de la Generalitat, del Parlament, de la Diputaci\u00f3n de Barcelona y a los consejeros de Agricultura y Territorio. Ambas organizaciones empresariales se suman al clamor un\u00e1nime del sector agroalimentario y forestal contra una Agencia que dejar\u00e1 una gesti\u00f3n nefasta y err\u00e1tica. Foment del Treball y el Instituto Agr\u00edcola Catal\u00e1n de San Isidro han enviado una carta a los presidentes de la Generalitat, del Parlament de Catalu\u00f1a, de la Diputaci\u00f3n de Barcelona, y a los consejeros de Territorio y Agricultura, pidiendo la retirada total y sin contemplaciones de la Proposici\u00f3n de ley de creaci\u00f3n de la Agencia de Patrimonio Natural, por todos los perjuicios que se causar\u00edan al sector agroalimentario y forestal catal\u00e1n\u201d. La Proposici\u00f3n de Ley ha levantado numerosas cr\u00edticas en el mundo agr\u00edcola y forestal posicion\u00e1ndose en contra la Diputaci\u00f3n de Lleida y el Consejo de Alcaldes del Pallars Juss\u00e0 y un numeroso n\u00famero de entidades agr\u00edcolas y forestales, ayuntamientos y organizaciones empresariales de los sectores afectados por \u201cla invasi\u00f3n en las competencias municipales respecto de la gesti\u00f3n del territorio y un incremento notable en la burocracia y \u00f3rganos decisorios de los usos y aprovechamientos de las fincas. Todo lo contrario [&hellip;]<\/p>\n","protected":false},"author":10,"featured_media":92325,"comment_status":"closed","ping_status":"closed","sticky":false,"template":"","format":"standard","meta":{"_links_to":"","_links_to_target":""},"categories":[1635,2735,114],"tags":[3508,3509,2987,3510],"acf":[],"wps_subtitle":"Las organizaciones empresariales consideran que la aprobaci\u00f3n de la Proposici\u00f3n de Ley de la Agencia de Patrimonio Natural perjudicar\u00eda al sector agroalimentario y forestal catal\u00e1n","_links":{"self":[{"href":"https:\/\/www.foment.com\/es\/wp-json\/wp\/v2\/posts\/92327"}],"collection":[{"href":"https:\/\/www.foment.com\/es\/wp-json\/wp\/v2\/posts"}],"about":[{"href":"https:\/\/www.foment.com\/es\/wp-json\/wp\/v2\/types\/post"}],"author":[{"embeddable":true,"href":"https:\/\/www.foment.com\/es\/wp-json\/wp\/v2\/users\/10"}],"replies":[{"embeddable":true,"href":"https:\/\/www.foment.com\/es\/wp-json\/wp\/v2\/comments?post=92327"}],"version-history":[{"count":3,"href":"https:\/\/www.foment.com\/es\/wp-json\/wp\/v2\/posts\/92327\/revisions"}],"predecessor-version":[{"id":92337,"href":"https:\/\/www.foment.com\/es\/wp-json\/wp\/v2\/posts\/92327\/revisions\/92337"}],"wp:featuredmedia":[{"embeddable":true,"href":"https:\/\/www.foment.com\/es\/wp-json\/wp\/v2\/media\/92325"}],"wp:attachment":[{"href":"https:\/\/www.foment.com\/es\/wp-json\/wp\/v2\/media?parent=92327"}],"wp:term":[{"taxonomy":"category","embeddable":true,"href":"https:\/\/www.foment.com\/es\/wp-json\/wp\/v2\/categories?post=92327"},{"taxonomy":"post_tag","embeddable":true,"href":"https:\/\/www.foment.com\/es\/wp-json\/wp\/v2\/tags?post=92327"}],"curies":[{"name":"wp","href":"https:\/\/api.w.org\/{rel}","templated":true}]}}