{"id":92476,"date":"2020-06-01T14:20:04","date_gmt":"2020-06-01T12:20:04","guid":{"rendered":"https:\/\/www.foment.com\/mesa-automociocatalunya-foment-incorpora-pere-navarro-i-merce-conesa\/"},"modified":"2020-06-08T13:55:40","modified_gmt":"2020-06-08T11:55:40","slug":"mesa-automociocataluna-foment-incorpora-pere-navarro-y-merce-conesa","status":"publish","type":"post","link":"https:\/\/www.foment.com\/es\/mesa-automociocataluna-foment-incorpora-pere-navarro-y-merce-conesa\/","title":{"rendered":"La Mesa de la Automoci\u00f3n y la Movilidad de Catalu\u00f1a de Foment del Treball incorpora a Pere Navarro (CZF) y a Merc\u00e8 Conesa (Port de Barcelona)"},"content":{"rendered":"<p>La Mesa de la Automoci\u00f3n y la Movilidad de Catalu\u00f1a, creada a instancias de Foment del Treball para reforzar y potenciar la industria del autom\u00f3vil,\u00a0 incorpora como miembros permanentes al presidente del Consorcio de la Zona Franca de Barcelona, Pere Navarro y a la presidenta del Port de Barcelona, Merc\u00e8 Conesa. La composici\u00f3n de la Mesa cuenta con las aportaciones de los m\u00e1s destacados agentes del sector, tanto desde la vertiente institucional, industrial y empresarial, como de la consultor\u00eda. El prop\u00f3sito es establecer las bases que permitan la viabilidad del conjunto del ecosistema industrial que Catalu\u00f1a ha acumulado en torno al autom\u00f3vil durante d\u00e9cadas, y explorar\u00a0 alternativas para todo el sector a partir de la crisis de Nissan, que ha anunciado el cierre de la planta de la Zona Franca,\u00a0 programada para el pr\u00f3ximo mes de diciembre.<\/p>\n<p>El grupo de trabajo ha iniciado ya su actividad, y ha mantenido reuniones con \u00a0los secretarios generales de sindicatos CCOO y UGT, Javier Pacheco y Camil Ros, respectivamente, y con la consejera de Industria y Conocimiento de la Generalitat de Catalu\u00f1a, Angels Chac\u00f3n. Esta semana tiene previsto adem\u00e1s presentar\u00a0 los objetivos al secretario\u00a0 de Ind\u00fastria, Ra\u00fal Blanco; al presidente de Moventia, Miquel Mart\u00ed; al socio de YGroup, Jose Antonio Bueno; y al Ceo de TOP Proyectos y Contratas, Jordi Sumarroca.<\/p>\n<p>A lo largo del mes junio se han previsto encuentros al m\u00e1s alto nivel institucional con el vicepresidente del Gobierno de la Generalitat de Catalunya, Pere Aragon\u00e8s, con las ministras del Gobierno de Espa\u00f1a, Teresa Ribera \u2013Transici\u00f3n Ecol\u00f3gica- y Reyes Maroto \u2013Ind\u00fastria, Comercio y Turismo- y otros destacados representantes del sector para incorporar sus aportaciones y avanzar en el estudio de viabilidad.<\/p>\n<p>Los miembros permanentes de la\u00a0 Mesa de la Automoci\u00f3n y de la Movilidad de Catalu\u00f1a, creada por Foment del Treball, son:<\/p>\n<p><strong>Josep S\u00e1nchez Llibre, \u00a0Presidente de Foment del Treball<\/strong><\/p>\n<p><strong>David Tornos, Secretari General de Foment del Treball<\/strong><\/p>\n<p><strong>Jordi Casas, Jefe del Gabinete de Presidencia de Foment del Treball<\/strong><\/p>\n<p><strong>Merc\u00e8 Conesa, Presidenta del Puerto de Barcelona<\/strong><\/p>\n<p><strong>Rosa Fiol, Vicepresidenta &#8211; AEBALL<\/strong><\/p>\n<p><strong>Patricia Garc\u00eda-Dur\u00e1n, Prof. Agregada Dpt. Econom\u00eda, Fac. Econom\u00eda y Empresa de la UB<\/strong><\/p>\n<p><strong>Enrique Lacalle, Presidente \u2013 Automobile Barcelona<\/strong><\/p>\n<p><strong>Josep Mart\u00ednez Vila, Consejero\u00a0 Delegado\u2013SABA Infraestructures<\/strong><\/p>\n<p><strong>Ignacio Marull, Socio Director Catalunya \u2013 PwC<\/strong><\/p>\n<p><strong>Pere Navarro, Presidente del Consorcio de la Zona Franca<\/strong><\/p>\n<p><strong>Pedro Nueno, Emeritus Professor d\u2019Iniciativa Emprenedora \u2013 IESE<\/strong><\/p>\n<p><strong>Javier Pujol, Conseller Delegat \u2013 FICOSA<\/strong><\/p>\n<p><strong>Jaume Roura, President \u2013 President Uni\u00f3 Patronal Metal\u00b7l\u00fargica (UPM) y FECAVEM<\/strong><\/p>\n<p><strong>Alfonso Sancha, Vicepresident Ejecutivo Mundial de Compras \u2013 SEAT<\/strong><\/p>\n<p><strong>Francesc Sol\u00e9 Parellada, Catedr\u00e0tic &#8211; UPC<\/strong><\/p>\n<p><strong>Josep M. Vall, President \u2013 Cl\u00faster Ind\u00fastria Automoci\u00f3 de Catalunya (CIAC)<\/strong><\/p>\n","protected":false},"excerpt":{"rendered":"<p>La Mesa de la Automoci\u00f3n y la Movilidad de Catalu\u00f1a, creada a instancias de Foment del Treball para reforzar y potenciar la industria del autom\u00f3vil,\u00a0 incorpora como miembros permanentes al presidente del Consorcio de la Zona Franca de Barcelona, Pere Navarro y a la presidenta del Port de Barcelona, Merc\u00e8 Conesa. La composici\u00f3n de la Mesa cuenta con las aportaciones de los m\u00e1s destacados agentes del sector, tanto desde la vertiente institucional, industrial y empresarial, como de la consultor\u00eda. El prop\u00f3sito es establecer las bases que permitan la viabilidad del conjunto del ecosistema industrial que Catalu\u00f1a ha acumulado en torno al autom\u00f3vil durante d\u00e9cadas, y explorar\u00a0 alternativas para todo el sector a partir de la crisis de Nissan, que ha anunciado el cierre de la planta de la Zona Franca,\u00a0 programada para el pr\u00f3ximo mes de diciembre. El grupo de trabajo ha iniciado ya su actividad, y ha mantenido reuniones con \u00a0los secretarios generales de sindicatos CCOO y UGT, Javier Pacheco y Camil Ros, respectivamente, y con la consejera de Industria y Conocimiento de la Generalitat de Catalu\u00f1a, Angels Chac\u00f3n. Esta semana tiene previsto adem\u00e1s presentar\u00a0 los objetivos al secretario\u00a0 de Ind\u00fastria, Ra\u00fal Blanco; al presidente de Moventia, Miquel Mart\u00ed; [&hellip;]<\/p>\n","protected":false},"author":10,"featured_media":92474,"comment_status":"closed","ping_status":"closed","sticky":false,"template":"","format":"standard","meta":{"_links_to":"","_links_to_target":""},"categories":[2735,114,68],"tags":[3001,3005,3526,3527],"acf":[],"wps_subtitle":"Cuenta con las aportaciones de los m\u00e1s destacados agentes del sector, tanto desde la vertiente institucional, industrial y empresarial, como de la consultor\u00eda","_links":{"self":[{"href":"https:\/\/www.foment.com\/es\/wp-json\/wp\/v2\/posts\/92476"}],"collection":[{"href":"https:\/\/www.foment.com\/es\/wp-json\/wp\/v2\/posts"}],"about":[{"href":"https:\/\/www.foment.com\/es\/wp-json\/wp\/v2\/types\/post"}],"author":[{"embeddable":true,"href":"https:\/\/www.foment.com\/es\/wp-json\/wp\/v2\/users\/10"}],"replies":[{"embeddable":true,"href":"https:\/\/www.foment.com\/es\/wp-json\/wp\/v2\/comments?post=92476"}],"version-history":[{"count":4,"href":"https:\/\/www.foment.com\/es\/wp-json\/wp\/v2\/posts\/92476\/revisions"}],"predecessor-version":[{"id":93140,"href":"https:\/\/www.foment.com\/es\/wp-json\/wp\/v2\/posts\/92476\/revisions\/93140"}],"wp:featuredmedia":[{"embeddable":true,"href":"https:\/\/www.foment.com\/es\/wp-json\/wp\/v2\/media\/92474"}],"wp:attachment":[{"href":"https:\/\/www.foment.com\/es\/wp-json\/wp\/v2\/media?parent=92476"}],"wp:term":[{"taxonomy":"category","embeddable":true,"href":"https:\/\/www.foment.com\/es\/wp-json\/wp\/v2\/categories?post=92476"},{"taxonomy":"post_tag","embeddable":true,"href":"https:\/\/www.foment.com\/es\/wp-json\/wp\/v2\/tags?post=92476"}],"curies":[{"name":"wp","href":"https:\/\/api.w.org\/{rel}","templated":true}]}}