{"id":93292,"date":"2020-06-09T11:05:27","date_gmt":"2020-06-09T09:05:27","guid":{"rendered":"https:\/\/www.foment.com\/foment-insisteix-prorrogar-erto-i-assegurar-pagament-fins-30-desembre-per-reactivar-economia-i-ocupacio\/"},"modified":"2020-06-09T14:22:27","modified_gmt":"2020-06-09T12:22:27","slug":"foment-plantea-gran-pacto-institucional-recuperacion-economia-ocupacion-empresas","status":"publish","type":"post","link":"https:\/\/www.foment.com\/es\/foment-plantea-gran-pacto-institucional-recuperacion-economia-ocupacion-empresas\/","title":{"rendered":"Foment plantea un gran pacto institucional para la recuperaci\u00f3n de la econom\u00eda y la ocupaci\u00f3n y evitar la desaparici\u00f3n de empresas"},"content":{"rendered":"<section class=\"wpb-content-wrapper\"><p>[vc_row][vc_column][vc_column_text]<\/p>\n<ul>\n<li><strong>Aclarar la legislaci\u00f3n laboral, flexibilizar los ERTE hasta el 30 diciembre, garantizar su pago y una pol\u00edtica fiscal antic\u00edclica, contin\u00faan entre las principales medidas que deben tomarse de forma inmediata.<\/strong><\/li>\n<li><strong>El pacto institucional debe contar con la participaci\u00f3n de todos los agentes sectoriales, pol\u00edticos e institucionales para complementar la Comisi\u00f3n de la Reconstrucci\u00f3n de la Econom\u00eda del Congreso de los Diputados.<\/strong><\/li>\n<li><strong>Las previsiones de una recuperaci\u00f3n m\u00e1s lenta, junto con la afectaci\u00f3n de sectores econ\u00f3micos clave y la transformaci\u00f3n de los modelos de trabajo, aconsejan decisiones que aporten respuestas inmediatas.<\/strong><\/li>\n<li><strong>Es necesario un cambio radical del plan de movilidad de Barcelona que ha dise\u00f1ado la alcaldesa Ada Colau para que no sea un obst\u00e1culo para la recuperaci\u00f3n econ\u00f3mica de la ciudad, del comercio, del turismo, etc.: \u00abEl 57% del sector comercio de Barcelona proviene de no residentes en la ciudad. El modelo de movilidad planteado desde el Ayuntamiento ponea en peligro m\u00e1s de la mitad de los puestos de trabajo de este sector\u00bb, ha destacado S\u00e1nchez Llibre.<\/strong><\/li>\n<\/ul>\n<p>El presidente de Foment del Treball, <strong>Josep S\u00e1nchez Llibre<\/strong>, ha asegurado hoy en la rueda de prensa telem\u00e1tica que \u00abestamos ante una ca\u00edda econ\u00f3mica sin precedentes en la historia\u00bb, y que ante este escenario, <strong>\u00absolo a trav\u00e9s del di\u00e1logo, el consenso y el acuerdo podremos poner las bases de un nuevo proyecto econ\u00f3mico que no solo permita salir de la pandemia econ\u00f3mica, sino que tambi\u00e9n consolide un modelo de futuro, un modelo para el siglo XXI que no puede ser solo una reedici\u00f3n del modelo actual\u00bb<\/strong>.<\/p>\n<p><strong>Asegurar el cobro de los erte\u2019s a todos los trabajadores afectados sin acumular ni un\u00a0 s\u00f3lo retraso m\u00e1s; despejar los interrogantes respecto a la legislaci\u00f3n laboral \u2013muy especialmente a partir del RD Ley 18 del 12 de mayo-; flexibilizar los ajustes temporales con financiaci\u00f3n hasta el 30 de diciembre;\u00a0 y reforzar la financiaci\u00f3n de pymes y aut\u00f3nomos con nuevas l\u00edneas de avales ICO -70.000 \u20ac m\u00e1s-, y otros mecanismos para reforzar el capital de las empresas, son algunas de las m\u00e1s importantes prioridades que la Junta Directiva de Foment del Treball, plante\u00f3 ayer que deben ser asumidas por el Gobierno para facilitar la reactivaci\u00f3n de la econom\u00eda y la recuperaci\u00f3n del empleo.<\/strong><\/p>\n<p>Ante las previsiones de una recuperaci\u00f3n m\u00e1s lenta de la inicialmente prevista, la afectaci\u00f3n de algunos de los sectores industriales que m\u00e1s aportan a la econom\u00eda catalana \u2013como el de la automoci\u00f3n y el tur\u00edstico, entre otros-\u00a0 y la transformaci\u00f3n de los\u00a0 modelos de trabajo con la irrupci\u00f3n del teletrabajo, los miembros de la Junta Directiva decidieron aprobar por unanimidad la propuesta de un <strong>gran Pacto Institucional\u00a0\u00a0 entre el gobierno del Estado, los partidos pol\u00edticos, las comunidades aut\u00f3nomas, las corporaciones locales, los empresarios, los sindicatos y la sociedad civil para complementar los trabajos que realice la Comisi\u00f3n de la reconstrucci\u00f3n de la Econom\u00eda en el Congreso de los Diputados y combatir as\u00ed la recesi\u00f3n provocada por la crisis de la COVID 19. Facilitar la reactivaci\u00f3n de la econom\u00eda, la recuperaci\u00f3n del empleo y evitar la desaparici\u00f3n de empresas.<\/strong><\/p>\n<p>S\u00e1nchez Llibre tambi\u00e9n ha reclamado que es indispensable un cambio radical del plan de movilidad de Barcelona que ha dise\u00f1ado la alcaldesa Ada Colau para que no sea un obst\u00e1culo para la recuperaci\u00f3n econ\u00f3mica de la ciudad, del comercio, del turismo, etc.: \u00abEl 57% del sector del comercio en Barcelona proviene de no residentes en la ciudad. El modelo de movilidad planteado desde el Ayuntamiento pone en peligro m\u00e1s de la mitad de los puestos de trabajo de este sector\u00bb, ha destacado.<\/p>\n<p><span style=\"color: #c1002b;\"><strong>1. Colaboraci\u00f3n p\u00fablicoprivada<\/strong><\/span><\/p>\n<p>M\u00e1s que nunca, el contexto actual precisa abrir nuevas oportunidades en la reactivaci\u00f3n econ\u00f3mica. Las administraciones p\u00fablicas y los diferentes gobiernos deber\u00edan aprovechar la eficiencia demostrada del tejido industrial y empresarial durante el periodo de confinamiento, y modernizar as\u00ed el tejido industrial, y afrontar los d\u00e9ficits y los retos de futuro.<\/p>\n<p>La colaboraci\u00f3n p\u00fablicoprivada tiene especial trascendencia en los gran proyectos estructurales de un pa\u00eds como las infraestructuras, la movilidad, la gesti\u00f3n del agua, la vivienda de alquiler, la sanidad. Barcelona cuenta adem\u00e1s con las bases para liderar cambios estructurales en algunos de estos sectores a trav\u00e9s de concesiones que eviten el uso de recursos presupuestarios. Es el caso de la gesti\u00f3n del agua y la sanidad.<\/p>\n<p><span style=\"color: #c1002b;\"><strong>2. ERTE hasta el 30 de diciembre<\/strong><\/span><\/p>\n<p>Los errores registrados en la gesti\u00f3n de los ERTE \u2013uno de los principales\u00a0 instrumentos\u00a0 aprobados para dar ox\u00edgeno\u00a0 y evitar el incremento del paro en los primeros meses de la crisis sanitaria- se han saldado con miles de trabajadores afectados que han acumulado retrasos en el cobro. Esta circunstancia, junto con la indefinici\u00f3n de la legislaci\u00f3n laboral \u2013muy especialmente a partir del Real decreto 18, del 12 de mayo- y el fin de los ERTE con ayuda p\u00fablica el 30 de junio, genera una gran incertidumbre, tanto entre los empresarios como entre los trabajadores.<\/p>\n<p>Foment entiende\u00a0 que debe ponerse fin a esta situaci\u00f3n, a la vez que se moderniza y flexibiliza toda la normativa laboral, incluida la incorporaci\u00f3n de modelos de \u00e9xito como el \u201cKurzarbeit\u201d alem\u00e1n o austr\u00edaco, que acorta la jornada laboral ante la ca\u00edda de la demanda, pero introduce la formaci\u00f3n de los trabajadores, tan cotizada por los trabajadores como por las empresas.<\/p>\n<p><span style=\"color: #c1002b;\"><strong>3. 70.000 M\u20ac m\u00e1s de cr\u00e9ditos ICO<\/strong><\/span><\/p>\n<p>3.1. Los cr\u00e9ditos ICO han sido una buena, pero in suficiente, iniciativa. <strong>Deben instrumentarse los recursos necesarios para alcanzar los 100.000 M\u20ac (todav\u00eda faltan en torno a 20.000) e incluso sumar\u00a0 nuevas l\u00edneas de aval por un importe de 70.000 M\u20ac para los sectores m\u00e1s afectados por la crisis<\/strong>, como pueden ser turismo, comercio, restauraci\u00f3n, cultura, deportes, etc.; orientados a pimes y aut\u00f3nomos. Tambi\u00e9n se deben arbitrar otros mecanismos para reforzar el capital de las empresas, igual que en el resto de los pa\u00edses europeos.<\/p>\n<p>3.2. Foment insiste en aplazar el pago durante seis meses (cuatro sin intereses) de los impuestos de la Seguridad Social, IVA,\u00a0 e IRPF correspondiente al 2\u00ba trimestre del 2020.<\/p>\n<p><span style=\"color: #c1002b;\"><strong>4. Seguridad ciudadana<\/strong><\/span><\/p>\n<p>Se constata el incremento de la inseguridad ante la continuada percepci\u00f3n de\u00a0 impunidad de los delitos reiterados y recincidentes. La inseguridad ciudadana tiene el riesgo de incrementarse \u00a0con incidentes que ya se est\u00e1n registrando en nuestras ciudades. Por este motivo, Foment\u00a0 insiste en iniciar con car\u00e1cter inmediato la reforma del C\u00f3digo Penal y \u00a0crear juzgados especiales de instrucci\u00f3n para la seguridad ciudadana,\u00a0 impulsando nuevas pol\u00edticas de seguridad y prevenci\u00f3n.<\/p>\n<p>Es imprescindible mejorar la respuesta del C\u00f3digo Penal a la multireincidencia en los peque\u00f1os hurtos, es decir, aquellas sustracciones que se producen sin violencia ni intimidaci\u00f3n por valor de menos de 400 \u20ac, imponiendo penas privativas de libertad.<\/p>\n<p>Se trata de un proceso largo al tratarse de una ley org\u00e1nica, y por la materia, requiere de informes obligatorios (Consejo Fiscal, CGPJ, probablemente Consejo de Estado, etc.). Tal y como Foment avanz\u00f3 en septiembre de 2019 <strong>ser\u00eda m\u00e1s \u00e1gil tramitarlo como proposici\u00f3n de ley.<\/strong><\/p>\n<p><span style=\"color: #c1002b;\"><strong>5. Apoyo a la iniciativa emprendedora, innovaci\u00f3n y transformaci\u00f3n digital<\/strong><\/span><\/p>\n<p>Todas las pol\u00edticas y programas de apoyo a la innovaci\u00f3n y digitalizaci\u00f3n deben ejecutarse y, en ning\u00fan caso, suspenderse por la crisis econ\u00f3mica para atender otros objetivos que ahora se plantean de m\u00e1xima urgencia. No se debe olvidar que la innovaci\u00f3n y digitalizaci\u00f3n de la econom\u00eda son factores clave para la competitividad. As\u00ed se incluyen tambi\u00e9n los fondos de formaci\u00f3n que deben focalizarse en la preparaci\u00f3n de los recursos y habilidades para el desarrollo del talento digital.<\/p>\n<p><span style=\"color: #c1002b;\"><strong>6. Pol\u00edtica fiscal antic\u00edclica para estimular la econom\u00eda y la recuperaci\u00f3n de la demanda<\/strong><\/span><\/p>\n<p>Impulsar una pol\u00edtica fiscal antic\u00edclica para estimular la econom\u00eda y la recuperaci\u00f3n de la demanda.\u00a0 Esto permitir\u00eda invertir en formaci\u00f3n, promover las eficiencia del gasto y la gesti\u00f3n prudente del crecimiento del d\u00e9ficit p\u00fablico.<\/p>\n<p>6.1. Medidas para impulsar la compra de veh\u00edculos<\/p>\n<p>6.2. Impulso del sector tur\u00edstico<\/p>\n<p>6.3. IVA reducido para los gimnasios, sepelios, suministro de agua, gas i electricidad, parques de atracciones, peluquer\u00edas, coste de la energ\u00eda empleada en los regad\u00edos.<\/p>\n<p>6.4. IVA super reducido del sector c\u00e1rnico y pesca, y a todos los sectores asociales del sector privado<\/p>\n<p>6.5. Plan de incentivos fiscales a las inversiones en 2020 y 2021; a la compra de material COVID en 2020 y 2021; a los servicios orientados a la digitalizaci\u00f3n en 2020 y 2021: tipo reducido para los beneficios no distribuidos en 2020 y 2021.<\/p>\n<p>Moratoria fiscal para impuestos por nuevas actividades que se creen durante este a\u00f1o. Hay que facilitar la creaci\u00f3n de nuevas empresas y que puedan pagar sus impuestos a partir del 2021.<\/p>\n<p>6.5. Plan estimado del sector de la construcci\u00f3n y rehabilitaci\u00f3n, programa de impulso de nuevas viviendas tanto de alquiler como de compra<\/p>\n<p>6.6. Pol\u00edtica industrial. Planes competitividad<\/p>\n<p>6.7. Plan de Choque para:<\/p>\n<p>Actividades culturales<\/p>\n<p>Actividades deportivas<\/p>\n<p>Actividades comerciales<\/p>\n<p>Actividades profesionales (peluquer\u00edaS, centros de ocio..)<\/p>\n<p>Restauraci\u00f3n y celebraci\u00f3n de eventos<\/p>\n<ul>\n<li>Facilitar la utilizaci\u00f3n del remanentes de los Ayuntamientos y de la administraci\u00f3n local para hacer frente a la crisis.<\/li>\n<\/ul>\n<p><span style=\"color: #c1002b;\"><strong>8. Internacionalizaci\u00f3n. Lobby ante la UE para la presencia de nuestras empresas en el mundo<\/strong><\/span><\/p>\n<p>7.1. Los fondos europeos para la reconstrucci\u00f3n no estar\u00e1n a disposici\u00f3n de la econom\u00eda espa\u00f1ola y, por tanto, de las empresas hasta el segundo semestre del a\u00f1o 2021. La econom\u00eda espa\u00f1ola necesita el capital de manera inmediata para no agravar a\u00fan m\u00e1s la crisis econ\u00f3mica como consecuencia del par\u00f3n de la actividad y del consumo.<\/p>\n<p>El endeudamiento de Espa\u00f1a alcanzar\u00e1 el 120% del PIB y, aunque es cierto que se colocan con \u00e9xito las emisiones de deuda p\u00fablica, una parte importante se financiar\u00e1\u00a0 con recursos europeos ya que en caso contrario ir\u00e1\u00a0 a cargo del incremento de la presi\u00f3n fiscal para empresas y ciudadanos&#8230; Espa\u00f1a debe plantearse una acci\u00f3n de lobby en Europa junto a Francia, Italia, Grecia y Portugal.<\/p>\n<p>7.2 .-Es necesario iniciar la elaboraci\u00f3n de proyectos s\u00f3lidos y estructurales que crezcan en torno a los fondos europeos para la reconstrucci\u00f3n de la econom\u00eda y que incrementen la presencia de nuestras empresas en el mundo.<\/p>\n<p><span style=\"color: #c1002b;\"><strong>Mesa de la Automoci\u00f3n y la Movilidad<\/strong><\/span><\/p>\n<p>La Mesa de la Automoci\u00f3n y la Movilidad de Catalunya ha iniciado sus trabajos para plantear un escenario realista para la viabilidad de la potente industria del autom\u00f3vil en Catalunya. En las pr\u00f3ximas semanas la agenda es intensa y ante los integrantes de la Mesa intervendr\u00e1n\u00a0 los m\u00e1s destacados agentes del sector.<\/p>\n<p>Una vez m\u00e1s la inmediatez marca la agenda y la Junta Directiva ha manifestado expl\u00edcitamente un planteamiento que responda a las necesidades actuales del mercado con la advertencia de que la electrificaci\u00f3n de los veh\u00edculos es un planteamiento esencial, pero que el mercado a\u00fan no est\u00e1 preparado para el consumo de estos veh\u00edculos.<\/p>\n<p><span style=\"color: #c1002b;\"><strong>Mesa del Modelo Urbano del Ayuntamiento de Barcelona<\/strong><\/span><\/p>\n<p>Foment del Treball se pone a disposici\u00f3n del ayuntamiento de Barcelona para contribuir al cambio de modelo\u00a0 y revisar el impulso del consistorio al nuevo plan de movilidad en colaboraci\u00f3n con las empresas del sector de la automoci\u00f3n, tecnol\u00f3gicas y de infraestructuras.\u00a0 S\u00f3lo el sector del autom\u00f3vil ocupa a 143.000 trabajadores en Catalunya.<\/p>\n<p>Barcelona debe mantener la calidad del transporte p\u00fablico y adaptarlo a la\u00a0 nueva situaci\u00f3n, pero tambi\u00e9n debe facilitar la movilidad del veh\u00edculo privado y su uso compartido. Es necesario impulsar la renovaci\u00f3n del parque de veh\u00edculos para contribuir a la reducci\u00f3n de emisiones y facilitar el acceso a ayudas p\u00fablicas para la progresiva sustituci\u00f3n de los veh\u00edculos m\u00e1s contaminantes.<\/p>\n<p>El reto se debe afrontar desde la colaboraci\u00f3n p\u00fablico privada. Por ello se pide al ayuntamiento que incorpore el conocimiento, los recursos y las necesidades del sector privado en el retorno a la nueva normalidad para que Barcelona recupere lo antes posible el dinamismo y la vitalidad de la principal ciudad mediterr\u00e1nea del sur de Europa.[\/vc_column_text]<div class=\"flexslider wpb_content_element\"><ul class=\"slides\"><li><img src=\"https:\/\/www.foment.com\/wp-content\/uploads\/2020\/06\/rdp_telem\u00e1tica_090620_2.jpeg\" alt=\"\" \/><\/li><li><img src=\"https:\/\/www.foment.com\/wp-content\/uploads\/2020\/06\/rdp_telem\u00e1tica_090620_3.jpeg\" alt=\"\" \/><\/li><\/ul><\/div>[\/vc_column][\/vc_row]<\/p>\n<\/section>","protected":false},"excerpt":{"rendered":"<p>[vc_row][vc_column][vc_column_text] Aclarar la legislaci\u00f3n laboral, flexibilizar los ERTE hasta el 30 diciembre, garantizar su pago y una pol\u00edtica fiscal antic\u00edclica, contin\u00faan entre las principales medidas que deben tomarse de forma inmediata. El pacto institucional debe contar con la participaci\u00f3n de todos los agentes sectoriales, pol\u00edticos e institucionales para complementar la Comisi\u00f3n de la Reconstrucci\u00f3n de la Econom\u00eda del Congreso de los Diputados. Las previsiones de una recuperaci\u00f3n m\u00e1s lenta, junto con la afectaci\u00f3n de sectores econ\u00f3micos clave y la transformaci\u00f3n de los modelos de trabajo, aconsejan decisiones que aporten respuestas inmediatas. Es necesario un cambio radical del plan de movilidad de Barcelona que ha dise\u00f1ado la alcaldesa Ada Colau para que no sea un obst\u00e1culo para la recuperaci\u00f3n econ\u00f3mica de la ciudad, del comercio, del turismo, etc.: \u00abEl 57% del sector comercio de Barcelona proviene de no residentes en la ciudad. El modelo de movilidad planteado desde el Ayuntamiento ponea en peligro m\u00e1s de la mitad de los puestos de trabajo de este sector\u00bb, ha destacado S\u00e1nchez Llibre. El presidente de Foment del Treball, Josep S\u00e1nchez Llibre, ha asegurado hoy en la rueda de prensa telem\u00e1tica que \u00abestamos ante una ca\u00edda econ\u00f3mica sin precedentes en la historia\u00bb, y que ante [&hellip;]<\/p>\n","protected":false},"author":10,"featured_media":93328,"comment_status":"closed","ping_status":"closed","sticky":false,"template":"","format":"standard","meta":{"_links_to":"","_links_to_target":""},"categories":[2735,114,68],"tags":[2589,3101,3021,994,3561],"acf":[],"wps_subtitle":"Es necesaria la prolongaci\u00f3n de los ERTE y asegurar su pago hasta el 30 de diciembre","_links":{"self":[{"href":"https:\/\/www.foment.com\/es\/wp-json\/wp\/v2\/posts\/93292"}],"collection":[{"href":"https:\/\/www.foment.com\/es\/wp-json\/wp\/v2\/posts"}],"about":[{"href":"https:\/\/www.foment.com\/es\/wp-json\/wp\/v2\/types\/post"}],"author":[{"embeddable":true,"href":"https:\/\/www.foment.com\/es\/wp-json\/wp\/v2\/users\/10"}],"replies":[{"embeddable":true,"href":"https:\/\/www.foment.com\/es\/wp-json\/wp\/v2\/comments?post=93292"}],"version-history":[{"count":5,"href":"https:\/\/www.foment.com\/es\/wp-json\/wp\/v2\/posts\/93292\/revisions"}],"predecessor-version":[{"id":93361,"href":"https:\/\/www.foment.com\/es\/wp-json\/wp\/v2\/posts\/93292\/revisions\/93361"}],"wp:featuredmedia":[{"embeddable":true,"href":"https:\/\/www.foment.com\/es\/wp-json\/wp\/v2\/media\/93328"}],"wp:attachment":[{"href":"https:\/\/www.foment.com\/es\/wp-json\/wp\/v2\/media?parent=93292"}],"wp:term":[{"taxonomy":"category","embeddable":true,"href":"https:\/\/www.foment.com\/es\/wp-json\/wp\/v2\/categories?post=93292"},{"taxonomy":"post_tag","embeddable":true,"href":"https:\/\/www.foment.com\/es\/wp-json\/wp\/v2\/tags?post=93292"}],"curies":[{"name":"wp","href":"https:\/\/api.w.org\/{rel}","templated":true}]}}