{"id":93626,"date":"2020-06-11T10:12:03","date_gmt":"2020-06-11T08:12:03","guid":{"rendered":"https:\/\/www.foment.com\/comissio-europea-recomana-aixecament-parcial-i-gradual-restriccions-viatge-ue\/"},"modified":"2020-06-13T10:41:42","modified_gmt":"2020-06-13T08:41:42","slug":"comision-europea-recomiend-levantamiento-parcial-y-gradual-restricciones-viaje-ue","status":"publish","type":"post","link":"https:\/\/www.foment.com\/es\/comision-europea-recomiend-levantamiento-parcial-y-gradual-restricciones-viaje-ue\/","title":{"rendered":"La Comisi\u00f3n Europea recomienda el levantamiento parcial y gradual de las restricciones de viaje a la UE a partir del 30 de junio"},"content":{"rendered":"<p>La Comisi\u00f3n Europea (CE) invit\u00f3 el pasado 16 de marzo a los Jefes de Estado y de Gobierno a introducir una <a href=\"https:\/\/eur-lex.europa.eu\/legal-content\/ES\/TXT\/PDF\/?uri=CELEX:52020DC0115&amp;from=EN\"><strong>restricci\u00f3n temporal a los viajes no esenciales a la UE<\/strong><\/a><strong> por un<\/strong> <strong>per\u00edodo inicial de 30 d\u00edas<\/strong><strong>, extendi\u00e9ndolo en dos ocasiones hasta el 15 de junio<\/strong>.<\/p>\n<p>Siguiendo la presentaci\u00f3n de un <strong>paquete de pautas y recomendaciones<\/strong> para ayudar a los Estados miembros (EEMM) a levantar gradualmente las restricciones de viaje, la CE <a href=\"https:\/\/ec.europa.eu\/info\/files\/communication-third-assessment-application-temporary-restriction-non-essential-travel-eu_en\"><strong>ha recomendado<\/strong><\/a> a los Estados Miembros de Schengen <strong>(incluidos Bulgaria, Croacia, Chipre y Rumania)<\/strong> y a los 4 Estados asociados de Schengen <strong>(Islandia, Liechtenstein, Noruega y Suiza) <\/strong>el <strong>levantamiento de los controles fronterizos internos antes del 15 de junio de 2020<\/strong> y el <strong>prolongamiento de la restricci\u00f3n temporal de los viajes no esenciales a la UE hasta el 30 de junio de 2020<\/strong>.<\/p>\n<p>La CE ha establecido asimismo un <strong>enfoque claro y flexible<\/strong> para <strong>levantar progresivamente las restricciones<\/strong> a los viajes a la UE a partir del 1 de julio <strong>con pa\u00edses cuya situaci\u00f3n de salud es similar a la de la UE <\/strong>y para <strong>reanudar las operaciones de visado.<\/strong><\/p>\n<p><span style=\"color: #c1002b;\"><strong>Eliminaci\u00f3n gradual las restricciones para viajar a la UE<\/strong><\/span><\/p>\n<p><strong>\u00a0<\/strong>Dado que la situaci\u00f3n sanitaria en determinados terceros pa\u00edses sigue siendo cr\u00edtica, <strong>la CE no propone un levantamiento general de la restricci\u00f3n de viaje<\/strong>. Las acciones en las fronteras exteriores de la UE deben ser <strong>coordinadas y uniformes<\/strong> para ser efectivas, por lo que los EEMM deber\u00edan <strong>acordar una lista com\u00fan de pa\u00edses<\/strong> no pertenecientes a la UE para los que se pueden levantar las restricciones de viaje a partir del 1 de julio, <strong>que se revisar\u00e1 peri\u00f3dicamente<\/strong>.<\/p>\n<p>La restricci\u00f3n debe levantarse en base a un <strong>conjunto de principios y criterios objetivos<\/strong> que incluyen la <strong>situaci\u00f3n epidemiol\u00f3gica<\/strong>, <strong>la capacidad de aplicar medidas de contenci\u00f3n durante el viaje<\/strong> y <strong>consideraciones de reciprocidad<\/strong>, teniendo en cuenta los datos de fuentes relevantes como el Centro Europeo para la Prevenci\u00f3n y Control de Enfermedades (ECDC) y la Organizaci\u00f3n Mundial de la Salud (OMS).<\/p>\n<p>La CE propone una <a href=\"https:\/\/ec.europa.eu\/info\/files\/annex-communication-third-assessment-application-temporary-restriction-non-essential-travel-eu_en\"><strong>lista de verificaci\u00f3n<\/strong><\/a> detallada para ayudar a los EEMM a llegar a una evaluaci\u00f3n com\u00fan.<\/p>\n<p>En l\u00ednea con la lista de verificaci\u00f3n propuesta, la CE <strong>recomienda levantar las restricciones de viaje para Albania, Bosnia y Herzegovina, Kosovo, Montenegro, Macedonia del Norte y Serbia<\/strong> a partir del 1 de julio, dado que su situaci\u00f3n epidemiol\u00f3gica es similar o mejor que la de la UE.<\/p>\n<p>Cuando las restricciones de viaje contin\u00faen aplic\u00e1ndose, los EEMM deber\u00e1n asegurarse de que <strong>quienes viajan para estudiar est\u00e9n exentos, junto con los trabajadores altamente calificados no pertenecientes a la UE si su empleo es necesario<\/strong> desde una perspectiva econ\u00f3mica y el trabajo no puede posponerse o realizarse en el extranjero. Los ciudadanos de la UE, los ciudadanos de los Estados asociados a Schengen y los ciudadanos no pertenecientes a la UE que residen legalmente en la UE, as\u00ed como los miembros de su familia, tambi\u00e9n deben estar <strong>exentos de la restricci\u00f3n de viaje,<\/strong> independientemente de si est\u00e1n regresando o no a sus hogares, como era el caso hasta ahora.<\/p>\n<p>Ser\u00e1 posible <strong>reintroducir restricciones de viaje para un pa\u00eds espec\u00edfico<\/strong> si los criterios ya no se cumplen. Adem\u00e1s, los EEMM podr\u00e1n <strong>denegar la entrada a los viajeros <\/strong>no pertenecientes a la UE que presenten una amenaza para la salud p\u00fablica, incluso si provienen de un pa\u00eds para el que se levantaron las restricciones.<\/p>\n<p><span style=\"color: #c1002b;\"><strong>Reanudaci\u00f3n de las operaciones de visado<\/strong><\/span><\/p>\n<p>La mayor\u00eda de los EEMM decidieron suspender o reducir el procesamiento de las solicitudes de visa como parte de las medidas relacionadas con la pandemia. Los viajeros <strong>deber\u00e1n poder acceder nuevamente a los servicios de visado<\/strong> y los EEMM deber\u00e1n <strong>sincronizar la reanudaci\u00f3n de las operaciones de visado con el levantamiento de las restricciones de viaje<\/strong>. Por ello, la CE ha presentado una <a href=\"https:\/\/ec.europa.eu\/info\/files\/guidance-phased-and-coordinated-resumption-visa-operations_en\"><strong>gu\u00eda<\/strong><\/a> para una <strong>reanudaci\u00f3n<\/strong> gradual y coordinada de las operaciones de visado.<\/p>\n<p>Un <strong>enfoque armonizado<\/strong> se lograr\u00e1 a trav\u00e9s de consulados que reanuden simult\u00e1neamente las operaciones en cada ubicaci\u00f3n y mediante la implementaci\u00f3n completa de las <a href=\"https:\/\/eur-lex.europa.eu\/legal-content\/EN\/TXT\/?uri=CELEX:02009R0810-20200202\">normas de visado de la UE<\/a>, junto con una buena comunicaci\u00f3n hacia el p\u00fablico. La gu\u00eda tambi\u00e9n cubre <strong>medidas de higiene<\/strong> y precauciones para recibir solicitantes de visado.<\/p>\n<p>Finalmente, si un EEMM requiere <strong>controles de salud<\/strong>, estos deber\u00e1n realizarse en el momento del viaje o poco antes, en lugar de al solicitar un visado; y deber\u00e1n aplicarse a todos los viajeros de un lugar determinado, independientemente de su nacionalidad o estado de visado.<\/p>\n","protected":false},"excerpt":{"rendered":"<p>La Comisi\u00f3n Europea (CE) invit\u00f3 el pasado 16 de marzo a los Jefes de Estado y de Gobierno a introducir una restricci\u00f3n temporal a los viajes no esenciales a la UE por un per\u00edodo inicial de 30 d\u00edas, extendi\u00e9ndolo en dos ocasiones hasta el 15 de junio. Siguiendo la presentaci\u00f3n de un paquete de pautas y recomendaciones para ayudar a los Estados miembros (EEMM) a levantar gradualmente las restricciones de viaje, la CE ha recomendado a los Estados Miembros de Schengen (incluidos Bulgaria, Croacia, Chipre y Rumania) y a los 4 Estados asociados de Schengen (Islandia, Liechtenstein, Noruega y Suiza) el levantamiento de los controles fronterizos internos antes del 15 de junio de 2020 y el prolongamiento de la restricci\u00f3n temporal de los viajes no esenciales a la UE hasta el 30 de junio de 2020. La CE ha establecido asimismo un enfoque claro y flexible para levantar progresivamente las restricciones a los viajes a la UE a partir del 1 de julio con pa\u00edses cuya situaci\u00f3n de salud es similar a la de la UE y para reanudar las operaciones de visado. Eliminaci\u00f3n gradual las restricciones para viajar a la UE \u00a0Dado que la situaci\u00f3n sanitaria en determinados terceros [&hellip;]<\/p>\n","protected":false},"author":10,"featured_media":93624,"comment_status":"closed","ping_status":"closed","sticky":false,"template":"","format":"standard","meta":{"_links_to":"","_links_to_target":""},"categories":[2735,114,1667],"tags":[3589,1298,243,3590,3591],"acf":[],"wps_subtitle":"La restricci\u00f3n debe levantarse en base a un conjunto de principios y criterios objetivos","_links":{"self":[{"href":"https:\/\/www.foment.com\/es\/wp-json\/wp\/v2\/posts\/93626"}],"collection":[{"href":"https:\/\/www.foment.com\/es\/wp-json\/wp\/v2\/posts"}],"about":[{"href":"https:\/\/www.foment.com\/es\/wp-json\/wp\/v2\/types\/post"}],"author":[{"embeddable":true,"href":"https:\/\/www.foment.com\/es\/wp-json\/wp\/v2\/users\/10"}],"replies":[{"embeddable":true,"href":"https:\/\/www.foment.com\/es\/wp-json\/wp\/v2\/comments?post=93626"}],"version-history":[{"count":3,"href":"https:\/\/www.foment.com\/es\/wp-json\/wp\/v2\/posts\/93626\/revisions"}],"predecessor-version":[{"id":93629,"href":"https:\/\/www.foment.com\/es\/wp-json\/wp\/v2\/posts\/93626\/revisions\/93629"}],"wp:featuredmedia":[{"embeddable":true,"href":"https:\/\/www.foment.com\/es\/wp-json\/wp\/v2\/media\/93624"}],"wp:attachment":[{"href":"https:\/\/www.foment.com\/es\/wp-json\/wp\/v2\/media?parent=93626"}],"wp:term":[{"taxonomy":"category","embeddable":true,"href":"https:\/\/www.foment.com\/es\/wp-json\/wp\/v2\/categories?post=93626"},{"taxonomy":"post_tag","embeddable":true,"href":"https:\/\/www.foment.com\/es\/wp-json\/wp\/v2\/tags?post=93626"}],"curies":[{"name":"wp","href":"https:\/\/api.w.org\/{rel}","templated":true}]}}